{"id":13138,"date":"2019-02-27T22:36:31","date_gmt":"2019-02-28T01:36:31","guid":{"rendered":"http:\/\/www.polisrecreio.com.br\/site\/?p=13138"},"modified":"2019-02-27T22:49:52","modified_gmt":"2019-02-28T01:49:52","slug":"prefeito-de-recreio-vai-cumprir-compromisso-de-pagar-incentivo-do-pmaq-nesta-quinta-feira-mais-de-r-72-mil","status":"publish","type":"post","link":"https:\/\/www.polisrecreio.com.br\/site\/2019\/02\/27\/prefeito-de-recreio-vai-cumprir-compromisso-de-pagar-incentivo-do-pmaq-nesta-quinta-feira-mais-de-r-72-mil\/","title":{"rendered":"Prefeito de Recreio vai cumprir compromisso de pagar incentivo do PMAQ nesta quinta-feira: mais de R$ 72 mil"},"content":{"rendered":"<p style=\"text-align: justify;\">No final de janeiro, o prefeito de Recreio, Jos\u00e9 Maria Barros, garantiu que pagaria na folha salarial de fevereiro o incentivo do Programa de Melhoria de Acesso e da Qualidade da Aten\u00e7\u00e3o B\u00e1sica \u201cPMAQ\u201d. E, nesta quinta-feira (28) o compromisso ser\u00e1 cumprido. Ser\u00e3o mais de R$ 72 mil.<\/p>\n<p><!--more--><\/p>\n<figure id=\"attachment_12515\" aria-describedby=\"caption-attachment-12515\" style=\"width: 750px\" class=\"wp-caption aligncenter\"><a href=\"http:\/\/www.polisrecreio.com.br\/site\/wp-content\/uploads\/2019\/01\/DSC_0444.jpg\"><img loading=\"lazy\" class=\"size-full wp-image-12515\" src=\"http:\/\/www.polisrecreio.com.br\/site\/wp-content\/uploads\/2019\/01\/DSC_0444.jpg\" alt=\"\" width=\"750\" height=\"500\" srcset=\"https:\/\/www.polisrecreio.com.br\/site\/wp-content\/uploads\/2019\/01\/DSC_0444.jpg 750w, https:\/\/www.polisrecreio.com.br\/site\/wp-content\/uploads\/2019\/01\/DSC_0444-300x200.jpg 300w\" sizes=\"(max-width: 750px) 100vw, 750px\" \/><\/a><figcaption id=\"caption-attachment-12515\" class=\"wp-caption-text\">Prefeito de Recreio, Jos\u00e9 Maria Barros.<\/figcaption><\/figure>\n<p style=\"text-align: justify;\">Segundo informa\u00e7\u00f5es, o crit\u00e9rio para o pagamento do incentivo referente ao ano base 2018 ser\u00e1 o mesmo utilizado para o ano base 2017 (pago em fevereiro de 2018), ou seja, R$ 100 por m\u00eas trabalhado. Sobre os valores h\u00e1 desconto de INSS, conforme os arts. 28, I, da Lei n\u00ba 8.212\/91 e 214, I, do RPS, aprovado pelo Decreto n\u00ba 3.048\/99.<\/p>\n<p style=\"text-align: justify;\">Os valores federais repassados atrav\u00e9s do PMAQ s\u00e3o utilizados para manuten\u00e7\u00e3o de Unidades B\u00e1sicas de Sa\u00fade. Em caso de saldo dispon\u00edvel, quando n\u00e3o h\u00e1 uma legisla\u00e7\u00e3o municipal espec\u00edfica que determine as porcentagens para manuten\u00e7\u00e3o das UBS&#8217;s e para incentivo aos servidores, o restante \u00e9 assegurado para incentivo pecuni\u00e1rio aos profissionais da \u00e1rea.<\/p>\n<p style=\"text-align: justify;\">O compromisso do prefeito de pagar o PMAQ na folha salarial de fevereiro aconteceu em 29 de janeiro durante uma reuni\u00e3o com representantes do Sindicato dos Servidores P\u00fablicos; e participa\u00e7\u00e3o do procurador Jur\u00eddico, Luiz Henrique Gessualdi; do secret\u00e1rio de Sa\u00fade, Marcelo Dias Barbosa; e do presidente da C\u00e2mara Municipal, Pororoca.<\/p>\n<p>&nbsp;<\/p>\n","protected":false},"excerpt":{"rendered":"<p>No final de janeiro, o prefeito de Recreio, Jos\u00e9 Maria Barros, garantiu que pagaria na folha salarial de fevereiro o incentivo do Programa de Melhoria de Acesso e da Qualidade da Aten\u00e7\u00e3o B\u00e1sica \u201cPMAQ\u201d. E, nesta quinta-feira (28) o compromisso ser\u00e1 cumprido. Ser\u00e3o mais de R$ 72 mil.<\/p>\n","protected":false},"author":3,"featured_media":12515,"comment_status":"open","ping_status":"open","sticky":false,"template":"","format":"standard","meta":[],"categories":[7],"tags":[],"yoast_head":"<!-- This site is optimized with the Yoast SEO plugin v15.6.2 - https:\/\/yoast.com\/wordpress\/plugins\/seo\/ -->\n<meta name=\"robots\" content=\"index, follow, max-snippet:-1, max-image-preview:large, max-video-preview:-1\" \/>\n<link rel=\"canonical\" href=\"http:\/\/www.polisrecreio.com.br\/site\/2019\/02\/27\/prefeito-de-recreio-vai-cumprir-compromisso-de-pagar-incentivo-do-pmaq-nesta-quinta-feira-mais-de-r-72-mil\/\" \/>\n<meta property=\"og:locale\" content=\"pt_BR\" \/>\n<meta property=\"og:type\" content=\"article\" \/>\n<meta property=\"og:title\" content=\"Prefeito de Recreio vai cumprir compromisso de pagar incentivo do PMAQ nesta quinta-feira: mais de R$ 72 mil - P\u00f3lis Recreio\" \/>\n<meta property=\"og:description\" content=\"No final de janeiro, o prefeito de Recreio, Jos\u00e9 Maria Barros, garantiu que pagaria na folha salarial de fevereiro o incentivo do Programa de Melhoria de Acesso e da Qualidade da Aten\u00e7\u00e3o B\u00e1sica \u201cPMAQ\u201d. E, nesta quinta-feira (28) o compromisso ser\u00e1 cumprido. Ser\u00e3o mais de R$ 72 mil.\" \/>\n<meta property=\"og:url\" content=\"http:\/\/www.polisrecreio.com.br\/site\/2019\/02\/27\/prefeito-de-recreio-vai-cumprir-compromisso-de-pagar-incentivo-do-pmaq-nesta-quinta-feira-mais-de-r-72-mil\/\" \/>\n<meta property=\"og:site_name\" content=\"P\u00f3lis Recreio\" \/>\n<meta property=\"article:publisher\" content=\"https:\/\/www.facebook.com\/Site-P%c3%b3lis-Recreio-MG-181941708571019\/\" \/>\n<meta property=\"article:published_time\" content=\"2019-02-28T01:36:31+00:00\" \/>\n<meta property=\"article:modified_time\" content=\"2019-02-28T01:49:52+00:00\" \/>\n<meta property=\"og:image\" content=\"https:\/\/www.polisrecreio.com.br\/site\/wp-content\/uploads\/2019\/01\/DSC_0444.jpg\" \/>\n\t<meta property=\"og:image:width\" content=\"750\" \/>\n\t<meta property=\"og:image:height\" content=\"500\" \/>\n<meta name=\"twitter:card\" content=\"summary_large_image\" \/>\n<meta name=\"twitter:creator\" content=\"@PolisRecreio\" \/>\n<meta name=\"twitter:site\" content=\"@PolisRecreio\" \/>\n<meta name=\"twitter:label1\" content=\"Est. reading time\">\n\t<meta name=\"twitter:data1\" content=\"1 minuto\">\n<script type=\"application\/ld+json\" class=\"yoast-schema-graph\">{\"@context\":\"https:\/\/schema.org\",\"@graph\":[{\"@type\":\"WebSite\",\"@id\":\"https:\/\/www.polisrecreio.com.br\/site\/#website\",\"url\":\"https:\/\/www.polisrecreio.com.br\/site\/\",\"name\":\"P\\u00f3lis Recreio\",\"description\":\"\",\"potentialAction\":[{\"@type\":\"SearchAction\",\"target\":\"https:\/\/www.polisrecreio.com.br\/site\/?s={search_term_string}\",\"query-input\":\"required name=search_term_string\"}],\"inLanguage\":\"pt-BR\"},{\"@type\":\"ImageObject\",\"@id\":\"http:\/\/www.polisrecreio.com.br\/site\/2019\/02\/27\/prefeito-de-recreio-vai-cumprir-compromisso-de-pagar-incentivo-do-pmaq-nesta-quinta-feira-mais-de-r-72-mil\/#primaryimage\",\"inLanguage\":\"pt-BR\",\"url\":\"https:\/\/www.polisrecreio.com.br\/site\/wp-content\/uploads\/2019\/01\/DSC_0444.jpg\",\"width\":750,\"height\":500,\"caption\":\"Prefeito de Recreio, Jos\\u00e9 Maria Barros.\"},{\"@type\":\"WebPage\",\"@id\":\"http:\/\/www.polisrecreio.com.br\/site\/2019\/02\/27\/prefeito-de-recreio-vai-cumprir-compromisso-de-pagar-incentivo-do-pmaq-nesta-quinta-feira-mais-de-r-72-mil\/#webpage\",\"url\":\"http:\/\/www.polisrecreio.com.br\/site\/2019\/02\/27\/prefeito-de-recreio-vai-cumprir-compromisso-de-pagar-incentivo-do-pmaq-nesta-quinta-feira-mais-de-r-72-mil\/\",\"name\":\"Prefeito de Recreio vai cumprir compromisso de pagar incentivo do PMAQ nesta quinta-feira: mais de R$ 72 mil - P\\u00f3lis Recreio\",\"isPartOf\":{\"@id\":\"https:\/\/www.polisrecreio.com.br\/site\/#website\"},\"primaryImageOfPage\":{\"@id\":\"http:\/\/www.polisrecreio.com.br\/site\/2019\/02\/27\/prefeito-de-recreio-vai-cumprir-compromisso-de-pagar-incentivo-do-pmaq-nesta-quinta-feira-mais-de-r-72-mil\/#primaryimage\"},\"datePublished\":\"2019-02-28T01:36:31+00:00\",\"dateModified\":\"2019-02-28T01:49:52+00:00\",\"author\":{\"@id\":\"https:\/\/www.polisrecreio.com.br\/site\/#\/schema\/person\/3363c1c78e1e28e1329d97adb387638e\"},\"inLanguage\":\"pt-BR\",\"potentialAction\":[{\"@type\":\"ReadAction\",\"target\":[\"http:\/\/www.polisrecreio.com.br\/site\/2019\/02\/27\/prefeito-de-recreio-vai-cumprir-compromisso-de-pagar-incentivo-do-pmaq-nesta-quinta-feira-mais-de-r-72-mil\/\"]}]},{\"@type\":\"Person\",\"@id\":\"https:\/\/www.polisrecreio.com.br\/site\/#\/schema\/person\/3363c1c78e1e28e1329d97adb387638e\",\"name\":\"Leonardo Ribeiro\",\"image\":{\"@type\":\"ImageObject\",\"@id\":\"https:\/\/www.polisrecreio.com.br\/site\/#personlogo\",\"inLanguage\":\"pt-BR\",\"url\":\"https:\/\/secure.gravatar.com\/avatar\/6ba92a37d621e1a83e23710251178a12?s=96&d=mm&r=g\",\"caption\":\"Leonardo Ribeiro\"},\"sameAs\":[\"http:\/\/www.polisrecreio.com.br\"]}]}<\/script>\n<!-- \/ Yoast SEO plugin. -->","_links":{"self":[{"href":"https:\/\/www.polisrecreio.com.br\/site\/wp-json\/wp\/v2\/posts\/13138"}],"collection":[{"href":"https:\/\/www.polisrecreio.com.br\/site\/wp-json\/wp\/v2\/posts"}],"about":[{"href":"https:\/\/www.polisrecreio.com.br\/site\/wp-json\/wp\/v2\/types\/post"}],"author":[{"embeddable":true,"href":"https:\/\/www.polisrecreio.com.br\/site\/wp-json\/wp\/v2\/users\/3"}],"replies":[{"embeddable":true,"href":"https:\/\/www.polisrecreio.com.br\/site\/wp-json\/wp\/v2\/comments?post=13138"}],"version-history":[{"count":5,"href":"https:\/\/www.polisrecreio.com.br\/site\/wp-json\/wp\/v2\/posts\/13138\/revisions"}],"predecessor-version":[{"id":13143,"href":"https:\/\/www.polisrecreio.com.br\/site\/wp-json\/wp\/v2\/posts\/13138\/revisions\/13143"}],"wp:featuredmedia":[{"embeddable":true,"href":"https:\/\/www.polisrecreio.com.br\/site\/wp-json\/wp\/v2\/media\/12515"}],"wp:attachment":[{"href":"https:\/\/www.polisrecreio.com.br\/site\/wp-json\/wp\/v2\/media?parent=13138"}],"wp:term":[{"taxonomy":"category","embeddable":true,"href":"https:\/\/www.polisrecreio.com.br\/site\/wp-json\/wp\/v2\/categories?post=13138"},{"taxonomy":"post_tag","embeddable":true,"href":"https:\/\/www.polisrecreio.com.br\/site\/wp-json\/wp\/v2\/tags?post=13138"}],"curies":[{"name":"wp","href":"https:\/\/api.w.org\/{rel}","templated":true}]}}