{"id":13147,"date":"2019-02-28T11:38:05","date_gmt":"2019-02-28T14:38:05","guid":{"rendered":"http:\/\/www.polisrecreio.com.br\/site\/?p=13147"},"modified":"2019-02-28T11:38:46","modified_gmt":"2019-02-28T14:38:46","slug":"agora-e-oficial-ideal-e-c-e-recreio-e-c-estarao-frente-a-frente-na-copa-dos-campeoes-da-lec","status":"publish","type":"post","link":"https:\/\/www.polisrecreio.com.br\/site\/2019\/02\/28\/agora-e-oficial-ideal-e-c-e-recreio-e-c-estarao-frente-a-frente-na-copa-dos-campeoes-da-lec\/","title":{"rendered":"Agora \u00e9 oficial: Ideal E.C e Recreio E.C estar\u00e3o frente a frente na Copa dos Campe\u00f5es da LEC"},"content":{"rendered":"<p style=\"text-align: justify;\">A VII Copa dos Campe\u00f5es da Liga Esportiva de Cataguases \u201cLEC\u201d tem tudo para ser a maior da hist\u00f3ria do futebol regional neste ano, isto porque, enfim, depois de meio s\u00e9culo teremos Ideal E.C e Recreio E.C frente a frente.<\/p>\n<p><!--more--><\/p>\n<p><a href=\"http:\/\/www.polisrecreio.com.br\/site\/wp-content\/uploads\/2019\/02\/IdealRecreio.jpg\"><img loading=\"lazy\" class=\"aligncenter size-full wp-image-13148\" src=\"http:\/\/www.polisrecreio.com.br\/site\/wp-content\/uploads\/2019\/02\/IdealRecreio.jpg\" alt=\"\" width=\"1345\" height=\"581\" srcset=\"https:\/\/www.polisrecreio.com.br\/site\/wp-content\/uploads\/2019\/02\/IdealRecreio.jpg 1345w, https:\/\/www.polisrecreio.com.br\/site\/wp-content\/uploads\/2019\/02\/IdealRecreio-300x130.jpg 300w, https:\/\/www.polisrecreio.com.br\/site\/wp-content\/uploads\/2019\/02\/IdealRecreio-768x332.jpg 768w, https:\/\/www.polisrecreio.com.br\/site\/wp-content\/uploads\/2019\/02\/IdealRecreio-1024x442.jpg 1024w\" sizes=\"(max-width: 1345px) 100vw, 1345px\" \/><\/a><\/p>\n<p style=\"text-align: justify;\">O presidente da Liga Esportiva de Cataguases, Paulo Santana, confirmou via Facebook a presen\u00e7a dos dois times. Em contato com o Site P\u00f3lis, o presidente da LEC disse estar satisfeito com os trabalhos respons\u00e1veis que est\u00e3o sendo realizados nos clubes da cidade, tanto na parte administrativa como no futebol.<\/p>\n<p style=\"text-align: justify;\">A reuni\u00e3o da Liga Esportiva de Cataguases para definir regulamento, clubes participantes e outros assuntos referentes a Copa dos Campe\u00f5es est\u00e1 marcada para dia 14 de mar\u00e7o, na sede da entidade, em Cataguases. O Ideal \u00e9 o atual campe\u00e3o.<\/p>\n<p>&nbsp;<\/p>\n","protected":false},"excerpt":{"rendered":"<p>A VII Copa dos Campe\u00f5es da Liga Esportiva de Cataguases \u201cLEC\u201d tem tudo para ser a maior da hist\u00f3ria do futebol regional neste ano, isto porque, enfim, depois de meio s\u00e9culo teremos Ideal E.C e Recreio E.C frente a frente.<\/p>\n","protected":false},"author":3,"featured_media":13148,"comment_status":"open","ping_status":"open","sticky":false,"template":"","format":"standard","meta":[],"categories":[4],"tags":[],"yoast_head":"<!-- This site is optimized with the Yoast SEO plugin v15.6.2 - https:\/\/yoast.com\/wordpress\/plugins\/seo\/ -->\n<meta name=\"robots\" content=\"index, follow, max-snippet:-1, max-image-preview:large, max-video-preview:-1\" \/>\n<link rel=\"canonical\" href=\"http:\/\/www.polisrecreio.com.br\/site\/2019\/02\/28\/agora-e-oficial-ideal-e-c-e-recreio-e-c-estarao-frente-a-frente-na-copa-dos-campeoes-da-lec\/\" \/>\n<meta property=\"og:locale\" content=\"pt_BR\" \/>\n<meta property=\"og:type\" content=\"article\" \/>\n<meta property=\"og:title\" content=\"Agora \u00e9 oficial: Ideal E.C e Recreio E.C estar\u00e3o frente a frente na Copa dos Campe\u00f5es da LEC - P\u00f3lis Recreio\" \/>\n<meta property=\"og:description\" content=\"A VII Copa dos Campe\u00f5es da Liga Esportiva de Cataguases \u201cLEC\u201d tem tudo para ser a maior da hist\u00f3ria do futebol regional neste ano, isto porque, enfim, depois de meio s\u00e9culo teremos Ideal E.C e Recreio E.C frente a frente.\" \/>\n<meta property=\"og:url\" content=\"http:\/\/www.polisrecreio.com.br\/site\/2019\/02\/28\/agora-e-oficial-ideal-e-c-e-recreio-e-c-estarao-frente-a-frente-na-copa-dos-campeoes-da-lec\/\" \/>\n<meta property=\"og:site_name\" content=\"P\u00f3lis Recreio\" \/>\n<meta property=\"article:publisher\" content=\"https:\/\/www.facebook.com\/Site-P%c3%b3lis-Recreio-MG-181941708571019\/\" \/>\n<meta property=\"article:published_time\" content=\"2019-02-28T14:38:05+00:00\" \/>\n<meta property=\"article:modified_time\" content=\"2019-02-28T14:38:46+00:00\" \/>\n<meta property=\"og:image\" content=\"https:\/\/www.polisrecreio.com.br\/site\/wp-content\/uploads\/2019\/02\/IdealRecreio.jpg\" \/>\n\t<meta property=\"og:image:width\" content=\"1345\" \/>\n\t<meta property=\"og:image:height\" content=\"581\" \/>\n<meta name=\"twitter:card\" content=\"summary_large_image\" \/>\n<meta name=\"twitter:creator\" content=\"@PolisRecreio\" \/>\n<meta name=\"twitter:site\" content=\"@PolisRecreio\" \/>\n<meta name=\"twitter:label1\" content=\"Est. reading time\">\n\t<meta name=\"twitter:data1\" content=\"1 minuto\">\n<script type=\"application\/ld+json\" class=\"yoast-schema-graph\">{\"@context\":\"https:\/\/schema.org\",\"@graph\":[{\"@type\":\"WebSite\",\"@id\":\"https:\/\/www.polisrecreio.com.br\/site\/#website\",\"url\":\"https:\/\/www.polisrecreio.com.br\/site\/\",\"name\":\"P\\u00f3lis Recreio\",\"description\":\"\",\"potentialAction\":[{\"@type\":\"SearchAction\",\"target\":\"https:\/\/www.polisrecreio.com.br\/site\/?s={search_term_string}\",\"query-input\":\"required name=search_term_string\"}],\"inLanguage\":\"pt-BR\"},{\"@type\":\"ImageObject\",\"@id\":\"http:\/\/www.polisrecreio.com.br\/site\/2019\/02\/28\/agora-e-oficial-ideal-e-c-e-recreio-e-c-estarao-frente-a-frente-na-copa-dos-campeoes-da-lec\/#primaryimage\",\"inLanguage\":\"pt-BR\",\"url\":\"https:\/\/www.polisrecreio.com.br\/site\/wp-content\/uploads\/2019\/02\/IdealRecreio.jpg\",\"width\":1345,\"height\":581},{\"@type\":\"WebPage\",\"@id\":\"http:\/\/www.polisrecreio.com.br\/site\/2019\/02\/28\/agora-e-oficial-ideal-e-c-e-recreio-e-c-estarao-frente-a-frente-na-copa-dos-campeoes-da-lec\/#webpage\",\"url\":\"http:\/\/www.polisrecreio.com.br\/site\/2019\/02\/28\/agora-e-oficial-ideal-e-c-e-recreio-e-c-estarao-frente-a-frente-na-copa-dos-campeoes-da-lec\/\",\"name\":\"Agora \\u00e9 oficial: Ideal E.C e Recreio E.C estar\\u00e3o frente a frente na Copa dos Campe\\u00f5es da LEC - P\\u00f3lis Recreio\",\"isPartOf\":{\"@id\":\"https:\/\/www.polisrecreio.com.br\/site\/#website\"},\"primaryImageOfPage\":{\"@id\":\"http:\/\/www.polisrecreio.com.br\/site\/2019\/02\/28\/agora-e-oficial-ideal-e-c-e-recreio-e-c-estarao-frente-a-frente-na-copa-dos-campeoes-da-lec\/#primaryimage\"},\"datePublished\":\"2019-02-28T14:38:05+00:00\",\"dateModified\":\"2019-02-28T14:38:46+00:00\",\"author\":{\"@id\":\"https:\/\/www.polisrecreio.com.br\/site\/#\/schema\/person\/3363c1c78e1e28e1329d97adb387638e\"},\"inLanguage\":\"pt-BR\",\"potentialAction\":[{\"@type\":\"ReadAction\",\"target\":[\"http:\/\/www.polisrecreio.com.br\/site\/2019\/02\/28\/agora-e-oficial-ideal-e-c-e-recreio-e-c-estarao-frente-a-frente-na-copa-dos-campeoes-da-lec\/\"]}]},{\"@type\":\"Person\",\"@id\":\"https:\/\/www.polisrecreio.com.br\/site\/#\/schema\/person\/3363c1c78e1e28e1329d97adb387638e\",\"name\":\"Leonardo Ribeiro\",\"image\":{\"@type\":\"ImageObject\",\"@id\":\"https:\/\/www.polisrecreio.com.br\/site\/#personlogo\",\"inLanguage\":\"pt-BR\",\"url\":\"https:\/\/secure.gravatar.com\/avatar\/6ba92a37d621e1a83e23710251178a12?s=96&d=mm&r=g\",\"caption\":\"Leonardo Ribeiro\"},\"sameAs\":[\"http:\/\/www.polisrecreio.com.br\"]}]}<\/script>\n<!-- \/ Yoast SEO plugin. -->","_links":{"self":[{"href":"https:\/\/www.polisrecreio.com.br\/site\/wp-json\/wp\/v2\/posts\/13147"}],"collection":[{"href":"https:\/\/www.polisrecreio.com.br\/site\/wp-json\/wp\/v2\/posts"}],"about":[{"href":"https:\/\/www.polisrecreio.com.br\/site\/wp-json\/wp\/v2\/types\/post"}],"author":[{"embeddable":true,"href":"https:\/\/www.polisrecreio.com.br\/site\/wp-json\/wp\/v2\/users\/3"}],"replies":[{"embeddable":true,"href":"https:\/\/www.polisrecreio.com.br\/site\/wp-json\/wp\/v2\/comments?post=13147"}],"version-history":[{"count":2,"href":"https:\/\/www.polisrecreio.com.br\/site\/wp-json\/wp\/v2\/posts\/13147\/revisions"}],"predecessor-version":[{"id":13150,"href":"https:\/\/www.polisrecreio.com.br\/site\/wp-json\/wp\/v2\/posts\/13147\/revisions\/13150"}],"wp:featuredmedia":[{"embeddable":true,"href":"https:\/\/www.polisrecreio.com.br\/site\/wp-json\/wp\/v2\/media\/13148"}],"wp:attachment":[{"href":"https:\/\/www.polisrecreio.com.br\/site\/wp-json\/wp\/v2\/media?parent=13147"}],"wp:term":[{"taxonomy":"category","embeddable":true,"href":"https:\/\/www.polisrecreio.com.br\/site\/wp-json\/wp\/v2\/categories?post=13147"},{"taxonomy":"post_tag","embeddable":true,"href":"https:\/\/www.polisrecreio.com.br\/site\/wp-json\/wp\/v2\/tags?post=13147"}],"curies":[{"name":"wp","href":"https:\/\/api.w.org\/{rel}","templated":true}]}}