{"id":13151,"date":"2019-02-28T13:47:14","date_gmt":"2019-02-28T16:47:14","guid":{"rendered":"http:\/\/www.polisrecreio.com.br\/site\/?p=13151"},"modified":"2019-02-28T13:48:23","modified_gmt":"2019-02-28T16:48:23","slug":"mineiro-pau-de-recreio-ensaia-nesta-quinta-feira-28-na-praca-dos-ferroviarios","status":"publish","type":"post","link":"https:\/\/www.polisrecreio.com.br\/site\/2019\/02\/28\/mineiro-pau-de-recreio-ensaia-nesta-quinta-feira-28-na-praca-dos-ferroviarios\/","title":{"rendered":"Mineiro-Pau de Recreio ensaia nesta quinta-feira (28) na Pra\u00e7a dos Ferrovi\u00e1rios"},"content":{"rendered":"<p style=\"text-align: justify;\">O Mineiro-Pau de Recreio realiza nesta quinta-feira (28) o \u00faltimo ensaio, na Pra\u00e7a dos Ferrovi\u00e1rios, \u00e0s 19h, antes da apresenta\u00e7\u00e3o no Carnaval 2019.<\/p>\n<p><!--more--><\/p>\n<p><a href=\"http:\/\/www.polisrecreio.com.br\/site\/wp-content\/uploads\/2019\/02\/111-1.jpg\"><img loading=\"lazy\" class=\"aligncenter size-full wp-image-13152\" src=\"http:\/\/www.polisrecreio.com.br\/site\/wp-content\/uploads\/2019\/02\/111-1.jpg\" alt=\"\" width=\"800\" height=\"600\" srcset=\"https:\/\/www.polisrecreio.com.br\/site\/wp-content\/uploads\/2019\/02\/111-1.jpg 800w, https:\/\/www.polisrecreio.com.br\/site\/wp-content\/uploads\/2019\/02\/111-1-300x225.jpg 300w, https:\/\/www.polisrecreio.com.br\/site\/wp-content\/uploads\/2019\/02\/111-1-768x576.jpg 768w\" sizes=\"(max-width: 800px) 100vw, 800px\" \/><\/a><\/p>\n<p style=\"text-align: justify;\">O grupo vai contar com crian\u00e7as, jovens e adultos, sob o comando do mestre Toninho. Segundo ele, este ano o Mineiro-Pau vem com novidades nas vestimentas dos participantes e outros detalhes.<\/p>\n<p style=\"text-align: justify;\">A apresenta\u00e7\u00e3o oficial de uma das grandes manifesta\u00e7\u00f5es culturais de Recreio acontece na segunda-feira (4) do Carnaval 2019.<\/p>\n","protected":false},"excerpt":{"rendered":"<p>O Mineiro-Pau de Recreio realiza nesta quinta-feira (28) o \u00faltimo ensaio, na Pra\u00e7a dos Ferrovi\u00e1rios, \u00e0s 19h, antes da apresenta\u00e7\u00e3o no Carnaval 2019.<\/p>\n","protected":false},"author":3,"featured_media":13152,"comment_status":"open","ping_status":"open","sticky":false,"template":"","format":"standard","meta":[],"categories":[2],"tags":[],"yoast_head":"<!-- This site is optimized with the Yoast SEO plugin v15.6.2 - https:\/\/yoast.com\/wordpress\/plugins\/seo\/ -->\n<meta name=\"robots\" content=\"index, follow, max-snippet:-1, max-image-preview:large, max-video-preview:-1\" \/>\n<link rel=\"canonical\" href=\"http:\/\/www.polisrecreio.com.br\/site\/2019\/02\/28\/mineiro-pau-de-recreio-ensaia-nesta-quinta-feira-28-na-praca-dos-ferroviarios\/\" \/>\n<meta property=\"og:locale\" content=\"pt_BR\" \/>\n<meta property=\"og:type\" content=\"article\" \/>\n<meta property=\"og:title\" content=\"Mineiro-Pau de Recreio ensaia nesta quinta-feira (28) na Pra\u00e7a dos Ferrovi\u00e1rios - P\u00f3lis Recreio\" \/>\n<meta property=\"og:description\" content=\"O Mineiro-Pau de Recreio realiza nesta quinta-feira (28) o \u00faltimo ensaio, na Pra\u00e7a dos Ferrovi\u00e1rios, \u00e0s 19h, antes da apresenta\u00e7\u00e3o no Carnaval 2019.\" \/>\n<meta property=\"og:url\" content=\"http:\/\/www.polisrecreio.com.br\/site\/2019\/02\/28\/mineiro-pau-de-recreio-ensaia-nesta-quinta-feira-28-na-praca-dos-ferroviarios\/\" \/>\n<meta property=\"og:site_name\" content=\"P\u00f3lis Recreio\" \/>\n<meta property=\"article:publisher\" content=\"https:\/\/www.facebook.com\/Site-P%c3%b3lis-Recreio-MG-181941708571019\/\" \/>\n<meta property=\"article:published_time\" content=\"2019-02-28T16:47:14+00:00\" \/>\n<meta property=\"article:modified_time\" content=\"2019-02-28T16:48:23+00:00\" \/>\n<meta property=\"og:image\" content=\"https:\/\/www.polisrecreio.com.br\/site\/wp-content\/uploads\/2019\/02\/111-1.jpg\" \/>\n\t<meta property=\"og:image:width\" content=\"800\" \/>\n\t<meta property=\"og:image:height\" content=\"600\" \/>\n<meta name=\"twitter:card\" content=\"summary_large_image\" \/>\n<meta name=\"twitter:creator\" content=\"@PolisRecreio\" \/>\n<meta name=\"twitter:site\" content=\"@PolisRecreio\" \/>\n<script type=\"application\/ld+json\" class=\"yoast-schema-graph\">{\"@context\":\"https:\/\/schema.org\",\"@graph\":[{\"@type\":\"WebSite\",\"@id\":\"https:\/\/www.polisrecreio.com.br\/site\/#website\",\"url\":\"https:\/\/www.polisrecreio.com.br\/site\/\",\"name\":\"P\\u00f3lis Recreio\",\"description\":\"\",\"potentialAction\":[{\"@type\":\"SearchAction\",\"target\":\"https:\/\/www.polisrecreio.com.br\/site\/?s={search_term_string}\",\"query-input\":\"required name=search_term_string\"}],\"inLanguage\":\"pt-BR\"},{\"@type\":\"ImageObject\",\"@id\":\"http:\/\/www.polisrecreio.com.br\/site\/2019\/02\/28\/mineiro-pau-de-recreio-ensaia-nesta-quinta-feira-28-na-praca-dos-ferroviarios\/#primaryimage\",\"inLanguage\":\"pt-BR\",\"url\":\"https:\/\/www.polisrecreio.com.br\/site\/wp-content\/uploads\/2019\/02\/111-1.jpg\",\"width\":800,\"height\":600},{\"@type\":\"WebPage\",\"@id\":\"http:\/\/www.polisrecreio.com.br\/site\/2019\/02\/28\/mineiro-pau-de-recreio-ensaia-nesta-quinta-feira-28-na-praca-dos-ferroviarios\/#webpage\",\"url\":\"http:\/\/www.polisrecreio.com.br\/site\/2019\/02\/28\/mineiro-pau-de-recreio-ensaia-nesta-quinta-feira-28-na-praca-dos-ferroviarios\/\",\"name\":\"Mineiro-Pau de Recreio ensaia nesta quinta-feira (28) na Pra\\u00e7a dos Ferrovi\\u00e1rios - P\\u00f3lis Recreio\",\"isPartOf\":{\"@id\":\"https:\/\/www.polisrecreio.com.br\/site\/#website\"},\"primaryImageOfPage\":{\"@id\":\"http:\/\/www.polisrecreio.com.br\/site\/2019\/02\/28\/mineiro-pau-de-recreio-ensaia-nesta-quinta-feira-28-na-praca-dos-ferroviarios\/#primaryimage\"},\"datePublished\":\"2019-02-28T16:47:14+00:00\",\"dateModified\":\"2019-02-28T16:48:23+00:00\",\"author\":{\"@id\":\"https:\/\/www.polisrecreio.com.br\/site\/#\/schema\/person\/3363c1c78e1e28e1329d97adb387638e\"},\"inLanguage\":\"pt-BR\",\"potentialAction\":[{\"@type\":\"ReadAction\",\"target\":[\"http:\/\/www.polisrecreio.com.br\/site\/2019\/02\/28\/mineiro-pau-de-recreio-ensaia-nesta-quinta-feira-28-na-praca-dos-ferroviarios\/\"]}]},{\"@type\":\"Person\",\"@id\":\"https:\/\/www.polisrecreio.com.br\/site\/#\/schema\/person\/3363c1c78e1e28e1329d97adb387638e\",\"name\":\"Leonardo Ribeiro\",\"image\":{\"@type\":\"ImageObject\",\"@id\":\"https:\/\/www.polisrecreio.com.br\/site\/#personlogo\",\"inLanguage\":\"pt-BR\",\"url\":\"https:\/\/secure.gravatar.com\/avatar\/6ba92a37d621e1a83e23710251178a12?s=96&d=mm&r=g\",\"caption\":\"Leonardo Ribeiro\"},\"sameAs\":[\"http:\/\/www.polisrecreio.com.br\"]}]}<\/script>\n<!-- \/ Yoast SEO plugin. -->","_links":{"self":[{"href":"https:\/\/www.polisrecreio.com.br\/site\/wp-json\/wp\/v2\/posts\/13151"}],"collection":[{"href":"https:\/\/www.polisrecreio.com.br\/site\/wp-json\/wp\/v2\/posts"}],"about":[{"href":"https:\/\/www.polisrecreio.com.br\/site\/wp-json\/wp\/v2\/types\/post"}],"author":[{"embeddable":true,"href":"https:\/\/www.polisrecreio.com.br\/site\/wp-json\/wp\/v2\/users\/3"}],"replies":[{"embeddable":true,"href":"https:\/\/www.polisrecreio.com.br\/site\/wp-json\/wp\/v2\/comments?post=13151"}],"version-history":[{"count":2,"href":"https:\/\/www.polisrecreio.com.br\/site\/wp-json\/wp\/v2\/posts\/13151\/revisions"}],"predecessor-version":[{"id":13154,"href":"https:\/\/www.polisrecreio.com.br\/site\/wp-json\/wp\/v2\/posts\/13151\/revisions\/13154"}],"wp:featuredmedia":[{"embeddable":true,"href":"https:\/\/www.polisrecreio.com.br\/site\/wp-json\/wp\/v2\/media\/13152"}],"wp:attachment":[{"href":"https:\/\/www.polisrecreio.com.br\/site\/wp-json\/wp\/v2\/media?parent=13151"}],"wp:term":[{"taxonomy":"category","embeddable":true,"href":"https:\/\/www.polisrecreio.com.br\/site\/wp-json\/wp\/v2\/categories?post=13151"},{"taxonomy":"post_tag","embeddable":true,"href":"https:\/\/www.polisrecreio.com.br\/site\/wp-json\/wp\/v2\/tags?post=13151"}],"curies":[{"name":"wp","href":"https:\/\/api.w.org\/{rel}","templated":true}]}}