{"id":13155,"date":"2019-02-28T18:40:09","date_gmt":"2019-02-28T21:40:09","guid":{"rendered":"http:\/\/www.polisrecreio.com.br\/site\/?p=13155"},"modified":"2019-02-28T18:44:29","modified_gmt":"2019-02-28T21:44:29","slug":"parceria-que-deu-certo-prefeitura-de-recreio-hospital-sao-sebastiao-e-dep-margarida-salomao","status":"publish","type":"post","link":"https:\/\/www.polisrecreio.com.br\/site\/2019\/02\/28\/parceria-que-deu-certo-prefeitura-de-recreio-hospital-sao-sebastiao-e-dep-margarida-salomao\/","title":{"rendered":"Parceria que deu certo: Prefeitura de Recreio, Hospital S\u00e3o Sebasti\u00e3o e dep. Margarida Salom\u00e3o"},"content":{"rendered":"<p style=\"text-align: justify;\">Na manh\u00e3 desta quinta-feira (28) foi assinado pelo prefeito de Recreio, Jos\u00e9 Maria Barros, e o provedor do HSS, Dr. Luiz Ronaldo Pinheiro dos Santos, o termo autorizativo de repasse financeiro ao Hospital S\u00e3o Sebasti\u00e3o da emenda parlamentar da deputada Federal, Margarida Salom\u00e3o, de R$ 100 mil, destinada a entidade por meio da Prefeitura Municipal.<\/p>\n<p><!--more--><\/p>\n<figure id=\"attachment_13158\" aria-describedby=\"caption-attachment-13158\" style=\"width: 750px\" class=\"wp-caption aligncenter\"><a href=\"http:\/\/www.polisrecreio.com.br\/site\/wp-content\/uploads\/2019\/02\/DSC_0098.jpg\"><img loading=\"lazy\" class=\"size-full wp-image-13158\" src=\"http:\/\/www.polisrecreio.com.br\/site\/wp-content\/uploads\/2019\/02\/DSC_0098.jpg\" alt=\"\" width=\"750\" height=\"500\" srcset=\"https:\/\/www.polisrecreio.com.br\/site\/wp-content\/uploads\/2019\/02\/DSC_0098.jpg 750w, https:\/\/www.polisrecreio.com.br\/site\/wp-content\/uploads\/2019\/02\/DSC_0098-300x200.jpg 300w\" sizes=\"(max-width: 750px) 100vw, 750px\" \/><\/a><figcaption id=\"caption-attachment-13158\" class=\"wp-caption-text\">Provedor do HSS e prefeito de Recreio.<\/figcaption><\/figure>\n<p style=\"text-align: justify;\">De acordo com informa\u00e7\u00f5es, o recurso federal ser\u00e1 utilizado para reformas e adequa\u00e7\u00f5es das seguintes reparti\u00e7\u00f5es: enfermarias masculina e feminina, maternidade e lavandeira. Al\u00e9m de aquisi\u00e7\u00e3o de medicamentos e equipamentos hospitalares. Como consta no plano de trabalho do HSS. \u201cO pr\u00f3ximo passo agora ser\u00e1 a montagem do processo licitat\u00f3rio sob a responsabilidade do Hospital, disse o provedor. Para Dr. Luiz Ronaldo \u00e9 a parceria que deu certo: Prefeitura de Recreio, Hospital S\u00e3o Sebasti\u00e3o e deputada Margarida Salom\u00e3o.<\/p>\n<p style=\"text-align: justify;\">Durante a assinatura do termo o assessor da deputada e ex-vereador de Recreio, Alex Leite, aproveitou para anunciar que foi cadastrado neste mesmo dia, no Or\u00e7amento 2019, mais uma emenda destinada ao Hospital, desta vez no valor de R$ 200 mil. Ao Site P\u00f3lis, Alex confirmou tamb\u00e9m que em breve a Prefeitura ser\u00e1 beneficiada com uma retroescavadeira e um trator.<\/p>\n<figure id=\"attachment_13159\" aria-describedby=\"caption-attachment-13159\" style=\"width: 750px\" class=\"wp-caption aligncenter\"><a href=\"http:\/\/www.polisrecreio.com.br\/site\/wp-content\/uploads\/2019\/02\/DSC_0100.jpg\"><img loading=\"lazy\" class=\"wp-image-13159 size-full\" src=\"http:\/\/www.polisrecreio.com.br\/site\/wp-content\/uploads\/2019\/02\/DSC_0100.jpg\" alt=\"\" width=\"750\" height=\"500\" srcset=\"https:\/\/www.polisrecreio.com.br\/site\/wp-content\/uploads\/2019\/02\/DSC_0100.jpg 750w, https:\/\/www.polisrecreio.com.br\/site\/wp-content\/uploads\/2019\/02\/DSC_0100-300x200.jpg 300w\" sizes=\"(max-width: 750px) 100vw, 750px\" \/><\/a><figcaption id=\"caption-attachment-13159\" class=\"wp-caption-text\">Alex Leite, Dr. Ronaldo e Jos\u00e9 Maria.<\/figcaption><\/figure>\n<p style=\"text-align: justify;\">Em pouco mais de 2 anos da administra\u00e7\u00e3o do prefeito Jos\u00e9 Maria Barros, a deputada Margarida tem sido uma das principais parlamentares que tem apoiado a cidade. De 2017, at\u00e9 hoje, j\u00e1 vieram recursos para a \u00e1rea de sa\u00fade, \u00f4nibus escolar, micro-\u00f4nibus (emenda conjunta com Patrus Ananias e J\u00falio Delgado), ve\u00edculo para administra\u00e7\u00e3o (emenda conjunta com J\u00falio Delgado) e etc. \u201cRecreio agradece essa parceria que tem sido essencial para o andamento das atividades administrativas\u201d, disse o prefeito Jos\u00e9 Maria Barros.<\/p>\n<p style=\"text-align: justify;\">Participaram tamb\u00e9m do momento da assinatura do termo, o vice-prefeito, Jo\u00e3o D\u00f3lar; o secret\u00e1rio de Desenvolvimento Econ\u00f4mico e Sustent\u00e1vel, Diego Pena; a secret\u00e1ria de Educa\u00e7\u00e3o e Cultura, Maria Jos\u00e9 Lacerda \u201cZez\u00e9\u201d; e o presidente da C\u00e2mara Municipal, Pororoca.<\/p>\n<figure id=\"attachment_13157\" aria-describedby=\"caption-attachment-13157\" style=\"width: 750px\" class=\"wp-caption aligncenter\"><a href=\"http:\/\/www.polisrecreio.com.br\/site\/wp-content\/uploads\/2019\/02\/DSC_0096.jpg\"><img loading=\"lazy\" class=\"wp-image-13157 size-full\" src=\"http:\/\/www.polisrecreio.com.br\/site\/wp-content\/uploads\/2019\/02\/DSC_0096.jpg\" alt=\"\" width=\"750\" height=\"500\" srcset=\"https:\/\/www.polisrecreio.com.br\/site\/wp-content\/uploads\/2019\/02\/DSC_0096.jpg 750w, https:\/\/www.polisrecreio.com.br\/site\/wp-content\/uploads\/2019\/02\/DSC_0096-300x200.jpg 300w\" sizes=\"(max-width: 750px) 100vw, 750px\" \/><\/a><figcaption id=\"caption-attachment-13157\" class=\"wp-caption-text\">Provedor do HSS, prefeito de Recreio e presidente da C\u00e2mara.<\/figcaption><\/figure>\n<figure id=\"attachment_13156\" aria-describedby=\"caption-attachment-13156\" style=\"width: 750px\" class=\"wp-caption aligncenter\"><a href=\"http:\/\/www.polisrecreio.com.br\/site\/wp-content\/uploads\/2019\/02\/DSC_0095.jpg\"><img loading=\"lazy\" class=\"wp-image-13156 size-full\" src=\"http:\/\/www.polisrecreio.com.br\/site\/wp-content\/uploads\/2019\/02\/DSC_0095.jpg\" alt=\"\" width=\"750\" height=\"500\" srcset=\"https:\/\/www.polisrecreio.com.br\/site\/wp-content\/uploads\/2019\/02\/DSC_0095.jpg 750w, https:\/\/www.polisrecreio.com.br\/site\/wp-content\/uploads\/2019\/02\/DSC_0095-300x200.jpg 300w\" sizes=\"(max-width: 750px) 100vw, 750px\" \/><\/a><figcaption id=\"caption-attachment-13156\" class=\"wp-caption-text\">Momento das assinaturas.<\/figcaption><\/figure>\n<figure id=\"attachment_13160\" aria-describedby=\"caption-attachment-13160\" style=\"width: 750px\" class=\"wp-caption aligncenter\"><a href=\"http:\/\/www.polisrecreio.com.br\/site\/wp-content\/uploads\/2019\/02\/DSC_0104.jpg\"><img loading=\"lazy\" class=\"wp-image-13160 size-full\" src=\"http:\/\/www.polisrecreio.com.br\/site\/wp-content\/uploads\/2019\/02\/DSC_0104.jpg\" alt=\"\" width=\"750\" height=\"500\" srcset=\"https:\/\/www.polisrecreio.com.br\/site\/wp-content\/uploads\/2019\/02\/DSC_0104.jpg 750w, https:\/\/www.polisrecreio.com.br\/site\/wp-content\/uploads\/2019\/02\/DSC_0104-300x200.jpg 300w\" sizes=\"(max-width: 750px) 100vw, 750px\" \/><\/a><figcaption id=\"caption-attachment-13160\" class=\"wp-caption-text\">Secret\u00e1ria de Educa\u00e7\u00e3o. assessor parlamentar, secret\u00e1rio de Des. Ec. e Sustent\u00e1vel, provedor do HSS, prefeito de Recreio, presidente da C\u00e2mara e vice-prefeito de Recreio.<\/figcaption><\/figure>\n","protected":false},"excerpt":{"rendered":"<p>Na manh\u00e3 desta quinta-feira (28) foi assinado pelo prefeito de Recreio, Jos\u00e9 Maria Barros, e o provedor do HSS, Dr. Luiz Ronaldo Pinheiro dos Santos, o termo autorizativo de repasse financeiro ao Hospital S\u00e3o Sebasti\u00e3o da emenda parlamentar da deputada Federal, Margarida Salom\u00e3o, de R$ 100 mil, destinada a entidade por meio da Prefeitura Municipal.<\/p>\n","protected":false},"author":3,"featured_media":13159,"comment_status":"open","ping_status":"open","sticky":false,"template":"","format":"standard","meta":[],"categories":[7],"tags":[],"yoast_head":"<!-- This site is optimized with the Yoast SEO plugin v15.6.2 - https:\/\/yoast.com\/wordpress\/plugins\/seo\/ -->\n<meta name=\"robots\" content=\"index, follow, max-snippet:-1, max-image-preview:large, max-video-preview:-1\" \/>\n<link rel=\"canonical\" href=\"http:\/\/www.polisrecreio.com.br\/site\/2019\/02\/28\/parceria-que-deu-certo-prefeitura-de-recreio-hospital-sao-sebastiao-e-dep-margarida-salomao\/\" \/>\n<meta property=\"og:locale\" content=\"pt_BR\" \/>\n<meta property=\"og:type\" content=\"article\" \/>\n<meta property=\"og:title\" content=\"Parceria que deu certo: Prefeitura de Recreio, Hospital S\u00e3o Sebasti\u00e3o e dep. Margarida Salom\u00e3o - P\u00f3lis Recreio\" \/>\n<meta property=\"og:description\" content=\"Na manh\u00e3 desta quinta-feira (28) foi assinado pelo prefeito de Recreio, Jos\u00e9 Maria Barros, e o provedor do HSS, Dr. Luiz Ronaldo Pinheiro dos Santos, o termo autorizativo de repasse financeiro ao Hospital S\u00e3o Sebasti\u00e3o da emenda parlamentar da deputada Federal, Margarida Salom\u00e3o, de R$ 100 mil, destinada a entidade por meio da Prefeitura Municipal.\" \/>\n<meta property=\"og:url\" content=\"http:\/\/www.polisrecreio.com.br\/site\/2019\/02\/28\/parceria-que-deu-certo-prefeitura-de-recreio-hospital-sao-sebastiao-e-dep-margarida-salomao\/\" \/>\n<meta property=\"og:site_name\" content=\"P\u00f3lis Recreio\" \/>\n<meta property=\"article:publisher\" content=\"https:\/\/www.facebook.com\/Site-P%c3%b3lis-Recreio-MG-181941708571019\/\" \/>\n<meta property=\"article:published_time\" content=\"2019-02-28T21:40:09+00:00\" \/>\n<meta property=\"article:modified_time\" content=\"2019-02-28T21:44:29+00:00\" \/>\n<meta property=\"og:image\" content=\"https:\/\/www.polisrecreio.com.br\/site\/wp-content\/uploads\/2019\/02\/DSC_0100.jpg\" \/>\n\t<meta property=\"og:image:width\" content=\"750\" \/>\n\t<meta property=\"og:image:height\" content=\"500\" \/>\n<meta name=\"twitter:card\" content=\"summary_large_image\" \/>\n<meta name=\"twitter:creator\" content=\"@PolisRecreio\" \/>\n<meta name=\"twitter:site\" content=\"@PolisRecreio\" \/>\n<meta name=\"twitter:label1\" content=\"Est. reading time\">\n\t<meta name=\"twitter:data1\" content=\"2 minutos\">\n<script type=\"application\/ld+json\" class=\"yoast-schema-graph\">{\"@context\":\"https:\/\/schema.org\",\"@graph\":[{\"@type\":\"WebSite\",\"@id\":\"https:\/\/www.polisrecreio.com.br\/site\/#website\",\"url\":\"https:\/\/www.polisrecreio.com.br\/site\/\",\"name\":\"P\\u00f3lis Recreio\",\"description\":\"\",\"potentialAction\":[{\"@type\":\"SearchAction\",\"target\":\"https:\/\/www.polisrecreio.com.br\/site\/?s={search_term_string}\",\"query-input\":\"required name=search_term_string\"}],\"inLanguage\":\"pt-BR\"},{\"@type\":\"ImageObject\",\"@id\":\"http:\/\/www.polisrecreio.com.br\/site\/2019\/02\/28\/parceria-que-deu-certo-prefeitura-de-recreio-hospital-sao-sebastiao-e-dep-margarida-salomao\/#primaryimage\",\"inLanguage\":\"pt-BR\",\"url\":\"https:\/\/www.polisrecreio.com.br\/site\/wp-content\/uploads\/2019\/02\/DSC_0100.jpg\",\"width\":750,\"height\":500},{\"@type\":\"WebPage\",\"@id\":\"http:\/\/www.polisrecreio.com.br\/site\/2019\/02\/28\/parceria-que-deu-certo-prefeitura-de-recreio-hospital-sao-sebastiao-e-dep-margarida-salomao\/#webpage\",\"url\":\"http:\/\/www.polisrecreio.com.br\/site\/2019\/02\/28\/parceria-que-deu-certo-prefeitura-de-recreio-hospital-sao-sebastiao-e-dep-margarida-salomao\/\",\"name\":\"Parceria que deu certo: Prefeitura de Recreio, Hospital S\\u00e3o Sebasti\\u00e3o e dep. Margarida Salom\\u00e3o - P\\u00f3lis Recreio\",\"isPartOf\":{\"@id\":\"https:\/\/www.polisrecreio.com.br\/site\/#website\"},\"primaryImageOfPage\":{\"@id\":\"http:\/\/www.polisrecreio.com.br\/site\/2019\/02\/28\/parceria-que-deu-certo-prefeitura-de-recreio-hospital-sao-sebastiao-e-dep-margarida-salomao\/#primaryimage\"},\"datePublished\":\"2019-02-28T21:40:09+00:00\",\"dateModified\":\"2019-02-28T21:44:29+00:00\",\"author\":{\"@id\":\"https:\/\/www.polisrecreio.com.br\/site\/#\/schema\/person\/3363c1c78e1e28e1329d97adb387638e\"},\"inLanguage\":\"pt-BR\",\"potentialAction\":[{\"@type\":\"ReadAction\",\"target\":[\"http:\/\/www.polisrecreio.com.br\/site\/2019\/02\/28\/parceria-que-deu-certo-prefeitura-de-recreio-hospital-sao-sebastiao-e-dep-margarida-salomao\/\"]}]},{\"@type\":\"Person\",\"@id\":\"https:\/\/www.polisrecreio.com.br\/site\/#\/schema\/person\/3363c1c78e1e28e1329d97adb387638e\",\"name\":\"Leonardo Ribeiro\",\"image\":{\"@type\":\"ImageObject\",\"@id\":\"https:\/\/www.polisrecreio.com.br\/site\/#personlogo\",\"inLanguage\":\"pt-BR\",\"url\":\"https:\/\/secure.gravatar.com\/avatar\/6ba92a37d621e1a83e23710251178a12?s=96&d=mm&r=g\",\"caption\":\"Leonardo Ribeiro\"},\"sameAs\":[\"http:\/\/www.polisrecreio.com.br\"]}]}<\/script>\n<!-- \/ Yoast SEO plugin. -->","_links":{"self":[{"href":"https:\/\/www.polisrecreio.com.br\/site\/wp-json\/wp\/v2\/posts\/13155"}],"collection":[{"href":"https:\/\/www.polisrecreio.com.br\/site\/wp-json\/wp\/v2\/posts"}],"about":[{"href":"https:\/\/www.polisrecreio.com.br\/site\/wp-json\/wp\/v2\/types\/post"}],"author":[{"embeddable":true,"href":"https:\/\/www.polisrecreio.com.br\/site\/wp-json\/wp\/v2\/users\/3"}],"replies":[{"embeddable":true,"href":"https:\/\/www.polisrecreio.com.br\/site\/wp-json\/wp\/v2\/comments?post=13155"}],"version-history":[{"count":3,"href":"https:\/\/www.polisrecreio.com.br\/site\/wp-json\/wp\/v2\/posts\/13155\/revisions"}],"predecessor-version":[{"id":13163,"href":"https:\/\/www.polisrecreio.com.br\/site\/wp-json\/wp\/v2\/posts\/13155\/revisions\/13163"}],"wp:featuredmedia":[{"embeddable":true,"href":"https:\/\/www.polisrecreio.com.br\/site\/wp-json\/wp\/v2\/media\/13159"}],"wp:attachment":[{"href":"https:\/\/www.polisrecreio.com.br\/site\/wp-json\/wp\/v2\/media?parent=13155"}],"wp:term":[{"taxonomy":"category","embeddable":true,"href":"https:\/\/www.polisrecreio.com.br\/site\/wp-json\/wp\/v2\/categories?post=13155"},{"taxonomy":"post_tag","embeddable":true,"href":"https:\/\/www.polisrecreio.com.br\/site\/wp-json\/wp\/v2\/tags?post=13155"}],"curies":[{"name":"wp","href":"https:\/\/api.w.org\/{rel}","templated":true}]}}