{"id":13523,"date":"2019-03-25T09:56:51","date_gmt":"2019-03-25T12:56:51","guid":{"rendered":"http:\/\/www.polisrecreio.com.br\/site\/?p=13523"},"modified":"2019-03-25T09:56:51","modified_gmt":"2019-03-25T12:56:51","slug":"recreio-e-c-estreia-com-derrota-no-campeonato-regional-sub-13-e-sub-15","status":"publish","type":"post","link":"https:\/\/www.polisrecreio.com.br\/site\/2019\/03\/25\/recreio-e-c-estreia-com-derrota-no-campeonato-regional-sub-13-e-sub-15\/","title":{"rendered":"Recreio E.C estreia com derrota no Campeonato Regional sub-13 e sub-15"},"content":{"rendered":"<p style=\"text-align: justify;\">O time do Recreio E.C estreou no \u00faltimo s\u00e1bado (23) com derrota no Campeonato Regional da Liga Esportiva de Cataguases, categorias sub-13 e sub-15. Os garotos jogaram em Palma, contra o Palmense.<\/p>\n<p><!--more--><\/p>\n<p><a href=\"http:\/\/www.polisrecreio.com.br\/site\/wp-content\/uploads\/2019\/03\/54730760_10219094194686209_6052193125810569216_n.jpg\"><img loading=\"lazy\" class=\"aligncenter size-full wp-image-13524\" src=\"http:\/\/www.polisrecreio.com.br\/site\/wp-content\/uploads\/2019\/03\/54730760_10219094194686209_6052193125810569216_n.jpg\" alt=\"\" width=\"750\" height=\"513\" srcset=\"https:\/\/www.polisrecreio.com.br\/site\/wp-content\/uploads\/2019\/03\/54730760_10219094194686209_6052193125810569216_n.jpg 750w, https:\/\/www.polisrecreio.com.br\/site\/wp-content\/uploads\/2019\/03\/54730760_10219094194686209_6052193125810569216_n-300x205.jpg 300w\" sizes=\"(max-width: 750px) 100vw, 750px\" \/><\/a><\/p>\n<p style=\"text-align: justify;\">Na primeira partida, o sub-13, perdeu de 8X0. No sub-15 o placar foi mais apertado, 2X1 para o Palmense.<\/p>\n<p style=\"text-align: justify;\">No pr\u00f3ximo s\u00e1bado (30), as duas equipes da cidade entram em campo. O Ideal \u2013 sub-15 \u2013 enfrenta o Palmense, em Palma. J\u00e1, o Recreio recebe o Cruzeiro (Muria\u00e9), no Est\u00e1dio Euvaldo Lodi.<\/p>\n","protected":false},"excerpt":{"rendered":"<p>O time do Recreio E.C estreou no \u00faltimo s\u00e1bado (23) com derrota no Campeonato Regional da Liga Esportiva de Cataguases, categorias sub-13 e sub-15. Os garotos jogaram em Palma, contra o Palmense.<\/p>\n","protected":false},"author":3,"featured_media":13524,"comment_status":"open","ping_status":"open","sticky":false,"template":"","format":"standard","meta":[],"categories":[4],"tags":[],"yoast_head":"<!-- This site is optimized with the Yoast SEO plugin v15.6.2 - https:\/\/yoast.com\/wordpress\/plugins\/seo\/ -->\n<meta name=\"robots\" content=\"index, follow, max-snippet:-1, max-image-preview:large, max-video-preview:-1\" \/>\n<link rel=\"canonical\" href=\"https:\/\/www.polisrecreio.com.br\/site\/2019\/03\/25\/recreio-e-c-estreia-com-derrota-no-campeonato-regional-sub-13-e-sub-15\/\" \/>\n<meta property=\"og:locale\" content=\"pt_BR\" \/>\n<meta property=\"og:type\" content=\"article\" \/>\n<meta property=\"og:title\" content=\"Recreio E.C estreia com derrota no Campeonato Regional sub-13 e sub-15 - P\u00f3lis Recreio\" \/>\n<meta property=\"og:description\" content=\"O time do Recreio E.C estreou no \u00faltimo s\u00e1bado (23) com derrota no Campeonato Regional da Liga Esportiva de Cataguases, categorias sub-13 e sub-15. Os garotos jogaram em Palma, contra o Palmense.\" \/>\n<meta property=\"og:url\" content=\"https:\/\/www.polisrecreio.com.br\/site\/2019\/03\/25\/recreio-e-c-estreia-com-derrota-no-campeonato-regional-sub-13-e-sub-15\/\" \/>\n<meta property=\"og:site_name\" content=\"P\u00f3lis Recreio\" \/>\n<meta property=\"article:publisher\" content=\"https:\/\/www.facebook.com\/Site-P%c3%b3lis-Recreio-MG-181941708571019\/\" \/>\n<meta property=\"article:published_time\" content=\"2019-03-25T12:56:51+00:00\" \/>\n<meta property=\"og:image\" content=\"https:\/\/www.polisrecreio.com.br\/site\/wp-content\/uploads\/2019\/03\/54730760_10219094194686209_6052193125810569216_n.jpg\" \/>\n\t<meta property=\"og:image:width\" content=\"750\" \/>\n\t<meta property=\"og:image:height\" content=\"513\" \/>\n<meta name=\"twitter:card\" content=\"summary_large_image\" \/>\n<meta name=\"twitter:creator\" content=\"@PolisRecreio\" \/>\n<meta name=\"twitter:site\" content=\"@PolisRecreio\" \/>\n<script type=\"application\/ld+json\" class=\"yoast-schema-graph\">{\"@context\":\"https:\/\/schema.org\",\"@graph\":[{\"@type\":\"WebSite\",\"@id\":\"https:\/\/www.polisrecreio.com.br\/site\/#website\",\"url\":\"https:\/\/www.polisrecreio.com.br\/site\/\",\"name\":\"P\\u00f3lis Recreio\",\"description\":\"\",\"potentialAction\":[{\"@type\":\"SearchAction\",\"target\":\"https:\/\/www.polisrecreio.com.br\/site\/?s={search_term_string}\",\"query-input\":\"required name=search_term_string\"}],\"inLanguage\":\"pt-BR\"},{\"@type\":\"ImageObject\",\"@id\":\"https:\/\/www.polisrecreio.com.br\/site\/2019\/03\/25\/recreio-e-c-estreia-com-derrota-no-campeonato-regional-sub-13-e-sub-15\/#primaryimage\",\"inLanguage\":\"pt-BR\",\"url\":\"https:\/\/www.polisrecreio.com.br\/site\/wp-content\/uploads\/2019\/03\/54730760_10219094194686209_6052193125810569216_n.jpg\",\"width\":750,\"height\":513},{\"@type\":\"WebPage\",\"@id\":\"https:\/\/www.polisrecreio.com.br\/site\/2019\/03\/25\/recreio-e-c-estreia-com-derrota-no-campeonato-regional-sub-13-e-sub-15\/#webpage\",\"url\":\"https:\/\/www.polisrecreio.com.br\/site\/2019\/03\/25\/recreio-e-c-estreia-com-derrota-no-campeonato-regional-sub-13-e-sub-15\/\",\"name\":\"Recreio E.C estreia com derrota no Campeonato Regional sub-13 e sub-15 - P\\u00f3lis Recreio\",\"isPartOf\":{\"@id\":\"https:\/\/www.polisrecreio.com.br\/site\/#website\"},\"primaryImageOfPage\":{\"@id\":\"https:\/\/www.polisrecreio.com.br\/site\/2019\/03\/25\/recreio-e-c-estreia-com-derrota-no-campeonato-regional-sub-13-e-sub-15\/#primaryimage\"},\"datePublished\":\"2019-03-25T12:56:51+00:00\",\"dateModified\":\"2019-03-25T12:56:51+00:00\",\"author\":{\"@id\":\"https:\/\/www.polisrecreio.com.br\/site\/#\/schema\/person\/3363c1c78e1e28e1329d97adb387638e\"},\"inLanguage\":\"pt-BR\",\"potentialAction\":[{\"@type\":\"ReadAction\",\"target\":[\"https:\/\/www.polisrecreio.com.br\/site\/2019\/03\/25\/recreio-e-c-estreia-com-derrota-no-campeonato-regional-sub-13-e-sub-15\/\"]}]},{\"@type\":\"Person\",\"@id\":\"https:\/\/www.polisrecreio.com.br\/site\/#\/schema\/person\/3363c1c78e1e28e1329d97adb387638e\",\"name\":\"Leonardo Ribeiro\",\"image\":{\"@type\":\"ImageObject\",\"@id\":\"https:\/\/www.polisrecreio.com.br\/site\/#personlogo\",\"inLanguage\":\"pt-BR\",\"url\":\"https:\/\/secure.gravatar.com\/avatar\/6ba92a37d621e1a83e23710251178a12?s=96&d=mm&r=g\",\"caption\":\"Leonardo Ribeiro\"},\"sameAs\":[\"http:\/\/www.polisrecreio.com.br\"]}]}<\/script>\n<!-- \/ Yoast SEO plugin. -->","_links":{"self":[{"href":"https:\/\/www.polisrecreio.com.br\/site\/wp-json\/wp\/v2\/posts\/13523"}],"collection":[{"href":"https:\/\/www.polisrecreio.com.br\/site\/wp-json\/wp\/v2\/posts"}],"about":[{"href":"https:\/\/www.polisrecreio.com.br\/site\/wp-json\/wp\/v2\/types\/post"}],"author":[{"embeddable":true,"href":"https:\/\/www.polisrecreio.com.br\/site\/wp-json\/wp\/v2\/users\/3"}],"replies":[{"embeddable":true,"href":"https:\/\/www.polisrecreio.com.br\/site\/wp-json\/wp\/v2\/comments?post=13523"}],"version-history":[{"count":1,"href":"https:\/\/www.polisrecreio.com.br\/site\/wp-json\/wp\/v2\/posts\/13523\/revisions"}],"predecessor-version":[{"id":13525,"href":"https:\/\/www.polisrecreio.com.br\/site\/wp-json\/wp\/v2\/posts\/13523\/revisions\/13525"}],"wp:featuredmedia":[{"embeddable":true,"href":"https:\/\/www.polisrecreio.com.br\/site\/wp-json\/wp\/v2\/media\/13524"}],"wp:attachment":[{"href":"https:\/\/www.polisrecreio.com.br\/site\/wp-json\/wp\/v2\/media?parent=13523"}],"wp:term":[{"taxonomy":"category","embeddable":true,"href":"https:\/\/www.polisrecreio.com.br\/site\/wp-json\/wp\/v2\/categories?post=13523"},{"taxonomy":"post_tag","embeddable":true,"href":"https:\/\/www.polisrecreio.com.br\/site\/wp-json\/wp\/v2\/tags?post=13523"}],"curies":[{"name":"wp","href":"https:\/\/api.w.org\/{rel}","templated":true}]}}