{"id":13535,"date":"2019-03-25T15:51:58","date_gmt":"2019-03-25T18:51:58","guid":{"rendered":"http:\/\/www.polisrecreio.com.br\/site\/?p=13535"},"modified":"2019-03-25T15:51:58","modified_gmt":"2019-03-25T18:51:58","slug":"beneficiarios-do-bpc-podem-pedir-desconto-na-tarifa-de-energia-eletrica","status":"publish","type":"post","link":"https:\/\/www.polisrecreio.com.br\/site\/2019\/03\/25\/beneficiarios-do-bpc-podem-pedir-desconto-na-tarifa-de-energia-eletrica\/","title":{"rendered":"Benefici\u00e1rios do BPC podem pedir desconto na tarifa de energia el\u00e9trica"},"content":{"rendered":"<p style=\"text-align: justify;\">Mais de 4,6 milh\u00f5es de pessoas que recebem o Benef\u00edcio de Presta\u00e7\u00e3o Continuada \u201cBPC\u201d t\u00eam direito a desconto na tarifa de energia el\u00e9trica. A redu\u00e7\u00e3o no valor da fatura pode chegar a 65% e \u00e9 garantida pela Tarifa Social de Energia El\u00e9trica, mas nem todos sabem dessa vantagem. Hoje, apenas 383 mil solicitaram a dedu\u00e7\u00e3o, conforme dados da Secretaria Especial do Desenvolvimento Social.<\/p>\n<p><!--more--><\/p>\n<p><a href=\"http:\/\/www.polisrecreio.com.br\/site\/wp-content\/uploads\/2019\/03\/imagem_materia.jpg\"><img loading=\"lazy\" class=\"aligncenter size-full wp-image-13536\" src=\"http:\/\/www.polisrecreio.com.br\/site\/wp-content\/uploads\/2019\/03\/imagem_materia.jpg\" alt=\"\" width=\"750\" height=\"500\" srcset=\"https:\/\/www.polisrecreio.com.br\/site\/wp-content\/uploads\/2019\/03\/imagem_materia.jpg 750w, https:\/\/www.polisrecreio.com.br\/site\/wp-content\/uploads\/2019\/03\/imagem_materia-300x200.jpg 300w\" sizes=\"(max-width: 750px) 100vw, 750px\" \/><\/a><\/p>\n<p style=\"text-align: justify;\">O n\u00famero \u00e9 considerado baixo pelo diretor do Departamento de Benef\u00edcios Assistenciais do Minist\u00e9rio da Cidadania, Andr\u00e9 Veras, mas importante. \u201cAcreditamos que muitos desconhecem o benef\u00edcio, mas ele \u00e9 um direito dos benefici\u00e1rios e contribui para reduzir as despesas no or\u00e7amento das fam\u00edlias\u201d, ressalta.<\/p>\n<p style=\"text-align: justify;\">Para solicitar o desconto da Tarifa Social de Energia El\u00e9trica, o benefici\u00e1rio do BPC ou alguma pessoa da fam\u00edlia deve procurar um posto de atendimento da companhia de energia el\u00e9trica da regi\u00e3o. \u00c9 preciso ter em m\u00e3os o cart\u00e3o do BPC, um documento de identifica\u00e7\u00e3o &#8211; como o CPF ou a Carteira de Identidade -, e a \u00faltima conta de luz. A partir da\u00ed a companhia el\u00e9trica ir\u00e1 verificar se o BPC est\u00e1 ativo e se o benefici\u00e1rio \u00e9 um cliente residencial. A redu\u00e7\u00e3o na conta de luz varia de acordo com o consumo mensal de cada fam\u00edlia, indo de 10% a 65%, at\u00e9 o limite de 220kWh, conforme a tabela abaixo:<\/p>\n<p><a href=\"http:\/\/www.polisrecreio.com.br\/site\/wp-content\/uploads\/2019\/03\/noname.jpg\"><img loading=\"lazy\" class=\"aligncenter size-full wp-image-13537\" src=\"http:\/\/www.polisrecreio.com.br\/site\/wp-content\/uploads\/2019\/03\/noname.jpg\" alt=\"\" width=\"404\" height=\"313\" srcset=\"https:\/\/www.polisrecreio.com.br\/site\/wp-content\/uploads\/2019\/03\/noname.jpg 404w, https:\/\/www.polisrecreio.com.br\/site\/wp-content\/uploads\/2019\/03\/noname-300x232.jpg 300w\" sizes=\"(max-width: 404px) 100vw, 404px\" \/><\/a><\/p>\n<p><strong>O que \u00e9 o BPC?<\/strong><\/p>\n<p style=\"text-align: justify;\">O BPC \u00e9 um benef\u00edcio de um sal\u00e1rio m\u00ednimo por m\u00eas pago para idosos a partir de 65 anos e deficientes de qualquer idade que comprovem baixa renda. J\u00e1 a Tarifa Social de Energia El\u00e9trica tamb\u00e9m contempla todas as fam\u00edlias inscritas no Cadastro \u00danico com dados atualizados e renda familiar mensal por pessoa de at\u00e9 meio sal\u00e1rio m\u00ednimo.<\/p>\n<p><em>Com informa\u00e7\u00f5es: <a href=\"http:\/\/mds.gov.br\/area-de-imprensa\/noticias\/2019\/marco\/beneficiarios-do-bpc-podem-pedir-reducao-na-conta-de-luz\" target=\"_blank\" rel=\"noopener\">MDS.<\/a><\/em><\/p>\n","protected":false},"excerpt":{"rendered":"<p>Mais de 4,6 milh\u00f5es de pessoas que recebem o Benef\u00edcio de Presta\u00e7\u00e3o Continuada \u201cBPC\u201d t\u00eam direito a desconto na tarifa de energia el\u00e9trica. A redu\u00e7\u00e3o no valor da fatura pode chegar a 65% e \u00e9 garantida pela Tarifa Social de Energia El\u00e9trica, mas nem todos sabem dessa vantagem. Hoje, apenas 383 mil solicitaram a dedu\u00e7\u00e3o, [&hellip;]<\/p>\n","protected":false},"author":3,"featured_media":13536,"comment_status":"open","ping_status":"open","sticky":false,"template":"","format":"standard","meta":[],"categories":[5],"tags":[],"yoast_head":"<!-- This site is optimized with the Yoast SEO plugin v15.6.2 - https:\/\/yoast.com\/wordpress\/plugins\/seo\/ -->\n<meta name=\"robots\" content=\"index, follow, max-snippet:-1, max-image-preview:large, max-video-preview:-1\" \/>\n<link rel=\"canonical\" href=\"https:\/\/www.polisrecreio.com.br\/site\/2019\/03\/25\/beneficiarios-do-bpc-podem-pedir-desconto-na-tarifa-de-energia-eletrica\/\" \/>\n<meta property=\"og:locale\" content=\"pt_BR\" \/>\n<meta property=\"og:type\" content=\"article\" \/>\n<meta property=\"og:title\" content=\"Benefici\u00e1rios do BPC podem pedir desconto na tarifa de energia el\u00e9trica - P\u00f3lis Recreio\" \/>\n<meta property=\"og:description\" content=\"Mais de 4,6 milh\u00f5es de pessoas que recebem o Benef\u00edcio de Presta\u00e7\u00e3o Continuada \u201cBPC\u201d t\u00eam direito a desconto na tarifa de energia el\u00e9trica. A redu\u00e7\u00e3o no valor da fatura pode chegar a 65% e \u00e9 garantida pela Tarifa Social de Energia El\u00e9trica, mas nem todos sabem dessa vantagem. Hoje, apenas 383 mil solicitaram a dedu\u00e7\u00e3o, [&hellip;]\" \/>\n<meta property=\"og:url\" content=\"https:\/\/www.polisrecreio.com.br\/site\/2019\/03\/25\/beneficiarios-do-bpc-podem-pedir-desconto-na-tarifa-de-energia-eletrica\/\" \/>\n<meta property=\"og:site_name\" content=\"P\u00f3lis Recreio\" \/>\n<meta property=\"article:publisher\" content=\"https:\/\/www.facebook.com\/Site-P%c3%b3lis-Recreio-MG-181941708571019\/\" \/>\n<meta property=\"article:published_time\" content=\"2019-03-25T18:51:58+00:00\" \/>\n<meta property=\"og:image\" content=\"https:\/\/www.polisrecreio.com.br\/site\/wp-content\/uploads\/2019\/03\/imagem_materia.jpg\" \/>\n\t<meta property=\"og:image:width\" content=\"750\" \/>\n\t<meta property=\"og:image:height\" content=\"500\" \/>\n<meta name=\"twitter:card\" content=\"summary_large_image\" \/>\n<meta name=\"twitter:creator\" content=\"@PolisRecreio\" \/>\n<meta name=\"twitter:site\" content=\"@PolisRecreio\" \/>\n<meta name=\"twitter:label1\" content=\"Est. reading time\">\n\t<meta name=\"twitter:data1\" content=\"2 minutos\">\n<script type=\"application\/ld+json\" class=\"yoast-schema-graph\">{\"@context\":\"https:\/\/schema.org\",\"@graph\":[{\"@type\":\"WebSite\",\"@id\":\"https:\/\/www.polisrecreio.com.br\/site\/#website\",\"url\":\"https:\/\/www.polisrecreio.com.br\/site\/\",\"name\":\"P\\u00f3lis Recreio\",\"description\":\"\",\"potentialAction\":[{\"@type\":\"SearchAction\",\"target\":\"https:\/\/www.polisrecreio.com.br\/site\/?s={search_term_string}\",\"query-input\":\"required name=search_term_string\"}],\"inLanguage\":\"pt-BR\"},{\"@type\":\"ImageObject\",\"@id\":\"https:\/\/www.polisrecreio.com.br\/site\/2019\/03\/25\/beneficiarios-do-bpc-podem-pedir-desconto-na-tarifa-de-energia-eletrica\/#primaryimage\",\"inLanguage\":\"pt-BR\",\"url\":\"https:\/\/www.polisrecreio.com.br\/site\/wp-content\/uploads\/2019\/03\/imagem_materia.jpg\",\"width\":750,\"height\":500},{\"@type\":\"WebPage\",\"@id\":\"https:\/\/www.polisrecreio.com.br\/site\/2019\/03\/25\/beneficiarios-do-bpc-podem-pedir-desconto-na-tarifa-de-energia-eletrica\/#webpage\",\"url\":\"https:\/\/www.polisrecreio.com.br\/site\/2019\/03\/25\/beneficiarios-do-bpc-podem-pedir-desconto-na-tarifa-de-energia-eletrica\/\",\"name\":\"Benefici\\u00e1rios do BPC podem pedir desconto na tarifa de energia el\\u00e9trica - P\\u00f3lis Recreio\",\"isPartOf\":{\"@id\":\"https:\/\/www.polisrecreio.com.br\/site\/#website\"},\"primaryImageOfPage\":{\"@id\":\"https:\/\/www.polisrecreio.com.br\/site\/2019\/03\/25\/beneficiarios-do-bpc-podem-pedir-desconto-na-tarifa-de-energia-eletrica\/#primaryimage\"},\"datePublished\":\"2019-03-25T18:51:58+00:00\",\"dateModified\":\"2019-03-25T18:51:58+00:00\",\"author\":{\"@id\":\"https:\/\/www.polisrecreio.com.br\/site\/#\/schema\/person\/3363c1c78e1e28e1329d97adb387638e\"},\"inLanguage\":\"pt-BR\",\"potentialAction\":[{\"@type\":\"ReadAction\",\"target\":[\"https:\/\/www.polisrecreio.com.br\/site\/2019\/03\/25\/beneficiarios-do-bpc-podem-pedir-desconto-na-tarifa-de-energia-eletrica\/\"]}]},{\"@type\":\"Person\",\"@id\":\"https:\/\/www.polisrecreio.com.br\/site\/#\/schema\/person\/3363c1c78e1e28e1329d97adb387638e\",\"name\":\"Leonardo Ribeiro\",\"image\":{\"@type\":\"ImageObject\",\"@id\":\"https:\/\/www.polisrecreio.com.br\/site\/#personlogo\",\"inLanguage\":\"pt-BR\",\"url\":\"https:\/\/secure.gravatar.com\/avatar\/6ba92a37d621e1a83e23710251178a12?s=96&d=mm&r=g\",\"caption\":\"Leonardo Ribeiro\"},\"sameAs\":[\"http:\/\/www.polisrecreio.com.br\"]}]}<\/script>\n<!-- \/ Yoast SEO plugin. -->","_links":{"self":[{"href":"https:\/\/www.polisrecreio.com.br\/site\/wp-json\/wp\/v2\/posts\/13535"}],"collection":[{"href":"https:\/\/www.polisrecreio.com.br\/site\/wp-json\/wp\/v2\/posts"}],"about":[{"href":"https:\/\/www.polisrecreio.com.br\/site\/wp-json\/wp\/v2\/types\/post"}],"author":[{"embeddable":true,"href":"https:\/\/www.polisrecreio.com.br\/site\/wp-json\/wp\/v2\/users\/3"}],"replies":[{"embeddable":true,"href":"https:\/\/www.polisrecreio.com.br\/site\/wp-json\/wp\/v2\/comments?post=13535"}],"version-history":[{"count":1,"href":"https:\/\/www.polisrecreio.com.br\/site\/wp-json\/wp\/v2\/posts\/13535\/revisions"}],"predecessor-version":[{"id":13538,"href":"https:\/\/www.polisrecreio.com.br\/site\/wp-json\/wp\/v2\/posts\/13535\/revisions\/13538"}],"wp:featuredmedia":[{"embeddable":true,"href":"https:\/\/www.polisrecreio.com.br\/site\/wp-json\/wp\/v2\/media\/13536"}],"wp:attachment":[{"href":"https:\/\/www.polisrecreio.com.br\/site\/wp-json\/wp\/v2\/media?parent=13535"}],"wp:term":[{"taxonomy":"category","embeddable":true,"href":"https:\/\/www.polisrecreio.com.br\/site\/wp-json\/wp\/v2\/categories?post=13535"},{"taxonomy":"post_tag","embeddable":true,"href":"https:\/\/www.polisrecreio.com.br\/site\/wp-json\/wp\/v2\/tags?post=13535"}],"curies":[{"name":"wp","href":"https:\/\/api.w.org\/{rel}","templated":true}]}}