{"id":13546,"date":"2019-03-26T11:55:52","date_gmt":"2019-03-26T14:55:52","guid":{"rendered":"http:\/\/www.polisrecreio.com.br\/site\/?p=13546"},"modified":"2019-03-26T11:55:52","modified_gmt":"2019-03-26T14:55:52","slug":"prefeito-de-recreio-informa-cronograma-de-pagamento-dos-servidores","status":"publish","type":"post","link":"https:\/\/www.polisrecreio.com.br\/site\/2019\/03\/26\/prefeito-de-recreio-informa-cronograma-de-pagamento-dos-servidores\/","title":{"rendered":"Prefeito de Recreio informa cronograma de pagamento dos servidores"},"content":{"rendered":"<p style=\"text-align: justify;\">O prefeito de Recreio, Jos\u00e9 Maria Barros, informou pela manh\u00e3 desta ter\u00e7a-feira (26) o cronograma de pagamento, alusivo ao m\u00eas trabalhado de mar\u00e7o, dos servidores p\u00fablicos municipais: 27, 28 e 29 de mar\u00e7o.<\/p>\n<p><!--more--><\/p>\n<figure id=\"attachment_12515\" aria-describedby=\"caption-attachment-12515\" style=\"width: 750px\" class=\"wp-caption aligncenter\"><a href=\"http:\/\/www.polisrecreio.com.br\/site\/wp-content\/uploads\/2019\/01\/DSC_0444.jpg\"><img loading=\"lazy\" class=\"size-full wp-image-12515\" src=\"http:\/\/www.polisrecreio.com.br\/site\/wp-content\/uploads\/2019\/01\/DSC_0444.jpg\" alt=\"\" width=\"750\" height=\"500\" srcset=\"https:\/\/www.polisrecreio.com.br\/site\/wp-content\/uploads\/2019\/01\/DSC_0444.jpg 750w, https:\/\/www.polisrecreio.com.br\/site\/wp-content\/uploads\/2019\/01\/DSC_0444-300x200.jpg 300w\" sizes=\"(max-width: 750px) 100vw, 750px\" \/><\/a><figcaption id=\"caption-attachment-12515\" class=\"wp-caption-text\">Prefeito de Recreio, Jos\u00e9 Maria Barros.<\/figcaption><\/figure>\n<p style=\"text-align: justify;\">Cronograma:<\/p>\n<ul style=\"text-align: justify;\">\n<li>27\/03 (quarta-feira) \u2013 Obras, Aposentados, Desenvolvimento Social e Administra\u00e7\u00e3o;<\/li>\n<li>28\/03 (quinta-feira) \u2013 Educa\u00e7\u00e3o;<\/li>\n<li>29\/03 (sexta-feira) \u2013 Sa\u00fade.<\/li>\n<\/ul>\n<p style=\"text-align: justify;\">Em meio ao caos nas finan\u00e7as p\u00fablicas municipais, acarretado pela crescente d\u00edvida do Governo do Estado com a Prefeitura (mais de R$ 3,5 milh\u00f5es), o prefeito de Recreio, Jos\u00e9 Maria Barros, vem conseguindo quitar a folha salarial dos servidores dentro dos prazos exigidos, ou at\u00e9 mesmo de maneira antecipada, como ocorrer\u00e1 neste m\u00eas. O prazo determinado para mar\u00e7o \u00e9 5 de abril.<\/p>\n<p><strong>D\u00edvida do Governo do Estado com Recreio (atualizada pela AMM em 27 de fevereiro de 2019)<\/strong><\/p>\n<ul>\n<li>R$ 519.359,31 \u2013 ICMS de 2018 e 2019;<\/li>\n<li>R$ 106.485,26 \u2013 FUNDEB (juros e corre\u00e7\u00f5es de 2017, 2018 e 2019);<\/li>\n<li>R$ 1.314.862,10 \u2013 Sa\u00fade;<\/li>\n<li>R$ 142.619,24 \u2013 ICMS (juros e corre\u00e7\u00f5es de 2017, 2018 e 2019);<\/li>\n<li>R$ 55.000,00 \u2013 Piso Mineira da Assist\u00eancia Social;<\/li>\n<li>R$ 12.600,00 \u2013 Transporte Escolar;<\/li>\n<li>R$ 1.367.424,25 \u2013 FUNDEB 2018 e 2019 \u2013 retidos do ICMS e IPVA para educa\u00e7\u00e3o;<\/li>\n<li><strong>Total da d\u00edvida \u2013 R$ 3.518.350,18.<\/strong><\/li>\n<\/ul>\n","protected":false},"excerpt":{"rendered":"<p>O prefeito de Recreio, Jos\u00e9 Maria Barros, informou pela manh\u00e3 desta ter\u00e7a-feira (26) o cronograma de pagamento, alusivo ao m\u00eas trabalhado de mar\u00e7o, dos servidores p\u00fablicos municipais: 27, 28 e 29 de mar\u00e7o.<\/p>\n","protected":false},"author":3,"featured_media":0,"comment_status":"open","ping_status":"open","sticky":false,"template":"","format":"standard","meta":[],"categories":[6],"tags":[],"yoast_head":"<!-- This site is optimized with the Yoast SEO plugin v15.6.2 - https:\/\/yoast.com\/wordpress\/plugins\/seo\/ -->\n<meta name=\"robots\" content=\"index, follow, max-snippet:-1, max-image-preview:large, max-video-preview:-1\" \/>\n<link rel=\"canonical\" href=\"https:\/\/www.polisrecreio.com.br\/site\/2019\/03\/26\/prefeito-de-recreio-informa-cronograma-de-pagamento-dos-servidores\/\" \/>\n<meta property=\"og:locale\" content=\"pt_BR\" \/>\n<meta property=\"og:type\" content=\"article\" \/>\n<meta property=\"og:title\" content=\"Prefeito de Recreio informa cronograma de pagamento dos servidores - P\u00f3lis Recreio\" \/>\n<meta property=\"og:description\" content=\"O prefeito de Recreio, Jos\u00e9 Maria Barros, informou pela manh\u00e3 desta ter\u00e7a-feira (26) o cronograma de pagamento, alusivo ao m\u00eas trabalhado de mar\u00e7o, dos servidores p\u00fablicos municipais: 27, 28 e 29 de mar\u00e7o.\" \/>\n<meta property=\"og:url\" content=\"https:\/\/www.polisrecreio.com.br\/site\/2019\/03\/26\/prefeito-de-recreio-informa-cronograma-de-pagamento-dos-servidores\/\" \/>\n<meta property=\"og:site_name\" content=\"P\u00f3lis Recreio\" \/>\n<meta property=\"article:publisher\" content=\"https:\/\/www.facebook.com\/Site-P%c3%b3lis-Recreio-MG-181941708571019\/\" \/>\n<meta property=\"article:published_time\" content=\"2019-03-26T14:55:52+00:00\" \/>\n<meta property=\"og:image\" content=\"http:\/\/www.polisrecreio.com.br\/site\/wp-content\/uploads\/2019\/01\/DSC_0444.jpg\" \/>\n<meta name=\"twitter:card\" content=\"summary_large_image\" \/>\n<meta name=\"twitter:creator\" content=\"@PolisRecreio\" \/>\n<meta name=\"twitter:site\" content=\"@PolisRecreio\" \/>\n<meta name=\"twitter:label1\" content=\"Est. reading time\">\n\t<meta name=\"twitter:data1\" content=\"1 minuto\">\n<script type=\"application\/ld+json\" class=\"yoast-schema-graph\">{\"@context\":\"https:\/\/schema.org\",\"@graph\":[{\"@type\":\"WebSite\",\"@id\":\"https:\/\/www.polisrecreio.com.br\/site\/#website\",\"url\":\"https:\/\/www.polisrecreio.com.br\/site\/\",\"name\":\"P\\u00f3lis Recreio\",\"description\":\"\",\"potentialAction\":[{\"@type\":\"SearchAction\",\"target\":\"https:\/\/www.polisrecreio.com.br\/site\/?s={search_term_string}\",\"query-input\":\"required name=search_term_string\"}],\"inLanguage\":\"pt-BR\"},{\"@type\":\"ImageObject\",\"@id\":\"https:\/\/www.polisrecreio.com.br\/site\/2019\/03\/26\/prefeito-de-recreio-informa-cronograma-de-pagamento-dos-servidores\/#primaryimage\",\"inLanguage\":\"pt-BR\",\"url\":\"http:\/\/www.polisrecreio.com.br\/site\/wp-content\/uploads\/2019\/01\/DSC_0444.jpg\"},{\"@type\":\"WebPage\",\"@id\":\"https:\/\/www.polisrecreio.com.br\/site\/2019\/03\/26\/prefeito-de-recreio-informa-cronograma-de-pagamento-dos-servidores\/#webpage\",\"url\":\"https:\/\/www.polisrecreio.com.br\/site\/2019\/03\/26\/prefeito-de-recreio-informa-cronograma-de-pagamento-dos-servidores\/\",\"name\":\"Prefeito de Recreio informa cronograma de pagamento dos servidores - P\\u00f3lis Recreio\",\"isPartOf\":{\"@id\":\"https:\/\/www.polisrecreio.com.br\/site\/#website\"},\"primaryImageOfPage\":{\"@id\":\"https:\/\/www.polisrecreio.com.br\/site\/2019\/03\/26\/prefeito-de-recreio-informa-cronograma-de-pagamento-dos-servidores\/#primaryimage\"},\"datePublished\":\"2019-03-26T14:55:52+00:00\",\"dateModified\":\"2019-03-26T14:55:52+00:00\",\"author\":{\"@id\":\"https:\/\/www.polisrecreio.com.br\/site\/#\/schema\/person\/3363c1c78e1e28e1329d97adb387638e\"},\"inLanguage\":\"pt-BR\",\"potentialAction\":[{\"@type\":\"ReadAction\",\"target\":[\"https:\/\/www.polisrecreio.com.br\/site\/2019\/03\/26\/prefeito-de-recreio-informa-cronograma-de-pagamento-dos-servidores\/\"]}]},{\"@type\":\"Person\",\"@id\":\"https:\/\/www.polisrecreio.com.br\/site\/#\/schema\/person\/3363c1c78e1e28e1329d97adb387638e\",\"name\":\"Leonardo Ribeiro\",\"image\":{\"@type\":\"ImageObject\",\"@id\":\"https:\/\/www.polisrecreio.com.br\/site\/#personlogo\",\"inLanguage\":\"pt-BR\",\"url\":\"https:\/\/secure.gravatar.com\/avatar\/6ba92a37d621e1a83e23710251178a12?s=96&d=mm&r=g\",\"caption\":\"Leonardo Ribeiro\"},\"sameAs\":[\"http:\/\/www.polisrecreio.com.br\"]}]}<\/script>\n<!-- \/ Yoast SEO plugin. -->","_links":{"self":[{"href":"https:\/\/www.polisrecreio.com.br\/site\/wp-json\/wp\/v2\/posts\/13546"}],"collection":[{"href":"https:\/\/www.polisrecreio.com.br\/site\/wp-json\/wp\/v2\/posts"}],"about":[{"href":"https:\/\/www.polisrecreio.com.br\/site\/wp-json\/wp\/v2\/types\/post"}],"author":[{"embeddable":true,"href":"https:\/\/www.polisrecreio.com.br\/site\/wp-json\/wp\/v2\/users\/3"}],"replies":[{"embeddable":true,"href":"https:\/\/www.polisrecreio.com.br\/site\/wp-json\/wp\/v2\/comments?post=13546"}],"version-history":[{"count":1,"href":"https:\/\/www.polisrecreio.com.br\/site\/wp-json\/wp\/v2\/posts\/13546\/revisions"}],"predecessor-version":[{"id":13547,"href":"https:\/\/www.polisrecreio.com.br\/site\/wp-json\/wp\/v2\/posts\/13546\/revisions\/13547"}],"wp:attachment":[{"href":"https:\/\/www.polisrecreio.com.br\/site\/wp-json\/wp\/v2\/media?parent=13546"}],"wp:term":[{"taxonomy":"category","embeddable":true,"href":"https:\/\/www.polisrecreio.com.br\/site\/wp-json\/wp\/v2\/categories?post=13546"},{"taxonomy":"post_tag","embeddable":true,"href":"https:\/\/www.polisrecreio.com.br\/site\/wp-json\/wp\/v2\/tags?post=13546"}],"curies":[{"name":"wp","href":"https:\/\/api.w.org\/{rel}","templated":true}]}}