{"id":13548,"date":"2019-03-26T20:18:59","date_gmt":"2019-03-26T23:18:59","guid":{"rendered":"http:\/\/www.polisrecreio.com.br\/site\/?p=13548"},"modified":"2019-03-26T20:18:59","modified_gmt":"2019-03-26T23:18:59","slug":"eta-recebe-visita-de-estudantes-da-e-m-professora-nice","status":"publish","type":"post","link":"https:\/\/www.polisrecreio.com.br\/site\/2019\/03\/26\/eta-recebe-visita-de-estudantes-da-e-m-professora-nice\/","title":{"rendered":"ETA recebe visita de estudantes da E.M Professora Nice"},"content":{"rendered":"<p style=\"text-align: justify;\">A Esta\u00e7\u00e3o de Tratamento de \u00c1gua de Recreio \u201cETA\u201d, localizada no bairro do Alto do Asilo, recebeu nesta ter\u00e7a-feira (26) a visita de duas turmas de estudantes do 5\u00ba ano da E.M Professora Nice Damasceno de Almeida Muniz.<\/p>\n<p><!--more--><\/p>\n<p><a href=\"http:\/\/www.polisrecreio.com.br\/site\/wp-content\/uploads\/2019\/03\/55503405_2072511202868049_2940239906812723200_n.jpg\"><img loading=\"lazy\" class=\"aligncenter size-full wp-image-13549\" src=\"http:\/\/www.polisrecreio.com.br\/site\/wp-content\/uploads\/2019\/03\/55503405_2072511202868049_2940239906812723200_n.jpg\" alt=\"\" width=\"750\" height=\"496\" srcset=\"https:\/\/www.polisrecreio.com.br\/site\/wp-content\/uploads\/2019\/03\/55503405_2072511202868049_2940239906812723200_n.jpg 750w, https:\/\/www.polisrecreio.com.br\/site\/wp-content\/uploads\/2019\/03\/55503405_2072511202868049_2940239906812723200_n-300x198.jpg 300w\" sizes=\"(max-width: 750px) 100vw, 750px\" \/><\/a><\/p>\n<p style=\"text-align: justify;\">As crian\u00e7as aprenderam o processo de tratamento da \u00e1gua e de como ela \u00e9 encaminhada para o abastecimento de suas casas. A atividade extraclasse integrou o plano de aula das professoras Aline Lopes e Adriana Amorim, dentro do m\u00eas que se comemorou o Dia Mundial da \u00c1gua. Ap\u00f3s a visita\u00e7\u00e3o os estudantes se deliciaram com um lanche.<\/p>\n<p style=\"text-align: justify;\">A ETA \u00e9 administrada pelo Servi\u00e7o Aut\u00f4nomo de \u00c1gua e Esgoto de Recreio \u201cSAAE\u201d.<\/p>\n<p><a href=\"http:\/\/www.polisrecreio.com.br\/site\/wp-content\/uploads\/2019\/03\/55596889_2072511339534702_6282975045908168704_n.jpg\"><img loading=\"lazy\" class=\"aligncenter size-full wp-image-13550\" src=\"http:\/\/www.polisrecreio.com.br\/site\/wp-content\/uploads\/2019\/03\/55596889_2072511339534702_6282975045908168704_n.jpg\" alt=\"\" width=\"750\" height=\"563\" srcset=\"https:\/\/www.polisrecreio.com.br\/site\/wp-content\/uploads\/2019\/03\/55596889_2072511339534702_6282975045908168704_n.jpg 750w, https:\/\/www.polisrecreio.com.br\/site\/wp-content\/uploads\/2019\/03\/55596889_2072511339534702_6282975045908168704_n-300x225.jpg 300w\" sizes=\"(max-width: 750px) 100vw, 750px\" \/><\/a><\/p>\n<p><a href=\"http:\/\/www.polisrecreio.com.br\/site\/wp-content\/uploads\/2019\/03\/55519576_2072511619534674_6591964051268435968_n.jpg\"><img loading=\"lazy\" class=\"aligncenter size-full wp-image-13551\" src=\"http:\/\/www.polisrecreio.com.br\/site\/wp-content\/uploads\/2019\/03\/55519576_2072511619534674_6591964051268435968_n.jpg\" alt=\"\" width=\"750\" height=\"563\" srcset=\"https:\/\/www.polisrecreio.com.br\/site\/wp-content\/uploads\/2019\/03\/55519576_2072511619534674_6591964051268435968_n.jpg 750w, https:\/\/www.polisrecreio.com.br\/site\/wp-content\/uploads\/2019\/03\/55519576_2072511619534674_6591964051268435968_n-300x225.jpg 300w\" sizes=\"(max-width: 750px) 100vw, 750px\" \/><\/a><\/p>\n","protected":false},"excerpt":{"rendered":"<p>A Esta\u00e7\u00e3o de Tratamento de \u00c1gua de Recreio \u201cETA\u201d, localizada no bairro do Alto do Asilo, recebeu nesta ter\u00e7a-feira (26) a visita de duas turmas de estudantes do 5\u00ba ano da E.M Professora Nice Damasceno de Almeida Muniz.<\/p>\n","protected":false},"author":3,"featured_media":13549,"comment_status":"open","ping_status":"open","sticky":false,"template":"","format":"standard","meta":[],"categories":[9],"tags":[],"yoast_head":"<!-- This site is optimized with the Yoast SEO plugin v15.6.2 - https:\/\/yoast.com\/wordpress\/plugins\/seo\/ -->\n<meta name=\"robots\" content=\"index, follow, max-snippet:-1, max-image-preview:large, max-video-preview:-1\" \/>\n<link rel=\"canonical\" href=\"https:\/\/www.polisrecreio.com.br\/site\/2019\/03\/26\/eta-recebe-visita-de-estudantes-da-e-m-professora-nice\/\" \/>\n<meta property=\"og:locale\" content=\"pt_BR\" \/>\n<meta property=\"og:type\" content=\"article\" \/>\n<meta property=\"og:title\" content=\"ETA recebe visita de estudantes da E.M Professora Nice - P\u00f3lis Recreio\" \/>\n<meta property=\"og:description\" content=\"A Esta\u00e7\u00e3o de Tratamento de \u00c1gua de Recreio \u201cETA\u201d, localizada no bairro do Alto do Asilo, recebeu nesta ter\u00e7a-feira (26) a visita de duas turmas de estudantes do 5\u00ba ano da E.M Professora Nice Damasceno de Almeida Muniz.\" \/>\n<meta property=\"og:url\" content=\"https:\/\/www.polisrecreio.com.br\/site\/2019\/03\/26\/eta-recebe-visita-de-estudantes-da-e-m-professora-nice\/\" \/>\n<meta property=\"og:site_name\" content=\"P\u00f3lis Recreio\" \/>\n<meta property=\"article:publisher\" content=\"https:\/\/www.facebook.com\/Site-P%c3%b3lis-Recreio-MG-181941708571019\/\" \/>\n<meta property=\"article:published_time\" content=\"2019-03-26T23:18:59+00:00\" \/>\n<meta property=\"og:image\" content=\"https:\/\/www.polisrecreio.com.br\/site\/wp-content\/uploads\/2019\/03\/55503405_2072511202868049_2940239906812723200_n.jpg\" \/>\n\t<meta property=\"og:image:width\" content=\"750\" \/>\n\t<meta property=\"og:image:height\" content=\"496\" \/>\n<meta name=\"twitter:card\" content=\"summary_large_image\" \/>\n<meta name=\"twitter:creator\" content=\"@PolisRecreio\" \/>\n<meta name=\"twitter:site\" content=\"@PolisRecreio\" \/>\n<meta name=\"twitter:label1\" content=\"Est. reading time\">\n\t<meta name=\"twitter:data1\" content=\"1 minuto\">\n<script type=\"application\/ld+json\" class=\"yoast-schema-graph\">{\"@context\":\"https:\/\/schema.org\",\"@graph\":[{\"@type\":\"WebSite\",\"@id\":\"https:\/\/www.polisrecreio.com.br\/site\/#website\",\"url\":\"https:\/\/www.polisrecreio.com.br\/site\/\",\"name\":\"P\\u00f3lis Recreio\",\"description\":\"\",\"potentialAction\":[{\"@type\":\"SearchAction\",\"target\":\"https:\/\/www.polisrecreio.com.br\/site\/?s={search_term_string}\",\"query-input\":\"required name=search_term_string\"}],\"inLanguage\":\"pt-BR\"},{\"@type\":\"ImageObject\",\"@id\":\"https:\/\/www.polisrecreio.com.br\/site\/2019\/03\/26\/eta-recebe-visita-de-estudantes-da-e-m-professora-nice\/#primaryimage\",\"inLanguage\":\"pt-BR\",\"url\":\"https:\/\/www.polisrecreio.com.br\/site\/wp-content\/uploads\/2019\/03\/55503405_2072511202868049_2940239906812723200_n.jpg\",\"width\":750,\"height\":496},{\"@type\":\"WebPage\",\"@id\":\"https:\/\/www.polisrecreio.com.br\/site\/2019\/03\/26\/eta-recebe-visita-de-estudantes-da-e-m-professora-nice\/#webpage\",\"url\":\"https:\/\/www.polisrecreio.com.br\/site\/2019\/03\/26\/eta-recebe-visita-de-estudantes-da-e-m-professora-nice\/\",\"name\":\"ETA recebe visita de estudantes da E.M Professora Nice - P\\u00f3lis Recreio\",\"isPartOf\":{\"@id\":\"https:\/\/www.polisrecreio.com.br\/site\/#website\"},\"primaryImageOfPage\":{\"@id\":\"https:\/\/www.polisrecreio.com.br\/site\/2019\/03\/26\/eta-recebe-visita-de-estudantes-da-e-m-professora-nice\/#primaryimage\"},\"datePublished\":\"2019-03-26T23:18:59+00:00\",\"dateModified\":\"2019-03-26T23:18:59+00:00\",\"author\":{\"@id\":\"https:\/\/www.polisrecreio.com.br\/site\/#\/schema\/person\/3363c1c78e1e28e1329d97adb387638e\"},\"inLanguage\":\"pt-BR\",\"potentialAction\":[{\"@type\":\"ReadAction\",\"target\":[\"https:\/\/www.polisrecreio.com.br\/site\/2019\/03\/26\/eta-recebe-visita-de-estudantes-da-e-m-professora-nice\/\"]}]},{\"@type\":\"Person\",\"@id\":\"https:\/\/www.polisrecreio.com.br\/site\/#\/schema\/person\/3363c1c78e1e28e1329d97adb387638e\",\"name\":\"Leonardo Ribeiro\",\"image\":{\"@type\":\"ImageObject\",\"@id\":\"https:\/\/www.polisrecreio.com.br\/site\/#personlogo\",\"inLanguage\":\"pt-BR\",\"url\":\"https:\/\/secure.gravatar.com\/avatar\/6ba92a37d621e1a83e23710251178a12?s=96&d=mm&r=g\",\"caption\":\"Leonardo Ribeiro\"},\"sameAs\":[\"http:\/\/www.polisrecreio.com.br\"]}]}<\/script>\n<!-- \/ Yoast SEO plugin. -->","_links":{"self":[{"href":"https:\/\/www.polisrecreio.com.br\/site\/wp-json\/wp\/v2\/posts\/13548"}],"collection":[{"href":"https:\/\/www.polisrecreio.com.br\/site\/wp-json\/wp\/v2\/posts"}],"about":[{"href":"https:\/\/www.polisrecreio.com.br\/site\/wp-json\/wp\/v2\/types\/post"}],"author":[{"embeddable":true,"href":"https:\/\/www.polisrecreio.com.br\/site\/wp-json\/wp\/v2\/users\/3"}],"replies":[{"embeddable":true,"href":"https:\/\/www.polisrecreio.com.br\/site\/wp-json\/wp\/v2\/comments?post=13548"}],"version-history":[{"count":1,"href":"https:\/\/www.polisrecreio.com.br\/site\/wp-json\/wp\/v2\/posts\/13548\/revisions"}],"predecessor-version":[{"id":13552,"href":"https:\/\/www.polisrecreio.com.br\/site\/wp-json\/wp\/v2\/posts\/13548\/revisions\/13552"}],"wp:featuredmedia":[{"embeddable":true,"href":"https:\/\/www.polisrecreio.com.br\/site\/wp-json\/wp\/v2\/media\/13549"}],"wp:attachment":[{"href":"https:\/\/www.polisrecreio.com.br\/site\/wp-json\/wp\/v2\/media?parent=13548"}],"wp:term":[{"taxonomy":"category","embeddable":true,"href":"https:\/\/www.polisrecreio.com.br\/site\/wp-json\/wp\/v2\/categories?post=13548"},{"taxonomy":"post_tag","embeddable":true,"href":"https:\/\/www.polisrecreio.com.br\/site\/wp-json\/wp\/v2\/tags?post=13548"}],"curies":[{"name":"wp","href":"https:\/\/api.w.org\/{rel}","templated":true}]}}