{"id":13582,"date":"2019-03-30T12:28:57","date_gmt":"2019-03-30T15:28:57","guid":{"rendered":"http:\/\/www.polisrecreio.com.br\/site\/?p=13582"},"modified":"2019-03-30T12:42:35","modified_gmt":"2019-03-30T15:42:35","slug":"base-do-recreio-e-c-joga-neste-sabado-30-no-estadio-euvaldo-lodi-pelo-regional-da-lec","status":"publish","type":"post","link":"https:\/\/www.polisrecreio.com.br\/site\/2019\/03\/30\/base-do-recreio-e-c-joga-neste-sabado-30-no-estadio-euvaldo-lodi-pelo-regional-da-lec\/","title":{"rendered":"Base do Recreio E.C joga neste s\u00e1bado (30) no Est\u00e1dio Euvaldo Lodi pelo Regional da LEC"},"content":{"rendered":"<p style=\"text-align: justify;\">Os dois times da base do Recreio Esporte Clube \u2013 sub-13 e sub-15 \u2013 jogam neste s\u00e1bado (30) no Est\u00e1dio Euvaldo Lodi, contra o Cruzeiro (Muria\u00e9), pelo Campeonato Regional da Liga Esportiva de Cataguases. A primeira partida come\u00e7a \u00e0s 15h. Entrada franca.<\/p>\n<p><!--more--><\/p>\n<p><a href=\"http:\/\/www.polisrecreio.com.br\/site\/wp-content\/uploads\/2019\/03\/54730760_10219094194686209_6052193125810569216_n.jpg\"><img loading=\"lazy\" class=\"aligncenter size-full wp-image-13524\" src=\"http:\/\/www.polisrecreio.com.br\/site\/wp-content\/uploads\/2019\/03\/54730760_10219094194686209_6052193125810569216_n.jpg\" alt=\"\" width=\"750\" height=\"513\" srcset=\"https:\/\/www.polisrecreio.com.br\/site\/wp-content\/uploads\/2019\/03\/54730760_10219094194686209_6052193125810569216_n.jpg 750w, https:\/\/www.polisrecreio.com.br\/site\/wp-content\/uploads\/2019\/03\/54730760_10219094194686209_6052193125810569216_n-300x205.jpg 300w\" sizes=\"(max-width: 750px) 100vw, 750px\" \/><\/a><\/p>\n<p style=\"text-align: justify;\">A garotada do Le\u00e3o tenta se recuperar na competi\u00e7\u00e3o depois de perder na primeira rodada em Palma para o Palmense: 8X0, no sub-13, e 2X1, no sub-15.<\/p>\n<p style=\"text-align: justify;\">O grupo do sub-13 \u00e9 formado por Recreio E.C, Palmense (Palma), Cruzeiro (Muria\u00e9), Esporte de Laranjal e Pirapetinga. J\u00e1 o sub-15 tem Recreio E.C, Palmense (Palma), Cruzeiro (Muria\u00e9), Ideal E.C e Pirapetinga.<\/p>\n","protected":false},"excerpt":{"rendered":"<p>Os dois times da base do Recreio Esporte Clube \u2013 sub-13 e sub-15 \u2013 jogam neste s\u00e1bado (30) no Est\u00e1dio Euvaldo Lodi, contra o Cruzeiro (Muria\u00e9), pelo Campeonato Regional da Liga Esportiva de Cataguases. A primeira partida come\u00e7a \u00e0s 15h. Entrada franca.<\/p>\n","protected":false},"author":3,"featured_media":13524,"comment_status":"open","ping_status":"open","sticky":false,"template":"","format":"standard","meta":[],"categories":[4],"tags":[],"yoast_head":"<!-- This site is optimized with the Yoast SEO plugin v15.6.2 - https:\/\/yoast.com\/wordpress\/plugins\/seo\/ -->\n<meta name=\"robots\" content=\"index, follow, max-snippet:-1, max-image-preview:large, max-video-preview:-1\" \/>\n<link rel=\"canonical\" href=\"https:\/\/www.polisrecreio.com.br\/site\/2019\/03\/30\/base-do-recreio-e-c-joga-neste-sabado-30-no-estadio-euvaldo-lodi-pelo-regional-da-lec\/\" \/>\n<meta property=\"og:locale\" content=\"pt_BR\" \/>\n<meta property=\"og:type\" content=\"article\" \/>\n<meta property=\"og:title\" content=\"Base do Recreio E.C joga neste s\u00e1bado (30) no Est\u00e1dio Euvaldo Lodi pelo Regional da LEC - P\u00f3lis Recreio\" \/>\n<meta property=\"og:description\" content=\"Os dois times da base do Recreio Esporte Clube \u2013 sub-13 e sub-15 \u2013 jogam neste s\u00e1bado (30) no Est\u00e1dio Euvaldo Lodi, contra o Cruzeiro (Muria\u00e9), pelo Campeonato Regional da Liga Esportiva de Cataguases. A primeira partida come\u00e7a \u00e0s 15h. Entrada franca.\" \/>\n<meta property=\"og:url\" content=\"https:\/\/www.polisrecreio.com.br\/site\/2019\/03\/30\/base-do-recreio-e-c-joga-neste-sabado-30-no-estadio-euvaldo-lodi-pelo-regional-da-lec\/\" \/>\n<meta property=\"og:site_name\" content=\"P\u00f3lis Recreio\" \/>\n<meta property=\"article:publisher\" content=\"https:\/\/www.facebook.com\/Site-P%c3%b3lis-Recreio-MG-181941708571019\/\" \/>\n<meta property=\"article:published_time\" content=\"2019-03-30T15:28:57+00:00\" \/>\n<meta property=\"article:modified_time\" content=\"2019-03-30T15:42:35+00:00\" \/>\n<meta property=\"og:image\" content=\"https:\/\/www.polisrecreio.com.br\/site\/wp-content\/uploads\/2019\/03\/54730760_10219094194686209_6052193125810569216_n.jpg\" \/>\n\t<meta property=\"og:image:width\" content=\"750\" \/>\n\t<meta property=\"og:image:height\" content=\"513\" \/>\n<meta name=\"twitter:card\" content=\"summary_large_image\" \/>\n<meta name=\"twitter:creator\" content=\"@PolisRecreio\" \/>\n<meta name=\"twitter:site\" content=\"@PolisRecreio\" \/>\n<meta name=\"twitter:label1\" content=\"Est. reading time\">\n\t<meta name=\"twitter:data1\" content=\"1 minuto\">\n<script type=\"application\/ld+json\" class=\"yoast-schema-graph\">{\"@context\":\"https:\/\/schema.org\",\"@graph\":[{\"@type\":\"WebSite\",\"@id\":\"https:\/\/www.polisrecreio.com.br\/site\/#website\",\"url\":\"https:\/\/www.polisrecreio.com.br\/site\/\",\"name\":\"P\\u00f3lis Recreio\",\"description\":\"\",\"potentialAction\":[{\"@type\":\"SearchAction\",\"target\":\"https:\/\/www.polisrecreio.com.br\/site\/?s={search_term_string}\",\"query-input\":\"required name=search_term_string\"}],\"inLanguage\":\"pt-BR\"},{\"@type\":\"ImageObject\",\"@id\":\"https:\/\/www.polisrecreio.com.br\/site\/2019\/03\/30\/base-do-recreio-e-c-joga-neste-sabado-30-no-estadio-euvaldo-lodi-pelo-regional-da-lec\/#primaryimage\",\"inLanguage\":\"pt-BR\",\"url\":\"https:\/\/www.polisrecreio.com.br\/site\/wp-content\/uploads\/2019\/03\/54730760_10219094194686209_6052193125810569216_n.jpg\",\"width\":750,\"height\":513},{\"@type\":\"WebPage\",\"@id\":\"https:\/\/www.polisrecreio.com.br\/site\/2019\/03\/30\/base-do-recreio-e-c-joga-neste-sabado-30-no-estadio-euvaldo-lodi-pelo-regional-da-lec\/#webpage\",\"url\":\"https:\/\/www.polisrecreio.com.br\/site\/2019\/03\/30\/base-do-recreio-e-c-joga-neste-sabado-30-no-estadio-euvaldo-lodi-pelo-regional-da-lec\/\",\"name\":\"Base do Recreio E.C joga neste s\\u00e1bado (30) no Est\\u00e1dio Euvaldo Lodi pelo Regional da LEC - P\\u00f3lis Recreio\",\"isPartOf\":{\"@id\":\"https:\/\/www.polisrecreio.com.br\/site\/#website\"},\"primaryImageOfPage\":{\"@id\":\"https:\/\/www.polisrecreio.com.br\/site\/2019\/03\/30\/base-do-recreio-e-c-joga-neste-sabado-30-no-estadio-euvaldo-lodi-pelo-regional-da-lec\/#primaryimage\"},\"datePublished\":\"2019-03-30T15:28:57+00:00\",\"dateModified\":\"2019-03-30T15:42:35+00:00\",\"author\":{\"@id\":\"https:\/\/www.polisrecreio.com.br\/site\/#\/schema\/person\/3363c1c78e1e28e1329d97adb387638e\"},\"inLanguage\":\"pt-BR\",\"potentialAction\":[{\"@type\":\"ReadAction\",\"target\":[\"https:\/\/www.polisrecreio.com.br\/site\/2019\/03\/30\/base-do-recreio-e-c-joga-neste-sabado-30-no-estadio-euvaldo-lodi-pelo-regional-da-lec\/\"]}]},{\"@type\":\"Person\",\"@id\":\"https:\/\/www.polisrecreio.com.br\/site\/#\/schema\/person\/3363c1c78e1e28e1329d97adb387638e\",\"name\":\"Leonardo Ribeiro\",\"image\":{\"@type\":\"ImageObject\",\"@id\":\"https:\/\/www.polisrecreio.com.br\/site\/#personlogo\",\"inLanguage\":\"pt-BR\",\"url\":\"https:\/\/secure.gravatar.com\/avatar\/6ba92a37d621e1a83e23710251178a12?s=96&d=mm&r=g\",\"caption\":\"Leonardo Ribeiro\"},\"sameAs\":[\"http:\/\/www.polisrecreio.com.br\"]}]}<\/script>\n<!-- \/ Yoast SEO plugin. -->","_links":{"self":[{"href":"https:\/\/www.polisrecreio.com.br\/site\/wp-json\/wp\/v2\/posts\/13582"}],"collection":[{"href":"https:\/\/www.polisrecreio.com.br\/site\/wp-json\/wp\/v2\/posts"}],"about":[{"href":"https:\/\/www.polisrecreio.com.br\/site\/wp-json\/wp\/v2\/types\/post"}],"author":[{"embeddable":true,"href":"https:\/\/www.polisrecreio.com.br\/site\/wp-json\/wp\/v2\/users\/3"}],"replies":[{"embeddable":true,"href":"https:\/\/www.polisrecreio.com.br\/site\/wp-json\/wp\/v2\/comments?post=13582"}],"version-history":[{"count":3,"href":"https:\/\/www.polisrecreio.com.br\/site\/wp-json\/wp\/v2\/posts\/13582\/revisions"}],"predecessor-version":[{"id":13585,"href":"https:\/\/www.polisrecreio.com.br\/site\/wp-json\/wp\/v2\/posts\/13582\/revisions\/13585"}],"wp:featuredmedia":[{"embeddable":true,"href":"https:\/\/www.polisrecreio.com.br\/site\/wp-json\/wp\/v2\/media\/13524"}],"wp:attachment":[{"href":"https:\/\/www.polisrecreio.com.br\/site\/wp-json\/wp\/v2\/media?parent=13582"}],"wp:term":[{"taxonomy":"category","embeddable":true,"href":"https:\/\/www.polisrecreio.com.br\/site\/wp-json\/wp\/v2\/categories?post=13582"},{"taxonomy":"post_tag","embeddable":true,"href":"https:\/\/www.polisrecreio.com.br\/site\/wp-json\/wp\/v2\/tags?post=13582"}],"curies":[{"name":"wp","href":"https:\/\/api.w.org\/{rel}","templated":true}]}}