{"id":13793,"date":"2019-04-25T17:23:28","date_gmt":"2019-04-25T20:23:28","guid":{"rendered":"http:\/\/www.polisrecreio.com.br\/site\/?p=13793"},"modified":"2019-04-25T17:27:18","modified_gmt":"2019-04-25T20:27:18","slug":"escolas-estaduais-de-mg-terao-eleicao-para-escolha-de-diretores","status":"publish","type":"post","link":"https:\/\/www.polisrecreio.com.br\/site\/2019\/04\/25\/escolas-estaduais-de-mg-terao-eleicao-para-escolha-de-diretores\/","title":{"rendered":"Escolas estaduais de MG ter\u00e3o elei\u00e7\u00e3o para escolha de diretores"},"content":{"rendered":"<p style=\"text-align: justify;\">A Secretaria de Estado de Educa\u00e7\u00e3o de Minas Gerais iniciou o processo de escolha dos novos diretores e vice-diretores das escolas estaduais. A elei\u00e7\u00e3o est\u00e1 marcada para dia 14 de junho. Em todo Estado ser\u00e3o escolhidos 3.443 gestores escolares. Em Recreio, o pleito acontecer\u00e1 na E.E Olavo Bilac e na E.E Presidente Carlos Luz (Concei\u00e7\u00e3o da Boa Vista).<\/p>\n<p><!--more--><\/p>\n<figure id=\"attachment_12741\" aria-describedby=\"caption-attachment-12741\" style=\"width: 750px\" class=\"wp-caption aligncenter\"><a href=\"http:\/\/www.polisrecreio.com.br\/site\/wp-content\/uploads\/2019\/01\/escolas.jpg\"><img loading=\"lazy\" class=\"size-full wp-image-12741\" src=\"http:\/\/www.polisrecreio.com.br\/site\/wp-content\/uploads\/2019\/01\/escolas.jpg\" alt=\"\" width=\"750\" height=\"500\" srcset=\"https:\/\/www.polisrecreio.com.br\/site\/wp-content\/uploads\/2019\/01\/escolas.jpg 750w, https:\/\/www.polisrecreio.com.br\/site\/wp-content\/uploads\/2019\/01\/escolas-300x200.jpg 300w\" sizes=\"(max-width: 750px) 100vw, 750px\" \/><\/a><figcaption id=\"caption-attachment-12741\" class=\"wp-caption-text\">E.E Olavo Bilac e E.E Pres. Carlos Luz.<\/figcaption><\/figure>\n<p style=\"text-align: justify;\">Segundo o superintendente de Recursos Humanos da Secretaria de Educa\u00e7\u00e3o, Paulo Henrique Rodrigues, \u201ctodas as chapas t\u00eam que desenvolver um plano de gest\u00e3o que ser\u00e1 apresentado e escolhido pela comunidade. \u00c9 importante que ele tenha coer\u00eancia e foco na aprendizagem dos alunos, na gest\u00e3o democr\u00e1tica e transparente. O plano deve ser desenvolvido ao longo do per\u00edodo de tr\u00eas anos\u201d.<\/p>\n<p style=\"text-align: justify;\">Todos os diretores e seus vice-diretores assinam um termo em que se comprometem a executar o planejamento proposto. \u201cUma inova\u00e7\u00e3o desse processo \u00e9 que ao assinar o termo de compromisso, os diretores e vices assumem uma s\u00e9rie de responsabilidades que abrangem os v\u00e1rios aspectos da gest\u00e3o escolar: pedag\u00f3gico, administrativos\/ financeiros e da gest\u00e3o de pessoal. O cumprimento desses compromissos \u00e9 um caminho para uma gest\u00e3o eficaz e transparente e que vai resultar na melhoria da qualidade da educa\u00e7\u00e3o\u201d, afirma Paulo Rodrigues.<\/p>\n<p style=\"text-align: justify;\">A\u00a0<a href=\"http:\/\/jornal.iof.mg.gov.br\/xmlui\/handle\/123456789\/218318\">Resolu\u00e7\u00e3o SEE n\u00ba 4.127\/2019<\/a> traz as novas normas do processo eleitoral.<\/p>\n<p style=\"text-align: justify;\"><strong>Crit\u00e9rios para participa\u00e7\u00e3o<\/strong><\/p>\n<p style=\"text-align: justify;\">Para se candidatar ao cargo de diretor \u00e9 necess\u00e1rio que o servidor interessado seja certificado. A Certifica\u00e7\u00e3o Ocupacional busca, por meio de prova, avaliar conhecimentos pedag\u00f3gicos, t\u00e9cnicos e as compet\u00eancias necess\u00e1rias ao satisfat\u00f3rio desempenho no cargo de Diretor de Escola Estadual. H\u00e1 dois processos de certifica\u00e7\u00e3o vigentes, realizados em 2015 e 2018, totalizando 12.729 servidores certificados.<\/p>\n<p>De acordo com a Resolu\u00e7\u00e3o SEE n\u00ba 4.127\/2019, podem se candidatar servidores efetivos ou designados, das carreiras de professor ou especialista em educa\u00e7\u00e3o, que comprove tempo de exerc\u00edcio m\u00ednimo de dois anos na escola para a qual pretende se candidatar, entre outros crit\u00e9rios<br \/>\nPara as escolas ind\u00edgenas e quilombolas ser\u00e3o divulgadas normas espec\u00edficas, por meio de resolu\u00e7\u00f5es pr\u00f3prias. J\u00e1 as escolas conveniadas, localizadas em unidades prisionais ou socioeducativas n\u00e3o participam do processo de escolha.<\/p>\n<p style=\"text-align: justify;\"><strong>Comiss\u00e3o organizadora<\/strong><\/p>\n<p style=\"text-align: justify;\">O processo ser\u00e1 coordenado por uma Comiss\u00e3o Organizadora, eleita em assembleia, composta por membros da comunidade escolar. A comiss\u00e3o \u00e9 respons\u00e1vel pelo planejamento, divulga\u00e7\u00e3o e coordena\u00e7\u00e3o do processo de escolha e convoca\u00e7\u00e3o da comunidade escolar para participar do processo.<\/p>\n<p>As Superintend\u00eancias Regionais de Ensino (SREs) dever\u00e3o orientar e acompanhar o processo de escolha de diretor e vice-diretor nas escolas de sua circunscri\u00e7\u00e3o.<\/p>\n<p><strong>Do cargo de diretor e da fun\u00e7\u00e3o de vice-diretor<\/strong><\/p>\n<p style=\"text-align: justify;\">O cargo em comiss\u00e3o de Diretor de Escola, com carga hor\u00e1ria de 40 horas semanais, ser\u00e1 exercido em regime de dedica\u00e7\u00e3o exclusiva. J\u00e1 a fun\u00e7\u00e3o de vice-diretor tem carga hor\u00e1ria de 30 horas semanais.<\/p>\n<p style=\"text-align: justify;\">O quantitativo de vice-diretor de escola estadual \u00e9 estabelecido com base no n\u00famero de matr\u00edculas e de turnos da Unidade de Ensino, conforme dados no Sistema Mineiro de Administra\u00e7\u00e3o Escolar (SIMADE) e o disposto na legisla\u00e7\u00e3o vigente do\u00a0<a href=\"http:\/\/www2.educacao.mg.gov.br\/component\/gmg\/story\/10079-secretaria-de-educacao-publica-resolucao-que-estabelece-normas-de-organizacao-do-quadro-de-pessoal-das-escolas-estaduais\">Quadro de Pessoal<\/a>.<\/p>\n<p style=\"text-align: justify;\"><strong>Quem pode votar<\/strong><\/p>\n<p style=\"text-align: justify;\">Podem participar do processo de escolha: profissionais em exerc\u00edcio na escola; aluno com idade igual ou superior a 14 anos; aluno matriculado no ensino m\u00e9dio ou educa\u00e7\u00e3o profissional, independente da idade; e pais ou respons\u00e1veis por aluno menor de 14 anos matriculado no ensino fundamental.<\/p>\n<p style=\"text-align: justify;\">O processo de vota\u00e7\u00e3o e de apura\u00e7\u00e3o dos votos ser\u00e1 realizado na pr\u00f3pria escola e conduzido por mesas receptoras de votos, sob a coordena\u00e7\u00e3o da Comiss\u00e3o Organizadora. O voto ser\u00e1 registrado em c\u00e9dulas de vota\u00e7\u00e3o.<\/p>\n<p style=\"text-align: justify;\">De acordo com o cronograma do processo, entre os dias 06 e 10 de maio, as escolas dever\u00e3o realizar assembleias com a comunidade escolar para composi\u00e7\u00e3o da Comiss\u00e3o Organizadora. A inscri\u00e7\u00e3o das chapas acontecer\u00e1 no per\u00edodo de 15 a 24 de maio e a apresenta\u00e7\u00e3o do Plano de Gest\u00e3o de 05 a 12 de junho. A vota\u00e7\u00e3o est\u00e1 marcada para o dia 14 de junho, o resultado sair\u00e1 no mesmo dia.\u00a0<a href=\"http:\/\/jornal.iof.mg.gov.br\/xmlui\/handle\/123456789\/218319\" target=\"_blank\" rel=\"noopener\">Confira AQUI o cronograma completo<\/a>.<\/p>\n<p><em>Com informa\u00e7\u00f5es: SEE MG.<\/em><\/p>\n","protected":false},"excerpt":{"rendered":"<p>A Secretaria de Estado de Educa\u00e7\u00e3o de Minas Gerais iniciou o processo de escolha dos novos diretores e vice-diretores das escolas estaduais. A elei\u00e7\u00e3o est\u00e1 marcada para dia 14 de junho. Em todo Estado ser\u00e3o escolhidos 3.443 gestores escolares. Em Recreio, o pleito acontecer\u00e1 na E.E Olavo Bilac e na E.E Presidente Carlos Luz (Concei\u00e7\u00e3o [&hellip;]<\/p>\n","protected":false},"author":3,"featured_media":0,"comment_status":"open","ping_status":"open","sticky":false,"template":"","format":"standard","meta":[],"categories":[9],"tags":[],"yoast_head":"<!-- This site is optimized with the Yoast SEO plugin v15.6.2 - https:\/\/yoast.com\/wordpress\/plugins\/seo\/ -->\n<meta name=\"robots\" content=\"index, follow, max-snippet:-1, max-image-preview:large, max-video-preview:-1\" \/>\n<link rel=\"canonical\" href=\"https:\/\/www.polisrecreio.com.br\/site\/2019\/04\/25\/escolas-estaduais-de-mg-terao-eleicao-para-escolha-de-diretores\/\" \/>\n<meta property=\"og:locale\" content=\"pt_BR\" \/>\n<meta property=\"og:type\" content=\"article\" \/>\n<meta property=\"og:title\" content=\"Escolas estaduais de MG ter\u00e3o elei\u00e7\u00e3o para escolha de diretores - P\u00f3lis Recreio\" \/>\n<meta property=\"og:description\" content=\"A Secretaria de Estado de Educa\u00e7\u00e3o de Minas Gerais iniciou o processo de escolha dos novos diretores e vice-diretores das escolas estaduais. A elei\u00e7\u00e3o est\u00e1 marcada para dia 14 de junho. Em todo Estado ser\u00e3o escolhidos 3.443 gestores escolares. Em Recreio, o pleito acontecer\u00e1 na E.E Olavo Bilac e na E.E Presidente Carlos Luz (Concei\u00e7\u00e3o [&hellip;]\" \/>\n<meta property=\"og:url\" content=\"https:\/\/www.polisrecreio.com.br\/site\/2019\/04\/25\/escolas-estaduais-de-mg-terao-eleicao-para-escolha-de-diretores\/\" \/>\n<meta property=\"og:site_name\" content=\"P\u00f3lis Recreio\" \/>\n<meta property=\"article:publisher\" content=\"https:\/\/www.facebook.com\/Site-P%c3%b3lis-Recreio-MG-181941708571019\/\" \/>\n<meta property=\"article:published_time\" content=\"2019-04-25T20:23:28+00:00\" \/>\n<meta property=\"article:modified_time\" content=\"2019-04-25T20:27:18+00:00\" \/>\n<meta property=\"og:image\" content=\"http:\/\/www.polisrecreio.com.br\/site\/wp-content\/uploads\/2019\/01\/escolas.jpg\" \/>\n<meta name=\"twitter:card\" content=\"summary_large_image\" \/>\n<meta name=\"twitter:creator\" content=\"@PolisRecreio\" \/>\n<meta name=\"twitter:site\" content=\"@PolisRecreio\" \/>\n<meta name=\"twitter:label1\" content=\"Est. reading time\">\n\t<meta name=\"twitter:data1\" content=\"4 minutos\">\n<script type=\"application\/ld+json\" class=\"yoast-schema-graph\">{\"@context\":\"https:\/\/schema.org\",\"@graph\":[{\"@type\":\"WebSite\",\"@id\":\"https:\/\/www.polisrecreio.com.br\/site\/#website\",\"url\":\"https:\/\/www.polisrecreio.com.br\/site\/\",\"name\":\"P\\u00f3lis Recreio\",\"description\":\"\",\"potentialAction\":[{\"@type\":\"SearchAction\",\"target\":\"https:\/\/www.polisrecreio.com.br\/site\/?s={search_term_string}\",\"query-input\":\"required name=search_term_string\"}],\"inLanguage\":\"pt-BR\"},{\"@type\":\"ImageObject\",\"@id\":\"https:\/\/www.polisrecreio.com.br\/site\/2019\/04\/25\/escolas-estaduais-de-mg-terao-eleicao-para-escolha-de-diretores\/#primaryimage\",\"inLanguage\":\"pt-BR\",\"url\":\"http:\/\/www.polisrecreio.com.br\/site\/wp-content\/uploads\/2019\/01\/escolas.jpg\"},{\"@type\":\"WebPage\",\"@id\":\"https:\/\/www.polisrecreio.com.br\/site\/2019\/04\/25\/escolas-estaduais-de-mg-terao-eleicao-para-escolha-de-diretores\/#webpage\",\"url\":\"https:\/\/www.polisrecreio.com.br\/site\/2019\/04\/25\/escolas-estaduais-de-mg-terao-eleicao-para-escolha-de-diretores\/\",\"name\":\"Escolas estaduais de MG ter\\u00e3o elei\\u00e7\\u00e3o para escolha de diretores - P\\u00f3lis Recreio\",\"isPartOf\":{\"@id\":\"https:\/\/www.polisrecreio.com.br\/site\/#website\"},\"primaryImageOfPage\":{\"@id\":\"https:\/\/www.polisrecreio.com.br\/site\/2019\/04\/25\/escolas-estaduais-de-mg-terao-eleicao-para-escolha-de-diretores\/#primaryimage\"},\"datePublished\":\"2019-04-25T20:23:28+00:00\",\"dateModified\":\"2019-04-25T20:27:18+00:00\",\"author\":{\"@id\":\"https:\/\/www.polisrecreio.com.br\/site\/#\/schema\/person\/3363c1c78e1e28e1329d97adb387638e\"},\"inLanguage\":\"pt-BR\",\"potentialAction\":[{\"@type\":\"ReadAction\",\"target\":[\"https:\/\/www.polisrecreio.com.br\/site\/2019\/04\/25\/escolas-estaduais-de-mg-terao-eleicao-para-escolha-de-diretores\/\"]}]},{\"@type\":\"Person\",\"@id\":\"https:\/\/www.polisrecreio.com.br\/site\/#\/schema\/person\/3363c1c78e1e28e1329d97adb387638e\",\"name\":\"Leonardo Ribeiro\",\"image\":{\"@type\":\"ImageObject\",\"@id\":\"https:\/\/www.polisrecreio.com.br\/site\/#personlogo\",\"inLanguage\":\"pt-BR\",\"url\":\"https:\/\/secure.gravatar.com\/avatar\/6ba92a37d621e1a83e23710251178a12?s=96&d=mm&r=g\",\"caption\":\"Leonardo Ribeiro\"},\"sameAs\":[\"http:\/\/www.polisrecreio.com.br\"]}]}<\/script>\n<!-- \/ Yoast SEO plugin. -->","_links":{"self":[{"href":"https:\/\/www.polisrecreio.com.br\/site\/wp-json\/wp\/v2\/posts\/13793"}],"collection":[{"href":"https:\/\/www.polisrecreio.com.br\/site\/wp-json\/wp\/v2\/posts"}],"about":[{"href":"https:\/\/www.polisrecreio.com.br\/site\/wp-json\/wp\/v2\/types\/post"}],"author":[{"embeddable":true,"href":"https:\/\/www.polisrecreio.com.br\/site\/wp-json\/wp\/v2\/users\/3"}],"replies":[{"embeddable":true,"href":"https:\/\/www.polisrecreio.com.br\/site\/wp-json\/wp\/v2\/comments?post=13793"}],"version-history":[{"count":4,"href":"https:\/\/www.polisrecreio.com.br\/site\/wp-json\/wp\/v2\/posts\/13793\/revisions"}],"predecessor-version":[{"id":13797,"href":"https:\/\/www.polisrecreio.com.br\/site\/wp-json\/wp\/v2\/posts\/13793\/revisions\/13797"}],"wp:attachment":[{"href":"https:\/\/www.polisrecreio.com.br\/site\/wp-json\/wp\/v2\/media?parent=13793"}],"wp:term":[{"taxonomy":"category","embeddable":true,"href":"https:\/\/www.polisrecreio.com.br\/site\/wp-json\/wp\/v2\/categories?post=13793"},{"taxonomy":"post_tag","embeddable":true,"href":"https:\/\/www.polisrecreio.com.br\/site\/wp-json\/wp\/v2\/tags?post=13793"}],"curies":[{"name":"wp","href":"https:\/\/api.w.org\/{rel}","templated":true}]}}