{"id":14696,"date":"2019-07-12T09:04:40","date_gmt":"2019-07-12T12:04:40","guid":{"rendered":"http:\/\/www.polisrecreio.com.br\/site\/?p=14696"},"modified":"2019-07-12T09:05:12","modified_gmt":"2019-07-12T12:05:12","slug":"vacinacao-antirrabica-termina-segunda-feira-15-em-recreio","status":"publish","type":"post","link":"https:\/\/www.polisrecreio.com.br\/site\/2019\/07\/12\/vacinacao-antirrabica-termina-segunda-feira-15-em-recreio\/","title":{"rendered":"Vacina\u00e7\u00e3o antirr\u00e1bica termina segunda-feira (15) em Recreio"},"content":{"rendered":"<p style=\"text-align: justify;\">A campanha de vacina\u00e7\u00e3o antirr\u00e1bica termina na pr\u00f3xima segunda-feira (15) em Recreio. C\u00e3es e gatos a partir dos 3 meses de idade devem ser vacinados.<\/p>\n<p><!--more--><\/p>\n<p><a href=\"http:\/\/www.polisrecreio.com.br\/site\/wp-content\/uploads\/2019\/07\/aa.jpg\"><img loading=\"lazy\" class=\"aligncenter size-full wp-image-14697\" src=\"http:\/\/www.polisrecreio.com.br\/site\/wp-content\/uploads\/2019\/07\/aa.jpg\" alt=\"\" width=\"750\" height=\"350\" srcset=\"https:\/\/www.polisrecreio.com.br\/site\/wp-content\/uploads\/2019\/07\/aa.jpg 750w, https:\/\/www.polisrecreio.com.br\/site\/wp-content\/uploads\/2019\/07\/aa-300x140.jpg 300w\" sizes=\"(max-width: 750px) 100vw, 750px\" \/><\/a><\/p>\n<p style=\"text-align: justify;\">Nesta sexta-feira (12) os vacinadores da Vigil\u00e2ncia Epidemiol\u00f3gica, Jos\u00e9 Darcy e Augusto Motta, est\u00e3o na Pra\u00e7a Gerson Ludovico, sa\u00edda para o distrito de Angaturama, at\u00e9 \u00e0s 14h. Na segunda-feira (15), eles estar\u00e3o na Pra\u00e7a Am\u00e9rico Sim\u00e3o, de 8h \u00e0s 14h.<\/p>\n<p style=\"text-align: justify;\">A tem o objetivo de estabelecer uma barreira imunol\u00f3gica capaz de interromper a transmiss\u00e3o do v\u00edrus da raiva na popula\u00e7\u00e3o canina e felina.\u00a0A vacina \u00e9 destinada a c\u00e3es e gatos a partir dos tr\u00eas meses de idade. A doen\u00e7a \u00e9 quase sempre fatal e transmitida por um v\u00edrus que atinge tamb\u00e9m os seres humanos. A transmiss\u00e3o ocorre quando h\u00e1 contato com a saliva do animal infectado.<\/p>\n","protected":false},"excerpt":{"rendered":"<p>A campanha de vacina\u00e7\u00e3o antirr\u00e1bica termina na pr\u00f3xima segunda-feira (15) em Recreio. C\u00e3es e gatos a partir dos 3 meses de idade devem ser vacinados.<\/p>\n","protected":false},"author":3,"featured_media":14697,"comment_status":"open","ping_status":"open","sticky":false,"template":"","format":"standard","meta":[],"categories":[7],"tags":[],"yoast_head":"<!-- This site is optimized with the Yoast SEO plugin v15.6.2 - https:\/\/yoast.com\/wordpress\/plugins\/seo\/ -->\n<meta name=\"robots\" content=\"index, follow, max-snippet:-1, max-image-preview:large, max-video-preview:-1\" \/>\n<link rel=\"canonical\" href=\"https:\/\/www.polisrecreio.com.br\/site\/2019\/07\/12\/vacinacao-antirrabica-termina-segunda-feira-15-em-recreio\/\" \/>\n<meta property=\"og:locale\" content=\"pt_BR\" \/>\n<meta property=\"og:type\" content=\"article\" \/>\n<meta property=\"og:title\" content=\"Vacina\u00e7\u00e3o antirr\u00e1bica termina segunda-feira (15) em Recreio - P\u00f3lis Recreio\" \/>\n<meta property=\"og:description\" content=\"A campanha de vacina\u00e7\u00e3o antirr\u00e1bica termina na pr\u00f3xima segunda-feira (15) em Recreio. C\u00e3es e gatos a partir dos 3 meses de idade devem ser vacinados.\" \/>\n<meta property=\"og:url\" content=\"https:\/\/www.polisrecreio.com.br\/site\/2019\/07\/12\/vacinacao-antirrabica-termina-segunda-feira-15-em-recreio\/\" \/>\n<meta property=\"og:site_name\" content=\"P\u00f3lis Recreio\" \/>\n<meta property=\"article:publisher\" content=\"https:\/\/www.facebook.com\/Site-P%c3%b3lis-Recreio-MG-181941708571019\/\" \/>\n<meta property=\"article:published_time\" content=\"2019-07-12T12:04:40+00:00\" \/>\n<meta property=\"article:modified_time\" content=\"2019-07-12T12:05:12+00:00\" \/>\n<meta property=\"og:image\" content=\"https:\/\/www.polisrecreio.com.br\/site\/wp-content\/uploads\/2019\/07\/aa.jpg\" \/>\n\t<meta property=\"og:image:width\" content=\"750\" \/>\n\t<meta property=\"og:image:height\" content=\"350\" \/>\n<meta name=\"twitter:card\" content=\"summary_large_image\" \/>\n<meta name=\"twitter:creator\" content=\"@PolisRecreio\" \/>\n<meta name=\"twitter:site\" content=\"@PolisRecreio\" \/>\n<meta name=\"twitter:label1\" content=\"Est. reading time\">\n\t<meta name=\"twitter:data1\" content=\"1 minuto\">\n<script type=\"application\/ld+json\" class=\"yoast-schema-graph\">{\"@context\":\"https:\/\/schema.org\",\"@graph\":[{\"@type\":\"WebSite\",\"@id\":\"https:\/\/www.polisrecreio.com.br\/site\/#website\",\"url\":\"https:\/\/www.polisrecreio.com.br\/site\/\",\"name\":\"P\\u00f3lis Recreio\",\"description\":\"\",\"potentialAction\":[{\"@type\":\"SearchAction\",\"target\":\"https:\/\/www.polisrecreio.com.br\/site\/?s={search_term_string}\",\"query-input\":\"required name=search_term_string\"}],\"inLanguage\":\"pt-BR\"},{\"@type\":\"ImageObject\",\"@id\":\"https:\/\/www.polisrecreio.com.br\/site\/2019\/07\/12\/vacinacao-antirrabica-termina-segunda-feira-15-em-recreio\/#primaryimage\",\"inLanguage\":\"pt-BR\",\"url\":\"https:\/\/www.polisrecreio.com.br\/site\/wp-content\/uploads\/2019\/07\/aa.jpg\",\"width\":750,\"height\":350},{\"@type\":\"WebPage\",\"@id\":\"https:\/\/www.polisrecreio.com.br\/site\/2019\/07\/12\/vacinacao-antirrabica-termina-segunda-feira-15-em-recreio\/#webpage\",\"url\":\"https:\/\/www.polisrecreio.com.br\/site\/2019\/07\/12\/vacinacao-antirrabica-termina-segunda-feira-15-em-recreio\/\",\"name\":\"Vacina\\u00e7\\u00e3o antirr\\u00e1bica termina segunda-feira (15) em Recreio - P\\u00f3lis Recreio\",\"isPartOf\":{\"@id\":\"https:\/\/www.polisrecreio.com.br\/site\/#website\"},\"primaryImageOfPage\":{\"@id\":\"https:\/\/www.polisrecreio.com.br\/site\/2019\/07\/12\/vacinacao-antirrabica-termina-segunda-feira-15-em-recreio\/#primaryimage\"},\"datePublished\":\"2019-07-12T12:04:40+00:00\",\"dateModified\":\"2019-07-12T12:05:12+00:00\",\"author\":{\"@id\":\"https:\/\/www.polisrecreio.com.br\/site\/#\/schema\/person\/3363c1c78e1e28e1329d97adb387638e\"},\"inLanguage\":\"pt-BR\",\"potentialAction\":[{\"@type\":\"ReadAction\",\"target\":[\"https:\/\/www.polisrecreio.com.br\/site\/2019\/07\/12\/vacinacao-antirrabica-termina-segunda-feira-15-em-recreio\/\"]}]},{\"@type\":\"Person\",\"@id\":\"https:\/\/www.polisrecreio.com.br\/site\/#\/schema\/person\/3363c1c78e1e28e1329d97adb387638e\",\"name\":\"Leonardo Ribeiro\",\"image\":{\"@type\":\"ImageObject\",\"@id\":\"https:\/\/www.polisrecreio.com.br\/site\/#personlogo\",\"inLanguage\":\"pt-BR\",\"url\":\"https:\/\/secure.gravatar.com\/avatar\/6ba92a37d621e1a83e23710251178a12?s=96&d=mm&r=g\",\"caption\":\"Leonardo Ribeiro\"},\"sameAs\":[\"http:\/\/www.polisrecreio.com.br\"]}]}<\/script>\n<!-- \/ Yoast SEO plugin. -->","_links":{"self":[{"href":"https:\/\/www.polisrecreio.com.br\/site\/wp-json\/wp\/v2\/posts\/14696"}],"collection":[{"href":"https:\/\/www.polisrecreio.com.br\/site\/wp-json\/wp\/v2\/posts"}],"about":[{"href":"https:\/\/www.polisrecreio.com.br\/site\/wp-json\/wp\/v2\/types\/post"}],"author":[{"embeddable":true,"href":"https:\/\/www.polisrecreio.com.br\/site\/wp-json\/wp\/v2\/users\/3"}],"replies":[{"embeddable":true,"href":"https:\/\/www.polisrecreio.com.br\/site\/wp-json\/wp\/v2\/comments?post=14696"}],"version-history":[{"count":2,"href":"https:\/\/www.polisrecreio.com.br\/site\/wp-json\/wp\/v2\/posts\/14696\/revisions"}],"predecessor-version":[{"id":14699,"href":"https:\/\/www.polisrecreio.com.br\/site\/wp-json\/wp\/v2\/posts\/14696\/revisions\/14699"}],"wp:featuredmedia":[{"embeddable":true,"href":"https:\/\/www.polisrecreio.com.br\/site\/wp-json\/wp\/v2\/media\/14697"}],"wp:attachment":[{"href":"https:\/\/www.polisrecreio.com.br\/site\/wp-json\/wp\/v2\/media?parent=14696"}],"wp:term":[{"taxonomy":"category","embeddable":true,"href":"https:\/\/www.polisrecreio.com.br\/site\/wp-json\/wp\/v2\/categories?post=14696"},{"taxonomy":"post_tag","embeddable":true,"href":"https:\/\/www.polisrecreio.com.br\/site\/wp-json\/wp\/v2\/tags?post=14696"}],"curies":[{"name":"wp","href":"https:\/\/api.w.org\/{rel}","templated":true}]}}