{"id":14751,"date":"2019-07-17T15:15:22","date_gmt":"2019-07-17T18:15:22","guid":{"rendered":"http:\/\/www.polisrecreio.com.br\/site\/?p=14751"},"modified":"2019-07-17T15:16:20","modified_gmt":"2019-07-17T18:16:20","slug":"mais-de-2-mil-animais-vacinados-na-campanha-antirrabica-2019-de-recreio","status":"publish","type":"post","link":"https:\/\/www.polisrecreio.com.br\/site\/2019\/07\/17\/mais-de-2-mil-animais-vacinados-na-campanha-antirrabica-2019-de-recreio\/","title":{"rendered":"Mais de 2 mil animais vacinados na campanha antirr\u00e1bica 2019 de Recreio"},"content":{"rendered":"<p style=\"text-align: justify;\">A Vigil\u00e2ncia Epidemiol\u00f3gica Municipal, atrav\u00e9s dos vacinadores Jos\u00e9 Darcy e Augusto Motta, vacinaram mais de 2 mil animais (c\u00e3es e gatos) durante a campanha de vacina\u00e7\u00e3o antirr\u00e1bica 2019 de Recreio, entre os dias 10 junho e 15 de julho.<\/p>\n<p><!--more--><\/p>\n<figure id=\"attachment_14752\" aria-describedby=\"caption-attachment-14752\" style=\"width: 749px\" class=\"wp-caption aligncenter\"><a href=\"http:\/\/www.polisrecreio.com.br\/site\/wp-content\/uploads\/2019\/07\/3e43909e-7282-4984-963f-82d120892277.jpg\"><img loading=\"lazy\" class=\"size-full wp-image-14752\" src=\"http:\/\/www.polisrecreio.com.br\/site\/wp-content\/uploads\/2019\/07\/3e43909e-7282-4984-963f-82d120892277.jpg\" alt=\"\" width=\"749\" height=\"500\" srcset=\"https:\/\/www.polisrecreio.com.br\/site\/wp-content\/uploads\/2019\/07\/3e43909e-7282-4984-963f-82d120892277.jpg 749w, https:\/\/www.polisrecreio.com.br\/site\/wp-content\/uploads\/2019\/07\/3e43909e-7282-4984-963f-82d120892277-300x200.jpg 300w\" sizes=\"(max-width: 749px) 100vw, 749px\" \/><\/a><figcaption id=\"caption-attachment-14752\" class=\"wp-caption-text\">Jos\u00e9 Darcy (vacinador), Leandra Rosa (refer\u00eancia t\u00e9cnica), Augusto Motta (vacinador) e Henrique Meira (secret\u00e1rio de Sa\u00fade).<\/figcaption><\/figure>\n<p>Confira os n\u00fameros:<\/p>\n<ul>\n<li>\u00c1rea Rural \u2013 885 c\u00e3es e 221 gatos;<\/li>\n<li>\u00c1rea Urbana \u2013 984 c\u00e3es e 183 gatos;<\/li>\n<li>Total \u2013 2.273 animais vacinados.<\/li>\n<\/ul>\n<p style=\"text-align: justify;\">A vacina\u00e7\u00e3o teve o objetivo de estabelecer uma barreira imunol\u00f3gica capaz de interromper a transmiss\u00e3o do v\u00edrus da raiva na popula\u00e7\u00e3o canina e felina.\u00a0A vacina \u00e9 destinada a c\u00e3es e gatos a partir dos tr\u00eas meses de idade. A doen\u00e7a \u00e9 quase sempre fatal e transmitida por um v\u00edrus que atinge tamb\u00e9m os seres humanos. A transmiss\u00e3o ocorre quando h\u00e1 contato com a saliva do animal infectado.<\/p>\n<p style=\"text-align: justify;\">A refer\u00eancia t\u00e9cnica da Vigil\u00e2ncia Epidemiol\u00f3gica, Leandra Rosa, informou que ainda h\u00e1 doses dispon\u00edveis. Quem quiser vacinar o seu c\u00e3o ou seu gato deve entrar em contato pelo telefone (32) 3444-2222 e falar com refer\u00eancia t\u00e9cnica.<\/p>\n<p>&nbsp;<\/p>\n","protected":false},"excerpt":{"rendered":"<p>A Vigil\u00e2ncia Epidemiol\u00f3gica Municipal, atrav\u00e9s dos vacinadores Jos\u00e9 Darcy e Augusto Motta, vacinaram mais de 2 mil animais (c\u00e3es e gatos) durante a campanha de vacina\u00e7\u00e3o antirr\u00e1bica 2019 de Recreio, entre os dias 10 junho e 15 de julho.<\/p>\n","protected":false},"author":3,"featured_media":0,"comment_status":"open","ping_status":"open","sticky":false,"template":"","format":"standard","meta":[],"categories":[7],"tags":[],"yoast_head":"<!-- This site is optimized with the Yoast SEO plugin v15.6.2 - https:\/\/yoast.com\/wordpress\/plugins\/seo\/ -->\n<meta name=\"robots\" content=\"index, follow, max-snippet:-1, max-image-preview:large, max-video-preview:-1\" \/>\n<link rel=\"canonical\" href=\"https:\/\/www.polisrecreio.com.br\/site\/2019\/07\/17\/mais-de-2-mil-animais-vacinados-na-campanha-antirrabica-2019-de-recreio\/\" \/>\n<meta property=\"og:locale\" content=\"pt_BR\" \/>\n<meta property=\"og:type\" content=\"article\" \/>\n<meta property=\"og:title\" content=\"Mais de 2 mil animais vacinados na campanha antirr\u00e1bica 2019 de Recreio - P\u00f3lis Recreio\" \/>\n<meta property=\"og:description\" content=\"A Vigil\u00e2ncia Epidemiol\u00f3gica Municipal, atrav\u00e9s dos vacinadores Jos\u00e9 Darcy e Augusto Motta, vacinaram mais de 2 mil animais (c\u00e3es e gatos) durante a campanha de vacina\u00e7\u00e3o antirr\u00e1bica 2019 de Recreio, entre os dias 10 junho e 15 de julho.\" \/>\n<meta property=\"og:url\" content=\"https:\/\/www.polisrecreio.com.br\/site\/2019\/07\/17\/mais-de-2-mil-animais-vacinados-na-campanha-antirrabica-2019-de-recreio\/\" \/>\n<meta property=\"og:site_name\" content=\"P\u00f3lis Recreio\" \/>\n<meta property=\"article:publisher\" content=\"https:\/\/www.facebook.com\/Site-P%c3%b3lis-Recreio-MG-181941708571019\/\" \/>\n<meta property=\"article:published_time\" content=\"2019-07-17T18:15:22+00:00\" \/>\n<meta property=\"article:modified_time\" content=\"2019-07-17T18:16:20+00:00\" \/>\n<meta property=\"og:image\" content=\"http:\/\/www.polisrecreio.com.br\/site\/wp-content\/uploads\/2019\/07\/3e43909e-7282-4984-963f-82d120892277.jpg\" \/>\n<meta name=\"twitter:card\" content=\"summary_large_image\" \/>\n<meta name=\"twitter:creator\" content=\"@PolisRecreio\" \/>\n<meta name=\"twitter:site\" content=\"@PolisRecreio\" \/>\n<meta name=\"twitter:label1\" content=\"Est. reading time\">\n\t<meta name=\"twitter:data1\" content=\"1 minuto\">\n<script type=\"application\/ld+json\" class=\"yoast-schema-graph\">{\"@context\":\"https:\/\/schema.org\",\"@graph\":[{\"@type\":\"WebSite\",\"@id\":\"https:\/\/www.polisrecreio.com.br\/site\/#website\",\"url\":\"https:\/\/www.polisrecreio.com.br\/site\/\",\"name\":\"P\\u00f3lis Recreio\",\"description\":\"\",\"potentialAction\":[{\"@type\":\"SearchAction\",\"target\":\"https:\/\/www.polisrecreio.com.br\/site\/?s={search_term_string}\",\"query-input\":\"required name=search_term_string\"}],\"inLanguage\":\"pt-BR\"},{\"@type\":\"ImageObject\",\"@id\":\"https:\/\/www.polisrecreio.com.br\/site\/2019\/07\/17\/mais-de-2-mil-animais-vacinados-na-campanha-antirrabica-2019-de-recreio\/#primaryimage\",\"inLanguage\":\"pt-BR\",\"url\":\"http:\/\/www.polisrecreio.com.br\/site\/wp-content\/uploads\/2019\/07\/3e43909e-7282-4984-963f-82d120892277.jpg\"},{\"@type\":\"WebPage\",\"@id\":\"https:\/\/www.polisrecreio.com.br\/site\/2019\/07\/17\/mais-de-2-mil-animais-vacinados-na-campanha-antirrabica-2019-de-recreio\/#webpage\",\"url\":\"https:\/\/www.polisrecreio.com.br\/site\/2019\/07\/17\/mais-de-2-mil-animais-vacinados-na-campanha-antirrabica-2019-de-recreio\/\",\"name\":\"Mais de 2 mil animais vacinados na campanha antirr\\u00e1bica 2019 de Recreio - P\\u00f3lis Recreio\",\"isPartOf\":{\"@id\":\"https:\/\/www.polisrecreio.com.br\/site\/#website\"},\"primaryImageOfPage\":{\"@id\":\"https:\/\/www.polisrecreio.com.br\/site\/2019\/07\/17\/mais-de-2-mil-animais-vacinados-na-campanha-antirrabica-2019-de-recreio\/#primaryimage\"},\"datePublished\":\"2019-07-17T18:15:22+00:00\",\"dateModified\":\"2019-07-17T18:16:20+00:00\",\"author\":{\"@id\":\"https:\/\/www.polisrecreio.com.br\/site\/#\/schema\/person\/3363c1c78e1e28e1329d97adb387638e\"},\"inLanguage\":\"pt-BR\",\"potentialAction\":[{\"@type\":\"ReadAction\",\"target\":[\"https:\/\/www.polisrecreio.com.br\/site\/2019\/07\/17\/mais-de-2-mil-animais-vacinados-na-campanha-antirrabica-2019-de-recreio\/\"]}]},{\"@type\":\"Person\",\"@id\":\"https:\/\/www.polisrecreio.com.br\/site\/#\/schema\/person\/3363c1c78e1e28e1329d97adb387638e\",\"name\":\"Leonardo Ribeiro\",\"image\":{\"@type\":\"ImageObject\",\"@id\":\"https:\/\/www.polisrecreio.com.br\/site\/#personlogo\",\"inLanguage\":\"pt-BR\",\"url\":\"https:\/\/secure.gravatar.com\/avatar\/6ba92a37d621e1a83e23710251178a12?s=96&d=mm&r=g\",\"caption\":\"Leonardo Ribeiro\"},\"sameAs\":[\"http:\/\/www.polisrecreio.com.br\"]}]}<\/script>\n<!-- \/ Yoast SEO plugin. -->","_links":{"self":[{"href":"https:\/\/www.polisrecreio.com.br\/site\/wp-json\/wp\/v2\/posts\/14751"}],"collection":[{"href":"https:\/\/www.polisrecreio.com.br\/site\/wp-json\/wp\/v2\/posts"}],"about":[{"href":"https:\/\/www.polisrecreio.com.br\/site\/wp-json\/wp\/v2\/types\/post"}],"author":[{"embeddable":true,"href":"https:\/\/www.polisrecreio.com.br\/site\/wp-json\/wp\/v2\/users\/3"}],"replies":[{"embeddable":true,"href":"https:\/\/www.polisrecreio.com.br\/site\/wp-json\/wp\/v2\/comments?post=14751"}],"version-history":[{"count":2,"href":"https:\/\/www.polisrecreio.com.br\/site\/wp-json\/wp\/v2\/posts\/14751\/revisions"}],"predecessor-version":[{"id":14754,"href":"https:\/\/www.polisrecreio.com.br\/site\/wp-json\/wp\/v2\/posts\/14751\/revisions\/14754"}],"wp:attachment":[{"href":"https:\/\/www.polisrecreio.com.br\/site\/wp-json\/wp\/v2\/media?parent=14751"}],"wp:term":[{"taxonomy":"category","embeddable":true,"href":"https:\/\/www.polisrecreio.com.br\/site\/wp-json\/wp\/v2\/categories?post=14751"},{"taxonomy":"post_tag","embeddable":true,"href":"https:\/\/www.polisrecreio.com.br\/site\/wp-json\/wp\/v2\/tags?post=14751"}],"curies":[{"name":"wp","href":"https:\/\/api.w.org\/{rel}","templated":true}]}}