{"id":15360,"date":"2019-09-24T22:27:38","date_gmt":"2019-09-25T01:27:38","guid":{"rendered":"http:\/\/www.polisrecreio.com.br\/site\/?p=15360"},"modified":"2019-09-24T22:27:38","modified_gmt":"2019-09-25T01:27:38","slug":"e-e-pres-carlos-luz-vai-receber-projeto-girarte-com-oficinas-de-danca-e-teatro","status":"publish","type":"post","link":"https:\/\/www.polisrecreio.com.br\/site\/2019\/09\/24\/e-e-pres-carlos-luz-vai-receber-projeto-girarte-com-oficinas-de-danca-e-teatro\/","title":{"rendered":"E.E. Pres. Carlos Luz vai receber projeto Girarte com oficinas de dan\u00e7a e teatro"},"content":{"rendered":"<p style=\"text-align: justify;\">A E.E. Presidente Carlos Luz, localizada no distrito de Concei\u00e7\u00e3o da Boa Vista, a aproximadamente 5 km da \u00e1rea urbana de Recreio, vai receber o projeto Girarte com oficinas de dan\u00e7a e teatro. O col\u00e9gio foi selecionado pela Secretaria de Estado de Educa\u00e7\u00e3o.\u00a0 Mais de 65 escolas, de 55 cidades de Minas Gerais, Rio de Janeiro, Mato Grosso Sul e Para\u00edba, j\u00e1 foram beneficiadas com o projeto.<\/p>\n<p><!--more--><\/p>\n<p><a href=\"http:\/\/www.polisrecreio.com.br\/site\/wp-content\/uploads\/2019\/09\/proj_oficina3_maior.jpg\"><img loading=\"lazy\" class=\"aligncenter size-full wp-image-15361\" src=\"http:\/\/www.polisrecreio.com.br\/site\/wp-content\/uploads\/2019\/09\/proj_oficina3_maior.jpg\" alt=\"\" width=\"700\" height=\"467\" srcset=\"https:\/\/www.polisrecreio.com.br\/site\/wp-content\/uploads\/2019\/09\/proj_oficina3_maior.jpg 700w, https:\/\/www.polisrecreio.com.br\/site\/wp-content\/uploads\/2019\/09\/proj_oficina3_maior-300x200.jpg 300w\" sizes=\"(max-width: 700px) 100vw, 700px\" \/><\/a><\/p>\n<p style=\"text-align: justify;\">De acordo com o site do Girarte, o projeto de arte e educa\u00e7\u00e3o realiza um trabalho de relevante qualidade no desenvolvimento e dissemina\u00e7\u00e3o de linguagens art\u00edsticas em diferentes cidades e distritos, com um s\u00f3lido hist\u00f3rico de sucesso, priorizando a democratiza\u00e7\u00e3o cultural, promo\u00e7\u00e3o social e comprometido em um forte di\u00e1logo entre comunidades, escolas, arte e educa\u00e7\u00e3o.<\/p>\n<p style=\"text-align: justify;\">Segundo o diretor Vitor do Bem, ser\u00e3o oferecidas 50 vagas para os estudantes participarem das oficinas marcadas para a pr\u00f3xima semana \u2013 2 a 4 de outubro. O diretor lembra que \u00e9 necess\u00e1rio fazer uma inscri\u00e7\u00e3o na secretaria da escola. O prazo \u00e9 at\u00e9 sexta-feira (27).<\/p>\n<p style=\"text-align: justify;\">O projeto Girarte conta com patroc\u00ednio da Energisa e Zollern, via Lei Estadual de Incentivo \u00e0 Cultura de Minas Gerais.<\/p>\n<p><a href=\"http:\/\/www.polisrecreio.com.br\/site\/wp-content\/uploads\/2019\/09\/Rio-pomba2.jpg\"><img loading=\"lazy\" class=\"aligncenter size-full wp-image-15362\" src=\"http:\/\/www.polisrecreio.com.br\/site\/wp-content\/uploads\/2019\/09\/Rio-pomba2.jpg\" alt=\"\" width=\"640\" height=\"427\" srcset=\"https:\/\/www.polisrecreio.com.br\/site\/wp-content\/uploads\/2019\/09\/Rio-pomba2.jpg 640w, https:\/\/www.polisrecreio.com.br\/site\/wp-content\/uploads\/2019\/09\/Rio-pomba2-300x200.jpg 300w\" sizes=\"(max-width: 640px) 100vw, 640px\" \/><\/a><\/p>\n","protected":false},"excerpt":{"rendered":"<p>A E.E. Presidente Carlos Luz, localizada no distrito de Concei\u00e7\u00e3o da Boa Vista, a aproximadamente 5 km da \u00e1rea urbana de Recreio, vai receber o projeto Girarte com oficinas de dan\u00e7a e teatro. O col\u00e9gio foi selecionado pela Secretaria de Estado de Educa\u00e7\u00e3o.\u00a0 Mais de 65 escolas, de 55 cidades de Minas Gerais, Rio de [&hellip;]<\/p>\n","protected":false},"author":3,"featured_media":15361,"comment_status":"open","ping_status":"open","sticky":false,"template":"","format":"standard","meta":[],"categories":[9],"tags":[],"yoast_head":"<!-- This site is optimized with the Yoast SEO plugin v15.6.2 - https:\/\/yoast.com\/wordpress\/plugins\/seo\/ -->\n<meta name=\"robots\" content=\"index, follow, max-snippet:-1, max-image-preview:large, max-video-preview:-1\" \/>\n<link rel=\"canonical\" href=\"https:\/\/www.polisrecreio.com.br\/site\/2019\/09\/24\/e-e-pres-carlos-luz-vai-receber-projeto-girarte-com-oficinas-de-danca-e-teatro\/\" \/>\n<meta property=\"og:locale\" content=\"pt_BR\" \/>\n<meta property=\"og:type\" content=\"article\" \/>\n<meta property=\"og:title\" content=\"E.E. Pres. Carlos Luz vai receber projeto Girarte com oficinas de dan\u00e7a e teatro - P\u00f3lis Recreio\" \/>\n<meta property=\"og:description\" content=\"A E.E. Presidente Carlos Luz, localizada no distrito de Concei\u00e7\u00e3o da Boa Vista, a aproximadamente 5 km da \u00e1rea urbana de Recreio, vai receber o projeto Girarte com oficinas de dan\u00e7a e teatro. O col\u00e9gio foi selecionado pela Secretaria de Estado de Educa\u00e7\u00e3o.\u00a0 Mais de 65 escolas, de 55 cidades de Minas Gerais, Rio de [&hellip;]\" \/>\n<meta property=\"og:url\" content=\"https:\/\/www.polisrecreio.com.br\/site\/2019\/09\/24\/e-e-pres-carlos-luz-vai-receber-projeto-girarte-com-oficinas-de-danca-e-teatro\/\" \/>\n<meta property=\"og:site_name\" content=\"P\u00f3lis Recreio\" \/>\n<meta property=\"article:publisher\" content=\"https:\/\/www.facebook.com\/Site-P%c3%b3lis-Recreio-MG-181941708571019\/\" \/>\n<meta property=\"article:published_time\" content=\"2019-09-25T01:27:38+00:00\" \/>\n<meta property=\"og:image\" content=\"https:\/\/www.polisrecreio.com.br\/site\/wp-content\/uploads\/2019\/09\/proj_oficina3_maior.jpg\" \/>\n\t<meta property=\"og:image:width\" content=\"700\" \/>\n\t<meta property=\"og:image:height\" content=\"467\" \/>\n<meta name=\"twitter:card\" content=\"summary_large_image\" \/>\n<meta name=\"twitter:creator\" content=\"@PolisRecreio\" \/>\n<meta name=\"twitter:site\" content=\"@PolisRecreio\" \/>\n<meta name=\"twitter:label1\" content=\"Est. reading time\">\n\t<meta name=\"twitter:data1\" content=\"1 minuto\">\n<script type=\"application\/ld+json\" class=\"yoast-schema-graph\">{\"@context\":\"https:\/\/schema.org\",\"@graph\":[{\"@type\":\"WebSite\",\"@id\":\"https:\/\/www.polisrecreio.com.br\/site\/#website\",\"url\":\"https:\/\/www.polisrecreio.com.br\/site\/\",\"name\":\"P\\u00f3lis Recreio\",\"description\":\"\",\"potentialAction\":[{\"@type\":\"SearchAction\",\"target\":\"https:\/\/www.polisrecreio.com.br\/site\/?s={search_term_string}\",\"query-input\":\"required name=search_term_string\"}],\"inLanguage\":\"pt-BR\"},{\"@type\":\"ImageObject\",\"@id\":\"https:\/\/www.polisrecreio.com.br\/site\/2019\/09\/24\/e-e-pres-carlos-luz-vai-receber-projeto-girarte-com-oficinas-de-danca-e-teatro\/#primaryimage\",\"inLanguage\":\"pt-BR\",\"url\":\"https:\/\/www.polisrecreio.com.br\/site\/wp-content\/uploads\/2019\/09\/proj_oficina3_maior.jpg\",\"width\":700,\"height\":467},{\"@type\":\"WebPage\",\"@id\":\"https:\/\/www.polisrecreio.com.br\/site\/2019\/09\/24\/e-e-pres-carlos-luz-vai-receber-projeto-girarte-com-oficinas-de-danca-e-teatro\/#webpage\",\"url\":\"https:\/\/www.polisrecreio.com.br\/site\/2019\/09\/24\/e-e-pres-carlos-luz-vai-receber-projeto-girarte-com-oficinas-de-danca-e-teatro\/\",\"name\":\"E.E. Pres. Carlos Luz vai receber projeto Girarte com oficinas de dan\\u00e7a e teatro - P\\u00f3lis Recreio\",\"isPartOf\":{\"@id\":\"https:\/\/www.polisrecreio.com.br\/site\/#website\"},\"primaryImageOfPage\":{\"@id\":\"https:\/\/www.polisrecreio.com.br\/site\/2019\/09\/24\/e-e-pres-carlos-luz-vai-receber-projeto-girarte-com-oficinas-de-danca-e-teatro\/#primaryimage\"},\"datePublished\":\"2019-09-25T01:27:38+00:00\",\"dateModified\":\"2019-09-25T01:27:38+00:00\",\"author\":{\"@id\":\"https:\/\/www.polisrecreio.com.br\/site\/#\/schema\/person\/3363c1c78e1e28e1329d97adb387638e\"},\"inLanguage\":\"pt-BR\",\"potentialAction\":[{\"@type\":\"ReadAction\",\"target\":[\"https:\/\/www.polisrecreio.com.br\/site\/2019\/09\/24\/e-e-pres-carlos-luz-vai-receber-projeto-girarte-com-oficinas-de-danca-e-teatro\/\"]}]},{\"@type\":\"Person\",\"@id\":\"https:\/\/www.polisrecreio.com.br\/site\/#\/schema\/person\/3363c1c78e1e28e1329d97adb387638e\",\"name\":\"Leonardo Ribeiro\",\"image\":{\"@type\":\"ImageObject\",\"@id\":\"https:\/\/www.polisrecreio.com.br\/site\/#personlogo\",\"inLanguage\":\"pt-BR\",\"url\":\"https:\/\/secure.gravatar.com\/avatar\/6ba92a37d621e1a83e23710251178a12?s=96&d=mm&r=g\",\"caption\":\"Leonardo Ribeiro\"},\"sameAs\":[\"http:\/\/www.polisrecreio.com.br\"]}]}<\/script>\n<!-- \/ Yoast SEO plugin. -->","_links":{"self":[{"href":"https:\/\/www.polisrecreio.com.br\/site\/wp-json\/wp\/v2\/posts\/15360"}],"collection":[{"href":"https:\/\/www.polisrecreio.com.br\/site\/wp-json\/wp\/v2\/posts"}],"about":[{"href":"https:\/\/www.polisrecreio.com.br\/site\/wp-json\/wp\/v2\/types\/post"}],"author":[{"embeddable":true,"href":"https:\/\/www.polisrecreio.com.br\/site\/wp-json\/wp\/v2\/users\/3"}],"replies":[{"embeddable":true,"href":"https:\/\/www.polisrecreio.com.br\/site\/wp-json\/wp\/v2\/comments?post=15360"}],"version-history":[{"count":1,"href":"https:\/\/www.polisrecreio.com.br\/site\/wp-json\/wp\/v2\/posts\/15360\/revisions"}],"predecessor-version":[{"id":15363,"href":"https:\/\/www.polisrecreio.com.br\/site\/wp-json\/wp\/v2\/posts\/15360\/revisions\/15363"}],"wp:featuredmedia":[{"embeddable":true,"href":"https:\/\/www.polisrecreio.com.br\/site\/wp-json\/wp\/v2\/media\/15361"}],"wp:attachment":[{"href":"https:\/\/www.polisrecreio.com.br\/site\/wp-json\/wp\/v2\/media?parent=15360"}],"wp:term":[{"taxonomy":"category","embeddable":true,"href":"https:\/\/www.polisrecreio.com.br\/site\/wp-json\/wp\/v2\/categories?post=15360"},{"taxonomy":"post_tag","embeddable":true,"href":"https:\/\/www.polisrecreio.com.br\/site\/wp-json\/wp\/v2\/tags?post=15360"}],"curies":[{"name":"wp","href":"https:\/\/api.w.org\/{rel}","templated":true}]}}