{"id":15458,"date":"2019-10-07T15:06:07","date_gmt":"2019-10-07T18:06:07","guid":{"rendered":"http:\/\/www.polisrecreio.com.br\/site\/?p=15458"},"modified":"2019-10-07T15:17:10","modified_gmt":"2019-10-07T18:17:10","slug":"estao-abertas-inscricoes-para-encontro-de-fanfarras-em-recreio","status":"publish","type":"post","link":"https:\/\/www.polisrecreio.com.br\/site\/2019\/10\/07\/estao-abertas-inscricoes-para-encontro-de-fanfarras-em-recreio\/","title":{"rendered":"Est\u00e3o abertas inscri\u00e7\u00f5es para Encontro de Fanfarras em Recreio"},"content":{"rendered":"<p style=\"text-align: justify;\">Est\u00e3o abertas as inscri\u00e7\u00f5es para o Encontro de Fanfarras em Recreio. O evento cultural est\u00e1 programado para acontecer dia 9 de novembro. As inscri\u00e7\u00f5es s\u00e3o gratuitas e podem ser realizadas at\u00e9 sexta-feira (11).<\/p>\n<p><!--more--><\/p>\n<figure id=\"attachment_15459\" aria-describedby=\"caption-attachment-15459\" style=\"width: 750px\" class=\"wp-caption aligncenter\"><a href=\"http:\/\/www.polisrecreio.com.br\/site\/wp-content\/uploads\/2019\/10\/DSC_0137.jpg\"><img loading=\"lazy\" class=\"size-full wp-image-15459\" src=\"http:\/\/www.polisrecreio.com.br\/site\/wp-content\/uploads\/2019\/10\/DSC_0137.jpg\" alt=\"\" width=\"750\" height=\"500\" srcset=\"https:\/\/www.polisrecreio.com.br\/site\/wp-content\/uploads\/2019\/10\/DSC_0137.jpg 750w, https:\/\/www.polisrecreio.com.br\/site\/wp-content\/uploads\/2019\/10\/DSC_0137-300x200.jpg 300w\" sizes=\"(max-width: 750px) 100vw, 750px\" \/><\/a><figcaption id=\"caption-attachment-15459\" class=\"wp-caption-text\">Fanfarra Vilmano Francisco Vieira (E.E. Olavo Bilac).<\/figcaption><\/figure>\n<p style=\"text-align: justify;\">O projeto do Encontro foi criado pelos professores Leonardo Ribeiro, da E.E. Presidente Carlos Luz (Concei\u00e7\u00e3o da Boa Vista &#8211; distrito), e Ruan Ferreira, diretor da E.E. Olavo Bilac (Recreio). Segundo os organizadores, a ideia \u00e9 proporcionar a troca de experi\u00eancias entre fanfarras da regi\u00e3o, al\u00e9m de estimular conceitos educacionais, tur\u00edsticos e culturais ao Munic\u00edpio.<\/p>\n<p style=\"text-align: justify;\">Para fazer a inscri\u00e7\u00e3o o interessado deve entrar em contato com a organiza\u00e7\u00e3o pelo Celular\/WhatsApp (32) 999572043 ou (32) 999311987, at\u00e9 a pr\u00f3xima sexta-feira (11). As informa\u00e7\u00f5es necess\u00e1rias s\u00e3o: nome da fanfarra e do maestro ou coordenador, cidade de origem e n\u00famero de componentes.<\/p>\n<p style=\"text-align: justify;\">O Encontro de Fanfarras conta com apoio da Superintend\u00eancia Regional de Ensino de Leopoldina; da Prefeitura Municipal de Recreio, atrav\u00e9s da Secretaria Municipal de Educa\u00e7\u00e3o e Cultura; e da iniciativa privada.<\/p>\n<figure id=\"attachment_15460\" aria-describedby=\"caption-attachment-15460\" style=\"width: 750px\" class=\"wp-caption aligncenter\"><a href=\"http:\/\/www.polisrecreio.com.br\/site\/wp-content\/uploads\/2019\/10\/DSC_0077-1.jpg\"><img loading=\"lazy\" class=\"size-full wp-image-15460\" src=\"http:\/\/www.polisrecreio.com.br\/site\/wp-content\/uploads\/2019\/10\/DSC_0077-1.jpg\" alt=\"\" width=\"750\" height=\"500\" srcset=\"https:\/\/www.polisrecreio.com.br\/site\/wp-content\/uploads\/2019\/10\/DSC_0077-1.jpg 750w, https:\/\/www.polisrecreio.com.br\/site\/wp-content\/uploads\/2019\/10\/DSC_0077-1-300x200.jpg 300w\" sizes=\"(max-width: 750px) 100vw, 750px\" \/><\/a><figcaption id=\"caption-attachment-15460\" class=\"wp-caption-text\">Fanfarra Professora Lelu (E.E. Presidente Carlos Luz).<\/figcaption><\/figure>\n<p><strong>Inscri\u00e7\u00f5es j\u00e1 realizadas:<\/strong><\/p>\n<ul>\n<li>Fanfarra Vilmano Francisco Vieira (E.E. Olavo Bilac &#8211; Recreio);<\/li>\n<li>Fanfarra Professora Lelu (E.E. Pres. Carlos Luz &#8211; Concei\u00e7\u00e3o da Boa Vista &#8211; Recreio);<\/li>\n<li>FanfaLintz (E.E. Judith Lintz &#8211; Leopoldina);<\/li>\n<li>Fanfarra Show CAIC (Cataguases);<\/li>\n<li>Fanfarra EMOLF (E.M. Osmar Lacerda Fran\u00e7a &#8211; Leopoldina);<\/li>\n<li>Fanfarra Banda F\u00eanix (E.E. Santa Rita &#8211; Al\u00e9m Para\u00edba);<\/li>\n<li>Fanfarra Banda Musical Theta Wolf (E.E. Luiz Salgado Lima &#8211; Leopoldina).<\/li>\n<\/ul>\n","protected":false},"excerpt":{"rendered":"<p>Est\u00e3o abertas as inscri\u00e7\u00f5es para o Encontro de Fanfarras em Recreio. O evento cultural est\u00e1 programado para acontecer dia 9 de novembro. As inscri\u00e7\u00f5es s\u00e3o gratuitas e podem ser realizadas at\u00e9 sexta-feira (11).<\/p>\n","protected":false},"author":3,"featured_media":15459,"comment_status":"open","ping_status":"open","sticky":false,"template":"","format":"standard","meta":[],"categories":[2],"tags":[],"yoast_head":"<!-- This site is optimized with the Yoast SEO plugin v15.6.2 - https:\/\/yoast.com\/wordpress\/plugins\/seo\/ -->\n<meta name=\"robots\" content=\"index, follow, max-snippet:-1, max-image-preview:large, max-video-preview:-1\" \/>\n<link rel=\"canonical\" href=\"https:\/\/www.polisrecreio.com.br\/site\/2019\/10\/07\/estao-abertas-inscricoes-para-encontro-de-fanfarras-em-recreio\/\" \/>\n<meta property=\"og:locale\" content=\"pt_BR\" \/>\n<meta property=\"og:type\" content=\"article\" \/>\n<meta property=\"og:title\" content=\"Est\u00e3o abertas inscri\u00e7\u00f5es para Encontro de Fanfarras em Recreio - P\u00f3lis Recreio\" \/>\n<meta property=\"og:description\" content=\"Est\u00e3o abertas as inscri\u00e7\u00f5es para o Encontro de Fanfarras em Recreio. O evento cultural est\u00e1 programado para acontecer dia 9 de novembro. As inscri\u00e7\u00f5es s\u00e3o gratuitas e podem ser realizadas at\u00e9 sexta-feira (11).\" \/>\n<meta property=\"og:url\" content=\"https:\/\/www.polisrecreio.com.br\/site\/2019\/10\/07\/estao-abertas-inscricoes-para-encontro-de-fanfarras-em-recreio\/\" \/>\n<meta property=\"og:site_name\" content=\"P\u00f3lis Recreio\" \/>\n<meta property=\"article:publisher\" content=\"https:\/\/www.facebook.com\/Site-P%c3%b3lis-Recreio-MG-181941708571019\/\" \/>\n<meta property=\"article:published_time\" content=\"2019-10-07T18:06:07+00:00\" \/>\n<meta property=\"article:modified_time\" content=\"2019-10-07T18:17:10+00:00\" \/>\n<meta property=\"og:image\" content=\"https:\/\/www.polisrecreio.com.br\/site\/wp-content\/uploads\/2019\/10\/DSC_0137.jpg\" \/>\n\t<meta property=\"og:image:width\" content=\"750\" \/>\n\t<meta property=\"og:image:height\" content=\"500\" \/>\n<meta name=\"twitter:card\" content=\"summary_large_image\" \/>\n<meta name=\"twitter:creator\" content=\"@PolisRecreio\" \/>\n<meta name=\"twitter:site\" content=\"@PolisRecreio\" \/>\n<meta name=\"twitter:label1\" content=\"Est. reading time\">\n\t<meta name=\"twitter:data1\" content=\"1 minuto\">\n<script type=\"application\/ld+json\" class=\"yoast-schema-graph\">{\"@context\":\"https:\/\/schema.org\",\"@graph\":[{\"@type\":\"WebSite\",\"@id\":\"https:\/\/www.polisrecreio.com.br\/site\/#website\",\"url\":\"https:\/\/www.polisrecreio.com.br\/site\/\",\"name\":\"P\\u00f3lis Recreio\",\"description\":\"\",\"potentialAction\":[{\"@type\":\"SearchAction\",\"target\":\"https:\/\/www.polisrecreio.com.br\/site\/?s={search_term_string}\",\"query-input\":\"required name=search_term_string\"}],\"inLanguage\":\"pt-BR\"},{\"@type\":\"ImageObject\",\"@id\":\"https:\/\/www.polisrecreio.com.br\/site\/2019\/10\/07\/estao-abertas-inscricoes-para-encontro-de-fanfarras-em-recreio\/#primaryimage\",\"inLanguage\":\"pt-BR\",\"url\":\"https:\/\/www.polisrecreio.com.br\/site\/wp-content\/uploads\/2019\/10\/DSC_0137.jpg\",\"width\":750,\"height\":500,\"caption\":\"Fanfarra Vilmano Francisco Vieira (E.E. Olavo Bilac).\"},{\"@type\":\"WebPage\",\"@id\":\"https:\/\/www.polisrecreio.com.br\/site\/2019\/10\/07\/estao-abertas-inscricoes-para-encontro-de-fanfarras-em-recreio\/#webpage\",\"url\":\"https:\/\/www.polisrecreio.com.br\/site\/2019\/10\/07\/estao-abertas-inscricoes-para-encontro-de-fanfarras-em-recreio\/\",\"name\":\"Est\\u00e3o abertas inscri\\u00e7\\u00f5es para Encontro de Fanfarras em Recreio - P\\u00f3lis Recreio\",\"isPartOf\":{\"@id\":\"https:\/\/www.polisrecreio.com.br\/site\/#website\"},\"primaryImageOfPage\":{\"@id\":\"https:\/\/www.polisrecreio.com.br\/site\/2019\/10\/07\/estao-abertas-inscricoes-para-encontro-de-fanfarras-em-recreio\/#primaryimage\"},\"datePublished\":\"2019-10-07T18:06:07+00:00\",\"dateModified\":\"2019-10-07T18:17:10+00:00\",\"author\":{\"@id\":\"https:\/\/www.polisrecreio.com.br\/site\/#\/schema\/person\/3363c1c78e1e28e1329d97adb387638e\"},\"inLanguage\":\"pt-BR\",\"potentialAction\":[{\"@type\":\"ReadAction\",\"target\":[\"https:\/\/www.polisrecreio.com.br\/site\/2019\/10\/07\/estao-abertas-inscricoes-para-encontro-de-fanfarras-em-recreio\/\"]}]},{\"@type\":\"Person\",\"@id\":\"https:\/\/www.polisrecreio.com.br\/site\/#\/schema\/person\/3363c1c78e1e28e1329d97adb387638e\",\"name\":\"Leonardo Ribeiro\",\"image\":{\"@type\":\"ImageObject\",\"@id\":\"https:\/\/www.polisrecreio.com.br\/site\/#personlogo\",\"inLanguage\":\"pt-BR\",\"url\":\"https:\/\/secure.gravatar.com\/avatar\/6ba92a37d621e1a83e23710251178a12?s=96&d=mm&r=g\",\"caption\":\"Leonardo Ribeiro\"},\"sameAs\":[\"http:\/\/www.polisrecreio.com.br\"]}]}<\/script>\n<!-- \/ Yoast SEO plugin. -->","_links":{"self":[{"href":"https:\/\/www.polisrecreio.com.br\/site\/wp-json\/wp\/v2\/posts\/15458"}],"collection":[{"href":"https:\/\/www.polisrecreio.com.br\/site\/wp-json\/wp\/v2\/posts"}],"about":[{"href":"https:\/\/www.polisrecreio.com.br\/site\/wp-json\/wp\/v2\/types\/post"}],"author":[{"embeddable":true,"href":"https:\/\/www.polisrecreio.com.br\/site\/wp-json\/wp\/v2\/users\/3"}],"replies":[{"embeddable":true,"href":"https:\/\/www.polisrecreio.com.br\/site\/wp-json\/wp\/v2\/comments?post=15458"}],"version-history":[{"count":3,"href":"https:\/\/www.polisrecreio.com.br\/site\/wp-json\/wp\/v2\/posts\/15458\/revisions"}],"predecessor-version":[{"id":15463,"href":"https:\/\/www.polisrecreio.com.br\/site\/wp-json\/wp\/v2\/posts\/15458\/revisions\/15463"}],"wp:featuredmedia":[{"embeddable":true,"href":"https:\/\/www.polisrecreio.com.br\/site\/wp-json\/wp\/v2\/media\/15459"}],"wp:attachment":[{"href":"https:\/\/www.polisrecreio.com.br\/site\/wp-json\/wp\/v2\/media?parent=15458"}],"wp:term":[{"taxonomy":"category","embeddable":true,"href":"https:\/\/www.polisrecreio.com.br\/site\/wp-json\/wp\/v2\/categories?post=15458"},{"taxonomy":"post_tag","embeddable":true,"href":"https:\/\/www.polisrecreio.com.br\/site\/wp-json\/wp\/v2\/tags?post=15458"}],"curies":[{"name":"wp","href":"https:\/\/api.w.org\/{rel}","templated":true}]}}