{"id":15464,"date":"2019-10-08T09:37:23","date_gmt":"2019-10-08T12:37:23","guid":{"rendered":"http:\/\/www.polisrecreio.com.br\/site\/?p=15464"},"modified":"2019-10-08T09:39:17","modified_gmt":"2019-10-08T12:39:17","slug":"vacinacao-contra-sarampo-veja-quais-sao-as-faixas-etarias","status":"publish","type":"post","link":"https:\/\/www.polisrecreio.com.br\/site\/2019\/10\/08\/vacinacao-contra-sarampo-veja-quais-sao-as-faixas-etarias\/","title":{"rendered":"Vacina\u00e7\u00e3o contra sarampo: veja quais s\u00e3o as faixas et\u00e1rias"},"content":{"rendered":"<p style=\"text-align: justify;\">O Brasil j\u00e1 esteve livre do sarampo. Por\u00e9m, o v\u00edrus voltou a circular e infectar um grande n\u00famero de pessoas. A forma mais eficaz de se prevenir e bloquear a circula\u00e7\u00e3o deste v\u00edrus \u00e9 atrav\u00e9s da vacina\u00e7\u00e3o. A campanha de 2019 come\u00e7ou na segunda-feira (7) e \u00e9 direcionada as seguintes faixas et\u00e1rias: crian\u00e7as de 6 meses a menores de 5 anos de idade (4 anos, 11 meses e 29 dias) e adultos de 20 a 29 anos.<\/p>\n<p><!--more--><\/p>\n<p><a href=\"http:\/\/www.polisrecreio.com.br\/site\/wp-content\/uploads\/2019\/10\/20191007180214159615o.jpg\"><img loading=\"lazy\" class=\"aligncenter size-full wp-image-15465\" src=\"http:\/\/www.polisrecreio.com.br\/site\/wp-content\/uploads\/2019\/10\/20191007180214159615o.jpg\" alt=\"\" width=\"820\" height=\"492\" srcset=\"https:\/\/www.polisrecreio.com.br\/site\/wp-content\/uploads\/2019\/10\/20191007180214159615o.jpg 820w, https:\/\/www.polisrecreio.com.br\/site\/wp-content\/uploads\/2019\/10\/20191007180214159615o-300x180.jpg 300w, https:\/\/www.polisrecreio.com.br\/site\/wp-content\/uploads\/2019\/10\/20191007180214159615o-768x461.jpg 768w\" sizes=\"(max-width: 820px) 100vw, 820px\" \/><\/a><\/p>\n<p style=\"text-align: justify;\">As doses da vacina tr\u00edplice viral, que tamb\u00e9m protegem contra caxumba e rub\u00e9ola, est\u00e3o dispon\u00edveis em todas as unidades b\u00e1sicas de sa\u00fade de Recreio, no hor\u00e1rio de 7h \u00e0s 16h.<\/p>\n<p style=\"text-align: justify;\">De acordo com dados apresentados pelo Jornal Estado de Minas, Minas Gerais \u00e9 um dos estados brasileiros com surto da doen\u00e7a. J\u00e1 s\u00e3o 34 casos confirmados, e outros 624 ainda est\u00e3o em investiga\u00e7\u00e3o. Em menos de um m\u00eas, o aumento no n\u00famero de doentes cresceu 161%, sendo que as notifica\u00e7\u00f5es j\u00e1 atingiram 24% de todo territ\u00f3rio mineiro.<\/p>\n<p style=\"text-align: justify;\">A campanha nacional segue o seguinte cronograma:<\/p>\n<ul style=\"text-align: justify;\">\n<li>1\u00aa Etapa: de 7 a 25 de outubro. Neste per\u00edodo, ser\u00e1 realizada a vacina\u00e7\u00e3o de todas as crian\u00e7as n\u00e3o vacinadas de 6 meses a menores de 5 anos de idade (4 anos, 11 meses e 29 dias). No dia 19 deste m\u00eas ser\u00e1 realizado o Dia D da mobiliza\u00e7\u00e3o nacional para vacina\u00e7\u00e3o;<\/li>\n<li>2\u00aa Etapa: de 18 a 30 de novembro. Neste per\u00edodo, ser\u00e1 realizada a vacina\u00e7\u00e3o de adultos jovens n\u00e3o vacinados na faixa et\u00e1ria de 20 a 29 anos de idade. No dia 30 de novembro ter\u00e1 o Dia D da mobiliza\u00e7\u00e3o nacional.<\/li>\n<\/ul>\n<p style=\"text-align: justify;\">Lembrando que \u00e9 importante levar a caderneta de vacina\u00e7\u00e3o.<\/p>\n<p><em>Com informa\u00e7\u00f5es: <a href=\"https:\/\/www.em.com.br\/app\/noticia\/gerais\/2019\/10\/07\/interna_gerais,1090897\/campanha-vacinacao-contra-sarampo-ja-comecou-veja-lista-de-postos-bh.shtml\" target=\"_blank\" rel=\"noopener\">Jornal Estado de Minas.<\/a><\/em><\/p>\n","protected":false},"excerpt":{"rendered":"<p>O Brasil j\u00e1 esteve livre do sarampo. Por\u00e9m, o v\u00edrus voltou a circular e infectar um grande n\u00famero de pessoas. A forma mais eficaz de se prevenir e bloquear a circula\u00e7\u00e3o deste v\u00edrus \u00e9 atrav\u00e9s da vacina\u00e7\u00e3o. A campanha de 2019 come\u00e7ou na segunda-feira (7) e \u00e9 direcionada as seguintes faixas et\u00e1rias: crian\u00e7as de 6 [&hellip;]<\/p>\n","protected":false},"author":3,"featured_media":15465,"comment_status":"open","ping_status":"open","sticky":false,"template":"","format":"standard","meta":[],"categories":[7],"tags":[],"yoast_head":"<!-- This site is optimized with the Yoast SEO plugin v15.6.2 - https:\/\/yoast.com\/wordpress\/plugins\/seo\/ -->\n<meta name=\"robots\" content=\"index, follow, max-snippet:-1, max-image-preview:large, max-video-preview:-1\" \/>\n<link rel=\"canonical\" href=\"http:\/\/www.polisrecreio.com.br\/site\/2019\/10\/08\/vacinacao-contra-sarampo-veja-quais-sao-as-faixas-etarias\/\" \/>\n<meta property=\"og:locale\" content=\"pt_BR\" \/>\n<meta property=\"og:type\" content=\"article\" \/>\n<meta property=\"og:title\" content=\"Vacina\u00e7\u00e3o contra sarampo: veja quais s\u00e3o as faixas et\u00e1rias - P\u00f3lis Recreio\" \/>\n<meta property=\"og:description\" content=\"O Brasil j\u00e1 esteve livre do sarampo. Por\u00e9m, o v\u00edrus voltou a circular e infectar um grande n\u00famero de pessoas. A forma mais eficaz de se prevenir e bloquear a circula\u00e7\u00e3o deste v\u00edrus \u00e9 atrav\u00e9s da vacina\u00e7\u00e3o. A campanha de 2019 come\u00e7ou na segunda-feira (7) e \u00e9 direcionada as seguintes faixas et\u00e1rias: crian\u00e7as de 6 [&hellip;]\" \/>\n<meta property=\"og:url\" content=\"http:\/\/www.polisrecreio.com.br\/site\/2019\/10\/08\/vacinacao-contra-sarampo-veja-quais-sao-as-faixas-etarias\/\" \/>\n<meta property=\"og:site_name\" content=\"P\u00f3lis Recreio\" \/>\n<meta property=\"article:publisher\" content=\"https:\/\/www.facebook.com\/Site-P%c3%b3lis-Recreio-MG-181941708571019\/\" \/>\n<meta property=\"article:published_time\" content=\"2019-10-08T12:37:23+00:00\" \/>\n<meta property=\"article:modified_time\" content=\"2019-10-08T12:39:17+00:00\" \/>\n<meta property=\"og:image\" content=\"https:\/\/www.polisrecreio.com.br\/site\/wp-content\/uploads\/2019\/10\/20191007180214159615o.jpg\" \/>\n\t<meta property=\"og:image:width\" content=\"820\" \/>\n\t<meta property=\"og:image:height\" content=\"492\" \/>\n<meta name=\"twitter:card\" content=\"summary_large_image\" \/>\n<meta name=\"twitter:creator\" content=\"@PolisRecreio\" \/>\n<meta name=\"twitter:site\" content=\"@PolisRecreio\" \/>\n<meta name=\"twitter:label1\" content=\"Est. reading time\">\n\t<meta name=\"twitter:data1\" content=\"1 minuto\">\n<script type=\"application\/ld+json\" class=\"yoast-schema-graph\">{\"@context\":\"https:\/\/schema.org\",\"@graph\":[{\"@type\":\"WebSite\",\"@id\":\"https:\/\/www.polisrecreio.com.br\/site\/#website\",\"url\":\"https:\/\/www.polisrecreio.com.br\/site\/\",\"name\":\"P\\u00f3lis Recreio\",\"description\":\"\",\"potentialAction\":[{\"@type\":\"SearchAction\",\"target\":\"https:\/\/www.polisrecreio.com.br\/site\/?s={search_term_string}\",\"query-input\":\"required name=search_term_string\"}],\"inLanguage\":\"pt-BR\"},{\"@type\":\"ImageObject\",\"@id\":\"http:\/\/www.polisrecreio.com.br\/site\/2019\/10\/08\/vacinacao-contra-sarampo-veja-quais-sao-as-faixas-etarias\/#primaryimage\",\"inLanguage\":\"pt-BR\",\"url\":\"https:\/\/www.polisrecreio.com.br\/site\/wp-content\/uploads\/2019\/10\/20191007180214159615o.jpg\",\"width\":820,\"height\":492},{\"@type\":\"WebPage\",\"@id\":\"http:\/\/www.polisrecreio.com.br\/site\/2019\/10\/08\/vacinacao-contra-sarampo-veja-quais-sao-as-faixas-etarias\/#webpage\",\"url\":\"http:\/\/www.polisrecreio.com.br\/site\/2019\/10\/08\/vacinacao-contra-sarampo-veja-quais-sao-as-faixas-etarias\/\",\"name\":\"Vacina\\u00e7\\u00e3o contra sarampo: veja quais s\\u00e3o as faixas et\\u00e1rias - P\\u00f3lis Recreio\",\"isPartOf\":{\"@id\":\"https:\/\/www.polisrecreio.com.br\/site\/#website\"},\"primaryImageOfPage\":{\"@id\":\"http:\/\/www.polisrecreio.com.br\/site\/2019\/10\/08\/vacinacao-contra-sarampo-veja-quais-sao-as-faixas-etarias\/#primaryimage\"},\"datePublished\":\"2019-10-08T12:37:23+00:00\",\"dateModified\":\"2019-10-08T12:39:17+00:00\",\"author\":{\"@id\":\"https:\/\/www.polisrecreio.com.br\/site\/#\/schema\/person\/3363c1c78e1e28e1329d97adb387638e\"},\"inLanguage\":\"pt-BR\",\"potentialAction\":[{\"@type\":\"ReadAction\",\"target\":[\"http:\/\/www.polisrecreio.com.br\/site\/2019\/10\/08\/vacinacao-contra-sarampo-veja-quais-sao-as-faixas-etarias\/\"]}]},{\"@type\":\"Person\",\"@id\":\"https:\/\/www.polisrecreio.com.br\/site\/#\/schema\/person\/3363c1c78e1e28e1329d97adb387638e\",\"name\":\"Leonardo Ribeiro\",\"image\":{\"@type\":\"ImageObject\",\"@id\":\"https:\/\/www.polisrecreio.com.br\/site\/#personlogo\",\"inLanguage\":\"pt-BR\",\"url\":\"https:\/\/secure.gravatar.com\/avatar\/6ba92a37d621e1a83e23710251178a12?s=96&d=mm&r=g\",\"caption\":\"Leonardo Ribeiro\"},\"sameAs\":[\"http:\/\/www.polisrecreio.com.br\"]}]}<\/script>\n<!-- \/ Yoast SEO plugin. -->","_links":{"self":[{"href":"https:\/\/www.polisrecreio.com.br\/site\/wp-json\/wp\/v2\/posts\/15464"}],"collection":[{"href":"https:\/\/www.polisrecreio.com.br\/site\/wp-json\/wp\/v2\/posts"}],"about":[{"href":"https:\/\/www.polisrecreio.com.br\/site\/wp-json\/wp\/v2\/types\/post"}],"author":[{"embeddable":true,"href":"https:\/\/www.polisrecreio.com.br\/site\/wp-json\/wp\/v2\/users\/3"}],"replies":[{"embeddable":true,"href":"https:\/\/www.polisrecreio.com.br\/site\/wp-json\/wp\/v2\/comments?post=15464"}],"version-history":[{"count":3,"href":"https:\/\/www.polisrecreio.com.br\/site\/wp-json\/wp\/v2\/posts\/15464\/revisions"}],"predecessor-version":[{"id":15468,"href":"https:\/\/www.polisrecreio.com.br\/site\/wp-json\/wp\/v2\/posts\/15464\/revisions\/15468"}],"wp:featuredmedia":[{"embeddable":true,"href":"https:\/\/www.polisrecreio.com.br\/site\/wp-json\/wp\/v2\/media\/15465"}],"wp:attachment":[{"href":"https:\/\/www.polisrecreio.com.br\/site\/wp-json\/wp\/v2\/media?parent=15464"}],"wp:term":[{"taxonomy":"category","embeddable":true,"href":"https:\/\/www.polisrecreio.com.br\/site\/wp-json\/wp\/v2\/categories?post=15464"},{"taxonomy":"post_tag","embeddable":true,"href":"https:\/\/www.polisrecreio.com.br\/site\/wp-json\/wp\/v2\/tags?post=15464"}],"curies":[{"name":"wp","href":"https:\/\/api.w.org\/{rel}","templated":true}]}}