{"id":15508,"date":"2019-10-09T18:24:55","date_gmt":"2019-10-09T21:24:55","guid":{"rendered":"http:\/\/www.polisrecreio.com.br\/site\/?p=15508"},"modified":"2019-10-09T18:28:19","modified_gmt":"2019-10-09T21:28:19","slug":"itau-deve-se-comunicar-oficialmente-sobre-possivel-fechamento-da-agencia-de-recreio","status":"publish","type":"post","link":"https:\/\/www.polisrecreio.com.br\/site\/2019\/10\/09\/itau-deve-se-comunicar-oficialmente-sobre-possivel-fechamento-da-agencia-de-recreio\/","title":{"rendered":"Ita\u00fa deve se comunicar oficialmente sobre poss\u00edvel fechamento da ag\u00eancia de Recreio"},"content":{"rendered":"<p style=\"text-align: justify;\">Em julho deste ano a <a href=\"https:\/\/www1.folha.uol.com.br\/mercado\/2019\/07\/digitalizacao-faz-itau-fechar-mais-de-200-agencias.shtml\" target=\"_blank\" rel=\"noopener\">Folha de S\u00e3o Paulo<\/a> divulgava: \u201ca digitaliza\u00e7\u00e3o das opera\u00e7\u00f5es banc\u00e1rias come\u00e7a a afetar com mais for\u00e7a a sobreviv\u00eancia de ag\u00eancias e postos de atendimento do Ita\u00fa\u201d. Quatro meses depois, a popula\u00e7\u00e3o de Recreio pode ser afetada com o encerramento das atividades do banco privado na cidade. O Ita\u00fa deve se comunicar oficialmente nos pr\u00f3ximos dias, conforme informa\u00e7\u00e3o obtida pelo Site P\u00f3lis nesta quarta-feira (9) junto \u00e0 ger\u00eancia da institui\u00e7\u00e3o.<\/p>\n<p><!--more--><\/p>\n<p><a href=\"http:\/\/www.polisrecreio.com.br\/site\/wp-content\/uploads\/2019\/10\/DSC_0128.jpg\"><img loading=\"lazy\" class=\"aligncenter size-full wp-image-15509\" src=\"http:\/\/www.polisrecreio.com.br\/site\/wp-content\/uploads\/2019\/10\/DSC_0128.jpg\" alt=\"\" width=\"750\" height=\"509\" srcset=\"https:\/\/www.polisrecreio.com.br\/site\/wp-content\/uploads\/2019\/10\/DSC_0128.jpg 750w, https:\/\/www.polisrecreio.com.br\/site\/wp-content\/uploads\/2019\/10\/DSC_0128-300x204.jpg 300w\" sizes=\"(max-width: 750px) 100vw, 750px\" \/><\/a><\/p>\n<p style=\"text-align: justify;\">O Ita\u00fa Unibanco, usualmente chamado de Ita\u00fa, \u00e9 o maior banco privado do Brasil, com sede em S\u00e3o Paulo (SP). O banco foi criado da fus\u00e3o entre Banco Ita\u00fa e Unibanco, duas das maiores institui\u00e7\u00f5es financeiras do pa\u00eds, resultando no maior conglomerado financeiro do hemisf\u00e9rio sul e em um dos 20 maiores do mundo em valor de mercado.<\/p>\n<p style=\"text-align: justify;\">Em 2019, um plano foi iniciado para fechar cerca de 400 ag\u00eancias no Brasil. De acordo com conhecedores do assunto, em mat\u00e9ria na se\u00e7\u00e3o de economia do site <a href=\"https:\/\/economia.uol.com.br\/noticias\/reuters\/2019\/05\/13\/itau-unibanco-planeja-fechar-ate-400-agencias-no-pais-dizem-fontes.htm\" target=\"_blank\" rel=\"noopener\">UOL<\/a>, este encerramento dos locais f\u00edsicos \u00e9 para se adequar \u00e0 migra\u00e7\u00e3o das transa\u00e7\u00f5es banc\u00e1rias de clientes para canais eletr\u00f4nicos e ampliar a rentabilidade.<\/p>\n<p style=\"text-align: justify;\">Mesmo sabendo que o fechamento de ag\u00eancias do Ita\u00fa n\u00e3o \u00e9 uma exclusividade de Recreio, o poss\u00edvel encerramento das atividades do banco, localizado no centro, causa um desconforto na popula\u00e7\u00e3o, principalmente, para os aposentados que em grande parte n\u00e3o tem conhecimento digital para usar a internet em opera\u00e7\u00f5es banc\u00e1rias.<\/p>\n","protected":false},"excerpt":{"rendered":"<p>Em julho deste ano a Folha de S\u00e3o Paulo divulgava: \u201ca digitaliza\u00e7\u00e3o das opera\u00e7\u00f5es banc\u00e1rias come\u00e7a a afetar com mais for\u00e7a a sobreviv\u00eancia de ag\u00eancias e postos de atendimento do Ita\u00fa\u201d. Quatro meses depois, a popula\u00e7\u00e3o de Recreio pode ser afetada com o encerramento das atividades do banco privado na cidade. O Ita\u00fa deve se [&hellip;]<\/p>\n","protected":false},"author":3,"featured_media":15509,"comment_status":"open","ping_status":"open","sticky":false,"template":"","format":"standard","meta":[],"categories":[6],"tags":[],"yoast_head":"<!-- This site is optimized with the Yoast SEO plugin v15.6.2 - https:\/\/yoast.com\/wordpress\/plugins\/seo\/ -->\n<meta name=\"robots\" content=\"index, follow, max-snippet:-1, max-image-preview:large, max-video-preview:-1\" \/>\n<link rel=\"canonical\" href=\"http:\/\/www.polisrecreio.com.br\/site\/2019\/10\/09\/itau-deve-se-comunicar-oficialmente-sobre-possivel-fechamento-da-agencia-de-recreio\/\" \/>\n<meta property=\"og:locale\" content=\"pt_BR\" \/>\n<meta property=\"og:type\" content=\"article\" \/>\n<meta property=\"og:title\" content=\"Ita\u00fa deve se comunicar oficialmente sobre poss\u00edvel fechamento da ag\u00eancia de Recreio - P\u00f3lis Recreio\" \/>\n<meta property=\"og:description\" content=\"Em julho deste ano a Folha de S\u00e3o Paulo divulgava: \u201ca digitaliza\u00e7\u00e3o das opera\u00e7\u00f5es banc\u00e1rias come\u00e7a a afetar com mais for\u00e7a a sobreviv\u00eancia de ag\u00eancias e postos de atendimento do Ita\u00fa\u201d. Quatro meses depois, a popula\u00e7\u00e3o de Recreio pode ser afetada com o encerramento das atividades do banco privado na cidade. O Ita\u00fa deve se [&hellip;]\" \/>\n<meta property=\"og:url\" content=\"http:\/\/www.polisrecreio.com.br\/site\/2019\/10\/09\/itau-deve-se-comunicar-oficialmente-sobre-possivel-fechamento-da-agencia-de-recreio\/\" \/>\n<meta property=\"og:site_name\" content=\"P\u00f3lis Recreio\" \/>\n<meta property=\"article:publisher\" content=\"https:\/\/www.facebook.com\/Site-P%c3%b3lis-Recreio-MG-181941708571019\/\" \/>\n<meta property=\"article:published_time\" content=\"2019-10-09T21:24:55+00:00\" \/>\n<meta property=\"article:modified_time\" content=\"2019-10-09T21:28:19+00:00\" \/>\n<meta property=\"og:image\" content=\"https:\/\/www.polisrecreio.com.br\/site\/wp-content\/uploads\/2019\/10\/DSC_0128.jpg\" \/>\n\t<meta property=\"og:image:width\" content=\"750\" \/>\n\t<meta property=\"og:image:height\" content=\"509\" \/>\n<meta name=\"twitter:card\" content=\"summary_large_image\" \/>\n<meta name=\"twitter:creator\" content=\"@PolisRecreio\" \/>\n<meta name=\"twitter:site\" content=\"@PolisRecreio\" \/>\n<meta name=\"twitter:label1\" content=\"Est. reading time\">\n\t<meta name=\"twitter:data1\" content=\"1 minuto\">\n<script type=\"application\/ld+json\" class=\"yoast-schema-graph\">{\"@context\":\"https:\/\/schema.org\",\"@graph\":[{\"@type\":\"WebSite\",\"@id\":\"https:\/\/www.polisrecreio.com.br\/site\/#website\",\"url\":\"https:\/\/www.polisrecreio.com.br\/site\/\",\"name\":\"P\\u00f3lis Recreio\",\"description\":\"\",\"potentialAction\":[{\"@type\":\"SearchAction\",\"target\":\"https:\/\/www.polisrecreio.com.br\/site\/?s={search_term_string}\",\"query-input\":\"required name=search_term_string\"}],\"inLanguage\":\"pt-BR\"},{\"@type\":\"ImageObject\",\"@id\":\"http:\/\/www.polisrecreio.com.br\/site\/2019\/10\/09\/itau-deve-se-comunicar-oficialmente-sobre-possivel-fechamento-da-agencia-de-recreio\/#primaryimage\",\"inLanguage\":\"pt-BR\",\"url\":\"https:\/\/www.polisrecreio.com.br\/site\/wp-content\/uploads\/2019\/10\/DSC_0128.jpg\",\"width\":750,\"height\":509},{\"@type\":\"WebPage\",\"@id\":\"http:\/\/www.polisrecreio.com.br\/site\/2019\/10\/09\/itau-deve-se-comunicar-oficialmente-sobre-possivel-fechamento-da-agencia-de-recreio\/#webpage\",\"url\":\"http:\/\/www.polisrecreio.com.br\/site\/2019\/10\/09\/itau-deve-se-comunicar-oficialmente-sobre-possivel-fechamento-da-agencia-de-recreio\/\",\"name\":\"Ita\\u00fa deve se comunicar oficialmente sobre poss\\u00edvel fechamento da ag\\u00eancia de Recreio - P\\u00f3lis Recreio\",\"isPartOf\":{\"@id\":\"https:\/\/www.polisrecreio.com.br\/site\/#website\"},\"primaryImageOfPage\":{\"@id\":\"http:\/\/www.polisrecreio.com.br\/site\/2019\/10\/09\/itau-deve-se-comunicar-oficialmente-sobre-possivel-fechamento-da-agencia-de-recreio\/#primaryimage\"},\"datePublished\":\"2019-10-09T21:24:55+00:00\",\"dateModified\":\"2019-10-09T21:28:19+00:00\",\"author\":{\"@id\":\"https:\/\/www.polisrecreio.com.br\/site\/#\/schema\/person\/3363c1c78e1e28e1329d97adb387638e\"},\"inLanguage\":\"pt-BR\",\"potentialAction\":[{\"@type\":\"ReadAction\",\"target\":[\"http:\/\/www.polisrecreio.com.br\/site\/2019\/10\/09\/itau-deve-se-comunicar-oficialmente-sobre-possivel-fechamento-da-agencia-de-recreio\/\"]}]},{\"@type\":\"Person\",\"@id\":\"https:\/\/www.polisrecreio.com.br\/site\/#\/schema\/person\/3363c1c78e1e28e1329d97adb387638e\",\"name\":\"Leonardo Ribeiro\",\"image\":{\"@type\":\"ImageObject\",\"@id\":\"https:\/\/www.polisrecreio.com.br\/site\/#personlogo\",\"inLanguage\":\"pt-BR\",\"url\":\"https:\/\/secure.gravatar.com\/avatar\/6ba92a37d621e1a83e23710251178a12?s=96&d=mm&r=g\",\"caption\":\"Leonardo Ribeiro\"},\"sameAs\":[\"http:\/\/www.polisrecreio.com.br\"]}]}<\/script>\n<!-- \/ Yoast SEO plugin. -->","_links":{"self":[{"href":"https:\/\/www.polisrecreio.com.br\/site\/wp-json\/wp\/v2\/posts\/15508"}],"collection":[{"href":"https:\/\/www.polisrecreio.com.br\/site\/wp-json\/wp\/v2\/posts"}],"about":[{"href":"https:\/\/www.polisrecreio.com.br\/site\/wp-json\/wp\/v2\/types\/post"}],"author":[{"embeddable":true,"href":"https:\/\/www.polisrecreio.com.br\/site\/wp-json\/wp\/v2\/users\/3"}],"replies":[{"embeddable":true,"href":"https:\/\/www.polisrecreio.com.br\/site\/wp-json\/wp\/v2\/comments?post=15508"}],"version-history":[{"count":2,"href":"https:\/\/www.polisrecreio.com.br\/site\/wp-json\/wp\/v2\/posts\/15508\/revisions"}],"predecessor-version":[{"id":15511,"href":"https:\/\/www.polisrecreio.com.br\/site\/wp-json\/wp\/v2\/posts\/15508\/revisions\/15511"}],"wp:featuredmedia":[{"embeddable":true,"href":"https:\/\/www.polisrecreio.com.br\/site\/wp-json\/wp\/v2\/media\/15509"}],"wp:attachment":[{"href":"https:\/\/www.polisrecreio.com.br\/site\/wp-json\/wp\/v2\/media?parent=15508"}],"wp:term":[{"taxonomy":"category","embeddable":true,"href":"https:\/\/www.polisrecreio.com.br\/site\/wp-json\/wp\/v2\/categories?post=15508"},{"taxonomy":"post_tag","embeddable":true,"href":"https:\/\/www.polisrecreio.com.br\/site\/wp-json\/wp\/v2\/tags?post=15508"}],"curies":[{"name":"wp","href":"https:\/\/api.w.org\/{rel}","templated":true}]}}