{"id":15512,"date":"2019-10-11T11:53:48","date_gmt":"2019-10-11T14:53:48","guid":{"rendered":"http:\/\/www.polisrecreio.com.br\/site\/?p=15512"},"modified":"2019-10-11T11:54:59","modified_gmt":"2019-10-11T14:54:59","slug":"grande-final-do-regional-sub-11-acontece-neste-sabado-12-na-vila-ideal-e-c-x-prainha","status":"publish","type":"post","link":"https:\/\/www.polisrecreio.com.br\/site\/2019\/10\/11\/grande-final-do-regional-sub-11-acontece-neste-sabado-12-na-vila-ideal-e-c-x-prainha\/","title":{"rendered":"Grande final do Regional sub-11 acontece neste s\u00e1bado (12) na Vila: Ideal E.C X Prainha"},"content":{"rendered":"<p style=\"text-align: justify;\">A grande final do Campeonato Regional 2019 \u2013 categoria sub-11 \u2013 da Liga Esportiva de Cataguases acontece neste s\u00e1bado (11), \u00e0s 16h, no Est\u00e1dio Alcides Campos \u201cVila\u201d: Ideal E.C X Prainha (Rio Novo). A competi\u00e7\u00e3o \u00e9 tratada pelos esportistas da regi\u00e3o como a maior da hist\u00f3ria nesta categoria.<\/p>\n<p><!--more--><\/p>\n<p><a href=\"http:\/\/www.polisrecreio.com.br\/site\/wp-content\/uploads\/2019\/10\/DSC_0241.jpg\"><img loading=\"lazy\" class=\"aligncenter size-full wp-image-15513\" src=\"http:\/\/www.polisrecreio.com.br\/site\/wp-content\/uploads\/2019\/10\/DSC_0241.jpg\" alt=\"\" width=\"750\" height=\"500\" srcset=\"https:\/\/www.polisrecreio.com.br\/site\/wp-content\/uploads\/2019\/10\/DSC_0241.jpg 750w, https:\/\/www.polisrecreio.com.br\/site\/wp-content\/uploads\/2019\/10\/DSC_0241-300x200.jpg 300w\" sizes=\"(max-width: 750px) 100vw, 750px\" \/><\/a><\/p>\n<p style=\"text-align: justify;\">Na primeira partida entre os dois finalistas, na cidade de Rio Novo, o placar ficou em 1X1. Caso haja um novo empate a decis\u00e3o ser\u00e1 nos p\u00eanaltis. Quem vencer fica com o t\u00edtulo de campe\u00e3o regional.<\/p>\n<p style=\"text-align: justify;\">O Campeonato come\u00e7ou com 16 times da regi\u00e3o da zona da mata mineira e do Estado do Rio.<\/p>\n","protected":false},"excerpt":{"rendered":"<p>A grande final do Campeonato Regional 2019 \u2013 categoria sub-11 \u2013 da Liga Esportiva de Cataguases acontece neste s\u00e1bado (11), \u00e0s 16h, no Est\u00e1dio Alcides Campos \u201cVila\u201d: Ideal E.C X Prainha (Rio Novo). A competi\u00e7\u00e3o \u00e9 tratada pelos esportistas da regi\u00e3o como a maior da hist\u00f3ria nesta categoria.<\/p>\n","protected":false},"author":3,"featured_media":15513,"comment_status":"open","ping_status":"open","sticky":false,"template":"","format":"standard","meta":[],"categories":[4],"tags":[],"yoast_head":"<!-- This site is optimized with the Yoast SEO plugin v15.6.2 - https:\/\/yoast.com\/wordpress\/plugins\/seo\/ -->\n<meta name=\"robots\" content=\"index, follow, max-snippet:-1, max-image-preview:large, max-video-preview:-1\" \/>\n<link rel=\"canonical\" href=\"https:\/\/www.polisrecreio.com.br\/site\/2019\/10\/11\/grande-final-do-regional-sub-11-acontece-neste-sabado-12-na-vila-ideal-e-c-x-prainha\/\" \/>\n<meta property=\"og:locale\" content=\"pt_BR\" \/>\n<meta property=\"og:type\" content=\"article\" \/>\n<meta property=\"og:title\" content=\"Grande final do Regional sub-11 acontece neste s\u00e1bado (12) na Vila: Ideal E.C X Prainha - P\u00f3lis Recreio\" \/>\n<meta property=\"og:description\" content=\"A grande final do Campeonato Regional 2019 \u2013 categoria sub-11 \u2013 da Liga Esportiva de Cataguases acontece neste s\u00e1bado (11), \u00e0s 16h, no Est\u00e1dio Alcides Campos \u201cVila\u201d: Ideal E.C X Prainha (Rio Novo). A competi\u00e7\u00e3o \u00e9 tratada pelos esportistas da regi\u00e3o como a maior da hist\u00f3ria nesta categoria.\" \/>\n<meta property=\"og:url\" content=\"https:\/\/www.polisrecreio.com.br\/site\/2019\/10\/11\/grande-final-do-regional-sub-11-acontece-neste-sabado-12-na-vila-ideal-e-c-x-prainha\/\" \/>\n<meta property=\"og:site_name\" content=\"P\u00f3lis Recreio\" \/>\n<meta property=\"article:publisher\" content=\"https:\/\/www.facebook.com\/Site-P%c3%b3lis-Recreio-MG-181941708571019\/\" \/>\n<meta property=\"article:published_time\" content=\"2019-10-11T14:53:48+00:00\" \/>\n<meta property=\"article:modified_time\" content=\"2019-10-11T14:54:59+00:00\" \/>\n<meta property=\"og:image\" content=\"https:\/\/www.polisrecreio.com.br\/site\/wp-content\/uploads\/2019\/10\/DSC_0241.jpg\" \/>\n\t<meta property=\"og:image:width\" content=\"750\" \/>\n\t<meta property=\"og:image:height\" content=\"500\" \/>\n<meta name=\"twitter:card\" content=\"summary_large_image\" \/>\n<meta name=\"twitter:creator\" content=\"@PolisRecreio\" \/>\n<meta name=\"twitter:site\" content=\"@PolisRecreio\" \/>\n<meta name=\"twitter:label1\" content=\"Est. reading time\">\n\t<meta name=\"twitter:data1\" content=\"1 minuto\">\n<script type=\"application\/ld+json\" class=\"yoast-schema-graph\">{\"@context\":\"https:\/\/schema.org\",\"@graph\":[{\"@type\":\"WebSite\",\"@id\":\"https:\/\/www.polisrecreio.com.br\/site\/#website\",\"url\":\"https:\/\/www.polisrecreio.com.br\/site\/\",\"name\":\"P\\u00f3lis Recreio\",\"description\":\"\",\"potentialAction\":[{\"@type\":\"SearchAction\",\"target\":\"https:\/\/www.polisrecreio.com.br\/site\/?s={search_term_string}\",\"query-input\":\"required name=search_term_string\"}],\"inLanguage\":\"pt-BR\"},{\"@type\":\"ImageObject\",\"@id\":\"https:\/\/www.polisrecreio.com.br\/site\/2019\/10\/11\/grande-final-do-regional-sub-11-acontece-neste-sabado-12-na-vila-ideal-e-c-x-prainha\/#primaryimage\",\"inLanguage\":\"pt-BR\",\"url\":\"https:\/\/www.polisrecreio.com.br\/site\/wp-content\/uploads\/2019\/10\/DSC_0241.jpg\",\"width\":750,\"height\":500},{\"@type\":\"WebPage\",\"@id\":\"https:\/\/www.polisrecreio.com.br\/site\/2019\/10\/11\/grande-final-do-regional-sub-11-acontece-neste-sabado-12-na-vila-ideal-e-c-x-prainha\/#webpage\",\"url\":\"https:\/\/www.polisrecreio.com.br\/site\/2019\/10\/11\/grande-final-do-regional-sub-11-acontece-neste-sabado-12-na-vila-ideal-e-c-x-prainha\/\",\"name\":\"Grande final do Regional sub-11 acontece neste s\\u00e1bado (12) na Vila: Ideal E.C X Prainha - P\\u00f3lis Recreio\",\"isPartOf\":{\"@id\":\"https:\/\/www.polisrecreio.com.br\/site\/#website\"},\"primaryImageOfPage\":{\"@id\":\"https:\/\/www.polisrecreio.com.br\/site\/2019\/10\/11\/grande-final-do-regional-sub-11-acontece-neste-sabado-12-na-vila-ideal-e-c-x-prainha\/#primaryimage\"},\"datePublished\":\"2019-10-11T14:53:48+00:00\",\"dateModified\":\"2019-10-11T14:54:59+00:00\",\"author\":{\"@id\":\"https:\/\/www.polisrecreio.com.br\/site\/#\/schema\/person\/3363c1c78e1e28e1329d97adb387638e\"},\"inLanguage\":\"pt-BR\",\"potentialAction\":[{\"@type\":\"ReadAction\",\"target\":[\"https:\/\/www.polisrecreio.com.br\/site\/2019\/10\/11\/grande-final-do-regional-sub-11-acontece-neste-sabado-12-na-vila-ideal-e-c-x-prainha\/\"]}]},{\"@type\":\"Person\",\"@id\":\"https:\/\/www.polisrecreio.com.br\/site\/#\/schema\/person\/3363c1c78e1e28e1329d97adb387638e\",\"name\":\"Leonardo Ribeiro\",\"image\":{\"@type\":\"ImageObject\",\"@id\":\"https:\/\/www.polisrecreio.com.br\/site\/#personlogo\",\"inLanguage\":\"pt-BR\",\"url\":\"https:\/\/secure.gravatar.com\/avatar\/6ba92a37d621e1a83e23710251178a12?s=96&d=mm&r=g\",\"caption\":\"Leonardo Ribeiro\"},\"sameAs\":[\"http:\/\/www.polisrecreio.com.br\"]}]}<\/script>\n<!-- \/ Yoast SEO plugin. -->","_links":{"self":[{"href":"https:\/\/www.polisrecreio.com.br\/site\/wp-json\/wp\/v2\/posts\/15512"}],"collection":[{"href":"https:\/\/www.polisrecreio.com.br\/site\/wp-json\/wp\/v2\/posts"}],"about":[{"href":"https:\/\/www.polisrecreio.com.br\/site\/wp-json\/wp\/v2\/types\/post"}],"author":[{"embeddable":true,"href":"https:\/\/www.polisrecreio.com.br\/site\/wp-json\/wp\/v2\/users\/3"}],"replies":[{"embeddable":true,"href":"https:\/\/www.polisrecreio.com.br\/site\/wp-json\/wp\/v2\/comments?post=15512"}],"version-history":[{"count":2,"href":"https:\/\/www.polisrecreio.com.br\/site\/wp-json\/wp\/v2\/posts\/15512\/revisions"}],"predecessor-version":[{"id":15515,"href":"https:\/\/www.polisrecreio.com.br\/site\/wp-json\/wp\/v2\/posts\/15512\/revisions\/15515"}],"wp:featuredmedia":[{"embeddable":true,"href":"https:\/\/www.polisrecreio.com.br\/site\/wp-json\/wp\/v2\/media\/15513"}],"wp:attachment":[{"href":"https:\/\/www.polisrecreio.com.br\/site\/wp-json\/wp\/v2\/media?parent=15512"}],"wp:term":[{"taxonomy":"category","embeddable":true,"href":"https:\/\/www.polisrecreio.com.br\/site\/wp-json\/wp\/v2\/categories?post=15512"},{"taxonomy":"post_tag","embeddable":true,"href":"https:\/\/www.polisrecreio.com.br\/site\/wp-json\/wp\/v2\/tags?post=15512"}],"curies":[{"name":"wp","href":"https:\/\/api.w.org\/{rel}","templated":true}]}}