{"id":15516,"date":"2019-10-14T13:01:51","date_gmt":"2019-10-14T16:01:51","guid":{"rendered":"http:\/\/www.polisrecreio.com.br\/site\/?p=15516"},"modified":"2019-10-14T13:04:50","modified_gmt":"2019-10-14T16:04:50","slug":"social-country-clube-de-recreio-investe-em-energia-solar-fotovoltaica","status":"publish","type":"post","link":"https:\/\/www.polisrecreio.com.br\/site\/2019\/10\/14\/social-country-clube-de-recreio-investe-em-energia-solar-fotovoltaica\/","title":{"rendered":"Social Country Clube de Recreio investe em energia solar fotovoltaica"},"content":{"rendered":"<p style=\"text-align: justify;\">A dire\u00e7\u00e3o do Social Country Clube de Recreio, sob presid\u00eancia de Marcelo Jos\u00e9 Dias Barbosa, mais uma vez inovou. O mais novo investimento do clube foi a instala\u00e7\u00e3o do sistema de gera\u00e7\u00e3o de energia solar fotovoltaica.<\/p>\n<p><!--more--><\/p>\n<figure id=\"attachment_15517\" aria-describedby=\"caption-attachment-15517\" style=\"width: 750px\" class=\"wp-caption aligncenter\"><a href=\"http:\/\/www.polisrecreio.com.br\/site\/wp-content\/uploads\/2019\/10\/71494092_3003009236440598_2097137770773348352_n.jpg\"><img loading=\"lazy\" class=\"size-full wp-image-15517\" src=\"http:\/\/www.polisrecreio.com.br\/site\/wp-content\/uploads\/2019\/10\/71494092_3003009236440598_2097137770773348352_n.jpg\" alt=\"\" width=\"750\" height=\"499\" srcset=\"https:\/\/www.polisrecreio.com.br\/site\/wp-content\/uploads\/2019\/10\/71494092_3003009236440598_2097137770773348352_n.jpg 750w, https:\/\/www.polisrecreio.com.br\/site\/wp-content\/uploads\/2019\/10\/71494092_3003009236440598_2097137770773348352_n-300x200.jpg 300w\" sizes=\"(max-width: 750px) 100vw, 750px\" \/><\/a><figcaption id=\"caption-attachment-15517\" class=\"wp-caption-text\">Foto: Facebook Hudson de Castro.<\/figcaption><\/figure>\n<p style=\"text-align: justify;\">Segundo informa\u00e7\u00f5es de Hudson de Castro, da empresa que vendeu o sistema, foram instaladas 90 placas, com m\u00e9dia de produ\u00e7\u00e3o de 3.700kwh\/m\u00eas.<\/p>\n<p style=\"text-align: justify;\">\u201cA previs\u00e3o \u00e9 de que em 5 anos o investimento de R$ 93.500 esteja pago com a economia de energia el\u00e9trica. Mensalmente gasta-se em m\u00e9dia R$ 3 mil de tarifa de energia no Social. A partir do pr\u00f3ximo m\u00eas este valor deve diminuir para aproximadamente R$ 90\u201d, informou o presidente do Clube.<\/p>\n<p style=\"text-align: justify;\">O sistema de energia solar fotovoltaica \u00e9 aquele no qual a irradia\u00e7\u00e3o solar \u00e9 transformada diretamente em energia el\u00e9trica.<\/p>\n<figure id=\"attachment_15518\" aria-describedby=\"caption-attachment-15518\" style=\"width: 750px\" class=\"wp-caption aligncenter\"><a href=\"http:\/\/www.polisrecreio.com.br\/site\/wp-content\/uploads\/2019\/10\/72191088_3003009149773940_9041436273008443392_n.jpg\"><img loading=\"lazy\" class=\"size-full wp-image-15518\" src=\"http:\/\/www.polisrecreio.com.br\/site\/wp-content\/uploads\/2019\/10\/72191088_3003009149773940_9041436273008443392_n.jpg\" alt=\"\" width=\"750\" height=\"499\" srcset=\"https:\/\/www.polisrecreio.com.br\/site\/wp-content\/uploads\/2019\/10\/72191088_3003009149773940_9041436273008443392_n.jpg 750w, https:\/\/www.polisrecreio.com.br\/site\/wp-content\/uploads\/2019\/10\/72191088_3003009149773940_9041436273008443392_n-300x200.jpg 300w\" sizes=\"(max-width: 750px) 100vw, 750px\" \/><\/a><figcaption id=\"caption-attachment-15518\" class=\"wp-caption-text\">Foto: Facebook Hudson de Castro.<\/figcaption><\/figure>\n","protected":false},"excerpt":{"rendered":"<p>A dire\u00e7\u00e3o do Social Country Clube de Recreio, sob presid\u00eancia de Marcelo Jos\u00e9 Dias Barbosa, mais uma vez inovou. O mais novo investimento do clube foi a instala\u00e7\u00e3o do sistema de gera\u00e7\u00e3o de energia solar fotovoltaica.<\/p>\n","protected":false},"author":3,"featured_media":15517,"comment_status":"open","ping_status":"open","sticky":false,"template":"","format":"standard","meta":[],"categories":[6],"tags":[],"yoast_head":"<!-- This site is optimized with the Yoast SEO plugin v15.6.2 - https:\/\/yoast.com\/wordpress\/plugins\/seo\/ -->\n<meta name=\"robots\" content=\"index, follow, max-snippet:-1, max-image-preview:large, max-video-preview:-1\" \/>\n<link rel=\"canonical\" href=\"https:\/\/www.polisrecreio.com.br\/site\/2019\/10\/14\/social-country-clube-de-recreio-investe-em-energia-solar-fotovoltaica\/\" \/>\n<meta property=\"og:locale\" content=\"pt_BR\" \/>\n<meta property=\"og:type\" content=\"article\" \/>\n<meta property=\"og:title\" content=\"Social Country Clube de Recreio investe em energia solar fotovoltaica - P\u00f3lis Recreio\" \/>\n<meta property=\"og:description\" content=\"A dire\u00e7\u00e3o do Social Country Clube de Recreio, sob presid\u00eancia de Marcelo Jos\u00e9 Dias Barbosa, mais uma vez inovou. O mais novo investimento do clube foi a instala\u00e7\u00e3o do sistema de gera\u00e7\u00e3o de energia solar fotovoltaica.\" \/>\n<meta property=\"og:url\" content=\"https:\/\/www.polisrecreio.com.br\/site\/2019\/10\/14\/social-country-clube-de-recreio-investe-em-energia-solar-fotovoltaica\/\" \/>\n<meta property=\"og:site_name\" content=\"P\u00f3lis Recreio\" \/>\n<meta property=\"article:publisher\" content=\"https:\/\/www.facebook.com\/Site-P%c3%b3lis-Recreio-MG-181941708571019\/\" \/>\n<meta property=\"article:published_time\" content=\"2019-10-14T16:01:51+00:00\" \/>\n<meta property=\"article:modified_time\" content=\"2019-10-14T16:04:50+00:00\" \/>\n<meta property=\"og:image\" content=\"https:\/\/www.polisrecreio.com.br\/site\/wp-content\/uploads\/2019\/10\/71494092_3003009236440598_2097137770773348352_n.jpg\" \/>\n\t<meta property=\"og:image:width\" content=\"750\" \/>\n\t<meta property=\"og:image:height\" content=\"499\" \/>\n<meta name=\"twitter:card\" content=\"summary_large_image\" \/>\n<meta name=\"twitter:creator\" content=\"@PolisRecreio\" \/>\n<meta name=\"twitter:site\" content=\"@PolisRecreio\" \/>\n<meta name=\"twitter:label1\" content=\"Est. reading time\">\n\t<meta name=\"twitter:data1\" content=\"1 minuto\">\n<script type=\"application\/ld+json\" class=\"yoast-schema-graph\">{\"@context\":\"https:\/\/schema.org\",\"@graph\":[{\"@type\":\"WebSite\",\"@id\":\"https:\/\/www.polisrecreio.com.br\/site\/#website\",\"url\":\"https:\/\/www.polisrecreio.com.br\/site\/\",\"name\":\"P\\u00f3lis Recreio\",\"description\":\"\",\"potentialAction\":[{\"@type\":\"SearchAction\",\"target\":\"https:\/\/www.polisrecreio.com.br\/site\/?s={search_term_string}\",\"query-input\":\"required name=search_term_string\"}],\"inLanguage\":\"pt-BR\"},{\"@type\":\"ImageObject\",\"@id\":\"https:\/\/www.polisrecreio.com.br\/site\/2019\/10\/14\/social-country-clube-de-recreio-investe-em-energia-solar-fotovoltaica\/#primaryimage\",\"inLanguage\":\"pt-BR\",\"url\":\"https:\/\/www.polisrecreio.com.br\/site\/wp-content\/uploads\/2019\/10\/71494092_3003009236440598_2097137770773348352_n.jpg\",\"width\":750,\"height\":499,\"caption\":\"Foto: Facebook Hudson de Castro.\"},{\"@type\":\"WebPage\",\"@id\":\"https:\/\/www.polisrecreio.com.br\/site\/2019\/10\/14\/social-country-clube-de-recreio-investe-em-energia-solar-fotovoltaica\/#webpage\",\"url\":\"https:\/\/www.polisrecreio.com.br\/site\/2019\/10\/14\/social-country-clube-de-recreio-investe-em-energia-solar-fotovoltaica\/\",\"name\":\"Social Country Clube de Recreio investe em energia solar fotovoltaica - P\\u00f3lis Recreio\",\"isPartOf\":{\"@id\":\"https:\/\/www.polisrecreio.com.br\/site\/#website\"},\"primaryImageOfPage\":{\"@id\":\"https:\/\/www.polisrecreio.com.br\/site\/2019\/10\/14\/social-country-clube-de-recreio-investe-em-energia-solar-fotovoltaica\/#primaryimage\"},\"datePublished\":\"2019-10-14T16:01:51+00:00\",\"dateModified\":\"2019-10-14T16:04:50+00:00\",\"author\":{\"@id\":\"https:\/\/www.polisrecreio.com.br\/site\/#\/schema\/person\/3363c1c78e1e28e1329d97adb387638e\"},\"inLanguage\":\"pt-BR\",\"potentialAction\":[{\"@type\":\"ReadAction\",\"target\":[\"https:\/\/www.polisrecreio.com.br\/site\/2019\/10\/14\/social-country-clube-de-recreio-investe-em-energia-solar-fotovoltaica\/\"]}]},{\"@type\":\"Person\",\"@id\":\"https:\/\/www.polisrecreio.com.br\/site\/#\/schema\/person\/3363c1c78e1e28e1329d97adb387638e\",\"name\":\"Leonardo Ribeiro\",\"image\":{\"@type\":\"ImageObject\",\"@id\":\"https:\/\/www.polisrecreio.com.br\/site\/#personlogo\",\"inLanguage\":\"pt-BR\",\"url\":\"https:\/\/secure.gravatar.com\/avatar\/6ba92a37d621e1a83e23710251178a12?s=96&d=mm&r=g\",\"caption\":\"Leonardo Ribeiro\"},\"sameAs\":[\"http:\/\/www.polisrecreio.com.br\"]}]}<\/script>\n<!-- \/ Yoast SEO plugin. -->","_links":{"self":[{"href":"https:\/\/www.polisrecreio.com.br\/site\/wp-json\/wp\/v2\/posts\/15516"}],"collection":[{"href":"https:\/\/www.polisrecreio.com.br\/site\/wp-json\/wp\/v2\/posts"}],"about":[{"href":"https:\/\/www.polisrecreio.com.br\/site\/wp-json\/wp\/v2\/types\/post"}],"author":[{"embeddable":true,"href":"https:\/\/www.polisrecreio.com.br\/site\/wp-json\/wp\/v2\/users\/3"}],"replies":[{"embeddable":true,"href":"https:\/\/www.polisrecreio.com.br\/site\/wp-json\/wp\/v2\/comments?post=15516"}],"version-history":[{"count":3,"href":"https:\/\/www.polisrecreio.com.br\/site\/wp-json\/wp\/v2\/posts\/15516\/revisions"}],"predecessor-version":[{"id":15521,"href":"https:\/\/www.polisrecreio.com.br\/site\/wp-json\/wp\/v2\/posts\/15516\/revisions\/15521"}],"wp:featuredmedia":[{"embeddable":true,"href":"https:\/\/www.polisrecreio.com.br\/site\/wp-json\/wp\/v2\/media\/15517"}],"wp:attachment":[{"href":"https:\/\/www.polisrecreio.com.br\/site\/wp-json\/wp\/v2\/media?parent=15516"}],"wp:term":[{"taxonomy":"category","embeddable":true,"href":"https:\/\/www.polisrecreio.com.br\/site\/wp-json\/wp\/v2\/categories?post=15516"},{"taxonomy":"post_tag","embeddable":true,"href":"https:\/\/www.polisrecreio.com.br\/site\/wp-json\/wp\/v2\/tags?post=15516"}],"curies":[{"name":"wp","href":"https:\/\/api.w.org\/{rel}","templated":true}]}}