{"id":15522,"date":"2019-10-14T15:44:25","date_gmt":"2019-10-14T18:44:25","guid":{"rendered":"http:\/\/www.polisrecreio.com.br\/site\/?p=15522"},"modified":"2019-10-14T16:40:51","modified_gmt":"2019-10-14T19:40:51","slug":"ramon-filho-de-recreio-precisa-de-ajuda-para-transplante-de-medula","status":"publish","type":"post","link":"https:\/\/www.polisrecreio.com.br\/site\/2019\/10\/14\/ramon-filho-de-recreio-precisa-de-ajuda-para-transplante-de-medula\/","title":{"rendered":"Ramon Filho, de Recreio, precisa de ajuda para transplante de medula"},"content":{"rendered":"<p style=\"text-align: justify;\">Aos 53 anos de idade, Ramon do Valle Vicente, ou simplesmente, Ramon Filho, morador de Recreio durante v\u00e1rios anos na Rua Dr. Modesto Faria, no Alto da Igreja, est\u00e1 precisando de ajuda financeira. Diagnosticado com leucemia, Ramon vai passar pelo transplante de medula \u00f3ssea. Ele est\u00e1 internado no Hospital Fel\u00edcio Rocho, em Belo Horizonte, aonde reside desde que mudou de cidade.<\/p>\n<p><!--more--><\/p>\n<p><a href=\"http:\/\/www.polisrecreio.com.br\/site\/wp-content\/uploads\/2019\/10\/377203_223533944440428_1011326198_n.jpg\"><img loading=\"lazy\" class=\"aligncenter size-full wp-image-15523\" src=\"http:\/\/www.polisrecreio.com.br\/site\/wp-content\/uploads\/2019\/10\/377203_223533944440428_1011326198_n.jpg\" alt=\"\" width=\"960\" height=\"720\" srcset=\"https:\/\/www.polisrecreio.com.br\/site\/wp-content\/uploads\/2019\/10\/377203_223533944440428_1011326198_n.jpg 960w, https:\/\/www.polisrecreio.com.br\/site\/wp-content\/uploads\/2019\/10\/377203_223533944440428_1011326198_n-300x225.jpg 300w, https:\/\/www.polisrecreio.com.br\/site\/wp-content\/uploads\/2019\/10\/377203_223533944440428_1011326198_n-768x576.jpg 768w\" sizes=\"(max-width: 960px) 100vw, 960px\" \/><\/a><\/p>\n<p style=\"text-align: justify;\">A campanha para conseguir os recursos est\u00e1 sendo divulgada via rede social por amigos e familiares. O pedido \u00e9 para doa\u00e7\u00e3o de qualquer valor em dinheiro que ser\u00e1 revertido para o pagamento de um profissional que ficar\u00e1 com ele em tempo integral ap\u00f3s o procedimento cir\u00fargico. Segundo postagem Ramon tem um recurso do FGTS que ser\u00e1 utilizado, mas ser\u00e1 necess\u00e1rio complementar.<\/p>\n<p style=\"text-align: justify;\"><a href=\"http:\/\/www.polisrecreio.com.br\/site\/wp-content\/uploads\/2019\/10\/f9ab1f62-e2e8-40e1-98ac-f6b9f631a066.jpg\"><img loading=\"lazy\" class=\"alignleft size-full wp-image-15524\" src=\"http:\/\/www.polisrecreio.com.br\/site\/wp-content\/uploads\/2019\/10\/f9ab1f62-e2e8-40e1-98ac-f6b9f631a066.jpg\" alt=\"\" width=\"354\" height=\"316\" srcset=\"https:\/\/www.polisrecreio.com.br\/site\/wp-content\/uploads\/2019\/10\/f9ab1f62-e2e8-40e1-98ac-f6b9f631a066.jpg 354w, https:\/\/www.polisrecreio.com.br\/site\/wp-content\/uploads\/2019\/10\/f9ab1f62-e2e8-40e1-98ac-f6b9f631a066-300x268.jpg 300w\" sizes=\"(max-width: 354px) 100vw, 354px\" \/><\/a>Em conversa com o Site P\u00f3lis nesta segunda-feira (14), Ramon Filho relembrou o per\u00edodo que morou em Recreio. \u201cEstudei na E.E. Olavo Bilac e no Col\u00e9gio Jo\u00e3o XXIII, gostava de andar de moto e curtir com amigos. Guardo Recreio no meu cora\u00e7\u00e3o. Espero em breve, assim que passar\u00a0 por este per\u00edodo, ir visitar a cidade e rever os amigos. Estou otimista que vai dar tudo certo\u201d, disse. A m\u00e9dula ser\u00e1 doada pela filha J\u00falia do Vale Filho (foto ao lado).<\/p>\n<p style=\"text-align: justify;\">Para doar qualquer quantia a ex-esposa,\u00a0Fernanda de Souza Filho, deixou dispon\u00edvel os dados banc\u00e1rios:<\/p>\n<ul>\n<li style=\"text-align: justify;\">Caixa Econ\u00f4mica Federal<\/li>\n<li style=\"text-align: justify;\">Conta Poupan\u00e7a<\/li>\n<li style=\"text-align: justify;\">Opera\u00e7\u00e3o 013<\/li>\n<li style=\"text-align: justify;\">Ag. 0081<\/li>\n<li style=\"text-align: justify;\">Conta. 1396622-0<\/li>\n<li style=\"text-align: justify;\">Fernanda de Souza Filho<\/li>\n<li style=\"text-align: justify;\">CPF 979.399.356-15<\/li>\n<\/ul>\n","protected":false},"excerpt":{"rendered":"<p>Aos 53 anos de idade, Ramon do Valle Vicente, ou simplesmente, Ramon Filho, morador de Recreio durante v\u00e1rios anos na Rua Dr. Modesto Faria, no Alto da Igreja, est\u00e1 precisando de ajuda financeira. Diagnosticado com leucemia, Ramon vai passar pelo transplante de medula \u00f3ssea. Ele est\u00e1 internado no Hospital Fel\u00edcio Rocho, em Belo Horizonte, aonde [&hellip;]<\/p>\n","protected":false},"author":3,"featured_media":15523,"comment_status":"open","ping_status":"open","sticky":false,"template":"","format":"standard","meta":[],"categories":[5],"tags":[],"yoast_head":"<!-- This site is optimized with the Yoast SEO plugin v15.6.2 - https:\/\/yoast.com\/wordpress\/plugins\/seo\/ -->\n<meta name=\"robots\" content=\"index, follow, max-snippet:-1, max-image-preview:large, max-video-preview:-1\" \/>\n<link rel=\"canonical\" href=\"https:\/\/www.polisrecreio.com.br\/site\/2019\/10\/14\/ramon-filho-de-recreio-precisa-de-ajuda-para-transplante-de-medula\/\" \/>\n<meta property=\"og:locale\" content=\"pt_BR\" \/>\n<meta property=\"og:type\" content=\"article\" \/>\n<meta property=\"og:title\" content=\"Ramon Filho, de Recreio, precisa de ajuda para transplante de medula - P\u00f3lis Recreio\" \/>\n<meta property=\"og:description\" content=\"Aos 53 anos de idade, Ramon do Valle Vicente, ou simplesmente, Ramon Filho, morador de Recreio durante v\u00e1rios anos na Rua Dr. Modesto Faria, no Alto da Igreja, est\u00e1 precisando de ajuda financeira. Diagnosticado com leucemia, Ramon vai passar pelo transplante de medula \u00f3ssea. Ele est\u00e1 internado no Hospital Fel\u00edcio Rocho, em Belo Horizonte, aonde [&hellip;]\" \/>\n<meta property=\"og:url\" content=\"https:\/\/www.polisrecreio.com.br\/site\/2019\/10\/14\/ramon-filho-de-recreio-precisa-de-ajuda-para-transplante-de-medula\/\" \/>\n<meta property=\"og:site_name\" content=\"P\u00f3lis Recreio\" \/>\n<meta property=\"article:publisher\" content=\"https:\/\/www.facebook.com\/Site-P%c3%b3lis-Recreio-MG-181941708571019\/\" \/>\n<meta property=\"article:published_time\" content=\"2019-10-14T18:44:25+00:00\" \/>\n<meta property=\"article:modified_time\" content=\"2019-10-14T19:40:51+00:00\" \/>\n<meta property=\"og:image\" content=\"https:\/\/www.polisrecreio.com.br\/site\/wp-content\/uploads\/2019\/10\/377203_223533944440428_1011326198_n.jpg\" \/>\n\t<meta property=\"og:image:width\" content=\"960\" \/>\n\t<meta property=\"og:image:height\" content=\"720\" \/>\n<meta name=\"twitter:card\" content=\"summary_large_image\" \/>\n<meta name=\"twitter:creator\" content=\"@PolisRecreio\" \/>\n<meta name=\"twitter:site\" content=\"@PolisRecreio\" \/>\n<meta name=\"twitter:label1\" content=\"Est. reading time\">\n\t<meta name=\"twitter:data1\" content=\"1 minuto\">\n<script type=\"application\/ld+json\" class=\"yoast-schema-graph\">{\"@context\":\"https:\/\/schema.org\",\"@graph\":[{\"@type\":\"WebSite\",\"@id\":\"https:\/\/www.polisrecreio.com.br\/site\/#website\",\"url\":\"https:\/\/www.polisrecreio.com.br\/site\/\",\"name\":\"P\\u00f3lis Recreio\",\"description\":\"\",\"potentialAction\":[{\"@type\":\"SearchAction\",\"target\":\"https:\/\/www.polisrecreio.com.br\/site\/?s={search_term_string}\",\"query-input\":\"required name=search_term_string\"}],\"inLanguage\":\"pt-BR\"},{\"@type\":\"ImageObject\",\"@id\":\"https:\/\/www.polisrecreio.com.br\/site\/2019\/10\/14\/ramon-filho-de-recreio-precisa-de-ajuda-para-transplante-de-medula\/#primaryimage\",\"inLanguage\":\"pt-BR\",\"url\":\"https:\/\/www.polisrecreio.com.br\/site\/wp-content\/uploads\/2019\/10\/377203_223533944440428_1011326198_n.jpg\",\"width\":960,\"height\":720},{\"@type\":\"WebPage\",\"@id\":\"https:\/\/www.polisrecreio.com.br\/site\/2019\/10\/14\/ramon-filho-de-recreio-precisa-de-ajuda-para-transplante-de-medula\/#webpage\",\"url\":\"https:\/\/www.polisrecreio.com.br\/site\/2019\/10\/14\/ramon-filho-de-recreio-precisa-de-ajuda-para-transplante-de-medula\/\",\"name\":\"Ramon Filho, de Recreio, precisa de ajuda para transplante de medula - P\\u00f3lis Recreio\",\"isPartOf\":{\"@id\":\"https:\/\/www.polisrecreio.com.br\/site\/#website\"},\"primaryImageOfPage\":{\"@id\":\"https:\/\/www.polisrecreio.com.br\/site\/2019\/10\/14\/ramon-filho-de-recreio-precisa-de-ajuda-para-transplante-de-medula\/#primaryimage\"},\"datePublished\":\"2019-10-14T18:44:25+00:00\",\"dateModified\":\"2019-10-14T19:40:51+00:00\",\"author\":{\"@id\":\"https:\/\/www.polisrecreio.com.br\/site\/#\/schema\/person\/3363c1c78e1e28e1329d97adb387638e\"},\"inLanguage\":\"pt-BR\",\"potentialAction\":[{\"@type\":\"ReadAction\",\"target\":[\"https:\/\/www.polisrecreio.com.br\/site\/2019\/10\/14\/ramon-filho-de-recreio-precisa-de-ajuda-para-transplante-de-medula\/\"]}]},{\"@type\":\"Person\",\"@id\":\"https:\/\/www.polisrecreio.com.br\/site\/#\/schema\/person\/3363c1c78e1e28e1329d97adb387638e\",\"name\":\"Leonardo Ribeiro\",\"image\":{\"@type\":\"ImageObject\",\"@id\":\"https:\/\/www.polisrecreio.com.br\/site\/#personlogo\",\"inLanguage\":\"pt-BR\",\"url\":\"https:\/\/secure.gravatar.com\/avatar\/6ba92a37d621e1a83e23710251178a12?s=96&d=mm&r=g\",\"caption\":\"Leonardo Ribeiro\"},\"sameAs\":[\"http:\/\/www.polisrecreio.com.br\"]}]}<\/script>\n<!-- \/ Yoast SEO plugin. -->","_links":{"self":[{"href":"https:\/\/www.polisrecreio.com.br\/site\/wp-json\/wp\/v2\/posts\/15522"}],"collection":[{"href":"https:\/\/www.polisrecreio.com.br\/site\/wp-json\/wp\/v2\/posts"}],"about":[{"href":"https:\/\/www.polisrecreio.com.br\/site\/wp-json\/wp\/v2\/types\/post"}],"author":[{"embeddable":true,"href":"https:\/\/www.polisrecreio.com.br\/site\/wp-json\/wp\/v2\/users\/3"}],"replies":[{"embeddable":true,"href":"https:\/\/www.polisrecreio.com.br\/site\/wp-json\/wp\/v2\/comments?post=15522"}],"version-history":[{"count":4,"href":"https:\/\/www.polisrecreio.com.br\/site\/wp-json\/wp\/v2\/posts\/15522\/revisions"}],"predecessor-version":[{"id":15528,"href":"https:\/\/www.polisrecreio.com.br\/site\/wp-json\/wp\/v2\/posts\/15522\/revisions\/15528"}],"wp:featuredmedia":[{"embeddable":true,"href":"https:\/\/www.polisrecreio.com.br\/site\/wp-json\/wp\/v2\/media\/15523"}],"wp:attachment":[{"href":"https:\/\/www.polisrecreio.com.br\/site\/wp-json\/wp\/v2\/media?parent=15522"}],"wp:term":[{"taxonomy":"category","embeddable":true,"href":"https:\/\/www.polisrecreio.com.br\/site\/wp-json\/wp\/v2\/categories?post=15522"},{"taxonomy":"post_tag","embeddable":true,"href":"https:\/\/www.polisrecreio.com.br\/site\/wp-json\/wp\/v2\/tags?post=15522"}],"curies":[{"name":"wp","href":"https:\/\/api.w.org\/{rel}","templated":true}]}}