{"id":15529,"date":"2019-10-14T22:29:01","date_gmt":"2019-10-15T01:29:01","guid":{"rendered":"http:\/\/www.polisrecreio.com.br\/site\/?p=15529"},"modified":"2019-10-14T22:35:58","modified_gmt":"2019-10-15T01:35:58","slug":"sub-11-do-ideal-e-c-fica-novamente-com-vice-campeonato-regional","status":"publish","type":"post","link":"https:\/\/www.polisrecreio.com.br\/site\/2019\/10\/14\/sub-11-do-ideal-e-c-fica-novamente-com-vice-campeonato-regional\/","title":{"rendered":"Sub-11 do Ideal E.C fica novamente com vice-campeonato Regional"},"content":{"rendered":"<p style=\"text-align: justify;\">Pelo segundo ano consecutivo o sub-11 do Ideal E.C ficou com o vice-campeonato do Regional da Liga Esportiva de Cataguases. Os \u201cmeninos da Vila\u201d n\u00e3o conseguiram vencer o Prainha (Rio Novo). A grande final aconteceu no Est\u00e1dio Alcides Campos \u201cVila\u201d.<\/p>\n<p><!--more--><\/p>\n<p><a href=\"http:\/\/www.polisrecreio.com.br\/site\/wp-content\/uploads\/2019\/10\/72642222_146431369941112_1174256419642277888_n.jpg\"><img loading=\"lazy\" class=\"size-full wp-image-15530 aligncenter\" src=\"http:\/\/www.polisrecreio.com.br\/site\/wp-content\/uploads\/2019\/10\/72642222_146431369941112_1174256419642277888_n.jpg\" alt=\"\" width=\"960\" height=\"720\" srcset=\"https:\/\/www.polisrecreio.com.br\/site\/wp-content\/uploads\/2019\/10\/72642222_146431369941112_1174256419642277888_n.jpg 960w, https:\/\/www.polisrecreio.com.br\/site\/wp-content\/uploads\/2019\/10\/72642222_146431369941112_1174256419642277888_n-300x225.jpg 300w, https:\/\/www.polisrecreio.com.br\/site\/wp-content\/uploads\/2019\/10\/72642222_146431369941112_1174256419642277888_n-768x576.jpg 768w\" sizes=\"(max-width: 960px) 100vw, 960px\" \/><\/a><\/p>\n<p style=\"text-align: justify;\">Havia uma grande expectativa depois do empate em 1X1 em Rio Novo. Mas, ao apito final a derrota por 1X0 deu o t\u00edtulo aos visitantes. Em 2018, a ta\u00e7a de campe\u00e3o acabou ficando com o Cruzeiro (Muria\u00e9), naquele ano o Ideal perdeu nos p\u00eanaltis.<\/p>\n<p style=\"text-align: justify;\">Atrav\u00e9s do Facebook, o treinador Merica, deixou uma mensagem de agradecimento: <em>\u201cinfelizmente o t\u00edtulo n\u00e3o veio, mas, h\u00e1 a certeza que estamos no caminho certo. Agrade\u00e7o de cora\u00e7\u00e3o aos pais que acompanham seus filhos em todos os jogos, gritaram, se emocionaram em cada jogo, em cada lance. Agrade\u00e7o ao presidente do Ideal, Carlinhos, pelo apoio dado; ao diretor, Alex \u201cNinja\u201d, que nos acompanhou em todos os jogos; nossa torcida que lotou a Vila; ao secret\u00e1rio de Esportes, L\u00e9o Medeiros \u201cManga\u201d; enfim, a todos que diretamente ou indiretamente acompanharam nossos meninos. Parab\u00e9ns ao Prainha que montou uma grande equipe e mereceu o t\u00edtulo\u201d.<\/em><\/p>\n<p style=\"text-align: justify;\">O Campeonato Regional 2019 foi reconhecido pelos esportistas da regi\u00e3o como a maior competi\u00e7\u00e3o da hist\u00f3ria nesta categoria. Ao todo 16 times da zona da mata mineira e do Estado do Rio participaram.<\/p>\n","protected":false},"excerpt":{"rendered":"<p>Pelo segundo ano consecutivo o sub-11 do Ideal E.C ficou com o vice-campeonato do Regional da Liga Esportiva de Cataguases. Os \u201cmeninos da Vila\u201d n\u00e3o conseguiram vencer o Prainha (Rio Novo). A grande final aconteceu no Est\u00e1dio Alcides Campos \u201cVila\u201d.<\/p>\n","protected":false},"author":3,"featured_media":15530,"comment_status":"open","ping_status":"open","sticky":false,"template":"","format":"standard","meta":[],"categories":[4],"tags":[],"yoast_head":"<!-- This site is optimized with the Yoast SEO plugin v15.6.2 - https:\/\/yoast.com\/wordpress\/plugins\/seo\/ -->\n<meta name=\"robots\" content=\"index, follow, max-snippet:-1, max-image-preview:large, max-video-preview:-1\" \/>\n<link rel=\"canonical\" href=\"https:\/\/www.polisrecreio.com.br\/site\/2019\/10\/14\/sub-11-do-ideal-e-c-fica-novamente-com-vice-campeonato-regional\/\" \/>\n<meta property=\"og:locale\" content=\"pt_BR\" \/>\n<meta property=\"og:type\" content=\"article\" \/>\n<meta property=\"og:title\" content=\"Sub-11 do Ideal E.C fica novamente com vice-campeonato Regional - P\u00f3lis Recreio\" \/>\n<meta property=\"og:description\" content=\"Pelo segundo ano consecutivo o sub-11 do Ideal E.C ficou com o vice-campeonato do Regional da Liga Esportiva de Cataguases. Os \u201cmeninos da Vila\u201d n\u00e3o conseguiram vencer o Prainha (Rio Novo). A grande final aconteceu no Est\u00e1dio Alcides Campos \u201cVila\u201d.\" \/>\n<meta property=\"og:url\" content=\"https:\/\/www.polisrecreio.com.br\/site\/2019\/10\/14\/sub-11-do-ideal-e-c-fica-novamente-com-vice-campeonato-regional\/\" \/>\n<meta property=\"og:site_name\" content=\"P\u00f3lis Recreio\" \/>\n<meta property=\"article:publisher\" content=\"https:\/\/www.facebook.com\/Site-P%c3%b3lis-Recreio-MG-181941708571019\/\" \/>\n<meta property=\"article:published_time\" content=\"2019-10-15T01:29:01+00:00\" \/>\n<meta property=\"article:modified_time\" content=\"2019-10-15T01:35:58+00:00\" \/>\n<meta property=\"og:image\" content=\"https:\/\/www.polisrecreio.com.br\/site\/wp-content\/uploads\/2019\/10\/72642222_146431369941112_1174256419642277888_n.jpg\" \/>\n\t<meta property=\"og:image:width\" content=\"960\" \/>\n\t<meta property=\"og:image:height\" content=\"720\" \/>\n<meta name=\"twitter:card\" content=\"summary_large_image\" \/>\n<meta name=\"twitter:creator\" content=\"@PolisRecreio\" \/>\n<meta name=\"twitter:site\" content=\"@PolisRecreio\" \/>\n<meta name=\"twitter:label1\" content=\"Est. reading time\">\n\t<meta name=\"twitter:data1\" content=\"1 minuto\">\n<script type=\"application\/ld+json\" class=\"yoast-schema-graph\">{\"@context\":\"https:\/\/schema.org\",\"@graph\":[{\"@type\":\"WebSite\",\"@id\":\"https:\/\/www.polisrecreio.com.br\/site\/#website\",\"url\":\"https:\/\/www.polisrecreio.com.br\/site\/\",\"name\":\"P\\u00f3lis Recreio\",\"description\":\"\",\"potentialAction\":[{\"@type\":\"SearchAction\",\"target\":\"https:\/\/www.polisrecreio.com.br\/site\/?s={search_term_string}\",\"query-input\":\"required name=search_term_string\"}],\"inLanguage\":\"pt-BR\"},{\"@type\":\"ImageObject\",\"@id\":\"https:\/\/www.polisrecreio.com.br\/site\/2019\/10\/14\/sub-11-do-ideal-e-c-fica-novamente-com-vice-campeonato-regional\/#primaryimage\",\"inLanguage\":\"pt-BR\",\"url\":\"https:\/\/www.polisrecreio.com.br\/site\/wp-content\/uploads\/2019\/10\/72642222_146431369941112_1174256419642277888_n.jpg\",\"width\":960,\"height\":720},{\"@type\":\"WebPage\",\"@id\":\"https:\/\/www.polisrecreio.com.br\/site\/2019\/10\/14\/sub-11-do-ideal-e-c-fica-novamente-com-vice-campeonato-regional\/#webpage\",\"url\":\"https:\/\/www.polisrecreio.com.br\/site\/2019\/10\/14\/sub-11-do-ideal-e-c-fica-novamente-com-vice-campeonato-regional\/\",\"name\":\"Sub-11 do Ideal E.C fica novamente com vice-campeonato Regional - P\\u00f3lis Recreio\",\"isPartOf\":{\"@id\":\"https:\/\/www.polisrecreio.com.br\/site\/#website\"},\"primaryImageOfPage\":{\"@id\":\"https:\/\/www.polisrecreio.com.br\/site\/2019\/10\/14\/sub-11-do-ideal-e-c-fica-novamente-com-vice-campeonato-regional\/#primaryimage\"},\"datePublished\":\"2019-10-15T01:29:01+00:00\",\"dateModified\":\"2019-10-15T01:35:58+00:00\",\"author\":{\"@id\":\"https:\/\/www.polisrecreio.com.br\/site\/#\/schema\/person\/3363c1c78e1e28e1329d97adb387638e\"},\"inLanguage\":\"pt-BR\",\"potentialAction\":[{\"@type\":\"ReadAction\",\"target\":[\"https:\/\/www.polisrecreio.com.br\/site\/2019\/10\/14\/sub-11-do-ideal-e-c-fica-novamente-com-vice-campeonato-regional\/\"]}]},{\"@type\":\"Person\",\"@id\":\"https:\/\/www.polisrecreio.com.br\/site\/#\/schema\/person\/3363c1c78e1e28e1329d97adb387638e\",\"name\":\"Leonardo Ribeiro\",\"image\":{\"@type\":\"ImageObject\",\"@id\":\"https:\/\/www.polisrecreio.com.br\/site\/#personlogo\",\"inLanguage\":\"pt-BR\",\"url\":\"https:\/\/secure.gravatar.com\/avatar\/6ba92a37d621e1a83e23710251178a12?s=96&d=mm&r=g\",\"caption\":\"Leonardo Ribeiro\"},\"sameAs\":[\"http:\/\/www.polisrecreio.com.br\"]}]}<\/script>\n<!-- \/ Yoast SEO plugin. -->","_links":{"self":[{"href":"https:\/\/www.polisrecreio.com.br\/site\/wp-json\/wp\/v2\/posts\/15529"}],"collection":[{"href":"https:\/\/www.polisrecreio.com.br\/site\/wp-json\/wp\/v2\/posts"}],"about":[{"href":"https:\/\/www.polisrecreio.com.br\/site\/wp-json\/wp\/v2\/types\/post"}],"author":[{"embeddable":true,"href":"https:\/\/www.polisrecreio.com.br\/site\/wp-json\/wp\/v2\/users\/3"}],"replies":[{"embeddable":true,"href":"https:\/\/www.polisrecreio.com.br\/site\/wp-json\/wp\/v2\/comments?post=15529"}],"version-history":[{"count":4,"href":"https:\/\/www.polisrecreio.com.br\/site\/wp-json\/wp\/v2\/posts\/15529\/revisions"}],"predecessor-version":[{"id":15534,"href":"https:\/\/www.polisrecreio.com.br\/site\/wp-json\/wp\/v2\/posts\/15529\/revisions\/15534"}],"wp:featuredmedia":[{"embeddable":true,"href":"https:\/\/www.polisrecreio.com.br\/site\/wp-json\/wp\/v2\/media\/15530"}],"wp:attachment":[{"href":"https:\/\/www.polisrecreio.com.br\/site\/wp-json\/wp\/v2\/media?parent=15529"}],"wp:term":[{"taxonomy":"category","embeddable":true,"href":"https:\/\/www.polisrecreio.com.br\/site\/wp-json\/wp\/v2\/categories?post=15529"},{"taxonomy":"post_tag","embeddable":true,"href":"https:\/\/www.polisrecreio.com.br\/site\/wp-json\/wp\/v2\/tags?post=15529"}],"curies":[{"name":"wp","href":"https:\/\/api.w.org\/{rel}","templated":true}]}}