{"id":15705,"date":"2019-11-05T18:03:11","date_gmt":"2019-11-05T21:03:11","guid":{"rendered":"http:\/\/www.polisrecreio.com.br\/site\/?p=15705"},"modified":"2019-11-05T18:03:11","modified_gmt":"2019-11-05T21:03:11","slug":"governo-federal-propoe-extincao-de-municipios-com-dificuldade-de-arrecadacao","status":"publish","type":"post","link":"https:\/\/www.polisrecreio.com.br\/site\/2019\/11\/05\/governo-federal-propoe-extincao-de-municipios-com-dificuldade-de-arrecadacao\/","title":{"rendered":"Governo Federal prop\u00f5e extin\u00e7\u00e3o de munic\u00edpios com dificuldade de arrecada\u00e7\u00e3o"},"content":{"rendered":"<p style=\"text-align: justify;\">Munic\u00edpios com menos de 5 mil habitantes e arrecada\u00e7\u00e3o pr\u00f3pria inferior a 10% da receita total ser\u00e3o incorporados pelo munic\u00edpio vizinho. O ponto consta da Proposta de Emenda \u00e0 Constitui\u00e7\u00e3o (PEC) do Pacto Federativo, enviada hoje (5) pelo Governo Federal ao Senado.<\/p>\n<p><!--more--><\/p>\n<p><a href=\"http:\/\/www.polisrecreio.com.br\/site\/wp-content\/uploads\/2019\/11\/32360647580004753650000.jpg\"><img loading=\"lazy\" class=\"aligncenter wp-image-15706\" src=\"http:\/\/www.polisrecreio.com.br\/site\/wp-content\/uploads\/2019\/11\/32360647580004753650000.jpg\" alt=\"\" width=\"750\" height=\"576\" srcset=\"https:\/\/www.polisrecreio.com.br\/site\/wp-content\/uploads\/2019\/11\/32360647580004753650000.jpg 475w, https:\/\/www.polisrecreio.com.br\/site\/wp-content\/uploads\/2019\/11\/32360647580004753650000-300x231.jpg 300w\" sizes=\"(max-width: 750px) 100vw, 750px\" \/><\/a><\/p>\n<p style=\"text-align: justify;\">Segundo o secret\u00e1rio especial de Fazenda, Waldery Rodrigues, 1.254 munic\u00edpios atendem \u00e0s duas condi\u00e7\u00f5es (poucos habitantes e baixa arrecada\u00e7\u00e3o). A incorpora\u00e7\u00e3o valer\u00e1 a partir de 2026, e caber\u00e1 a uma lei complementar definir qual munic\u00edpio vizinho absorver\u00e1 a prefeitura deficit\u00e1ria.<\/p>\n<p style=\"text-align: justify;\">A PEC tamb\u00e9m estende as regras da execu\u00e7\u00e3o do Or\u00e7amento federal aos estados e munic\u00edpios. A regra de ouro (teto de endividamento p\u00fablico) e o teto de gastos seriam estendidos aos governos locais.<\/p>\n<p style=\"text-align: justify;\">As prefeituras e os governos estaduais tamb\u00e9m poder\u00e3o contingenciar (bloquear) parte dos Or\u00e7amentos dos Poderes Legislativo, Judici\u00e1rio e do Minist\u00e9rio P\u00fablico locais. Atualmente, somente a Uni\u00e3o pode contingenciar verbas de todos os Poderes. Os governos locais s\u00f3 conseguem bloquear recursos do Poder Executivo.<\/p>\n<p style=\"text-align: justify;\">Segundo o Minist\u00e9rio da Economia, a PEC do Pacto Federativo acabar\u00e1 com a disputa judicial em torno da Lei Kandir, ao estender a transfer\u00eancia de royalties e participa\u00e7\u00e3o especial do petr\u00f3leo para todos os estados e munic\u00edpios. Hoje, os estados negociam com a Uni\u00e3o todos os anos os repasses da Lei Kandir, que prev\u00ea que o governo federal deve compensar a desonera\u00e7\u00e3o de Imposto sobre a Circula\u00e7\u00e3o de Mercadorias e Servi\u00e7os (ICMS) para mercadorias prim\u00e1rias e semielaboradas.<\/p>\n<p style=\"text-align: justify;\">A PEC tamb\u00e9m pro\u00edbe que estados e munic\u00edpios se apropriem de recursos de fundos de pens\u00e3o e dep\u00f3sitos judiciais de a\u00e7\u00f5es entre particulares para pagarem despesas.<\/p>\n<p style=\"text-align: justify;\"><em>Com informa\u00e7\u00f5es: Ag\u00eancia Brasil.<\/em><\/p>\n","protected":false},"excerpt":{"rendered":"<p>Munic\u00edpios com menos de 5 mil habitantes e arrecada\u00e7\u00e3o pr\u00f3pria inferior a 10% da receita total ser\u00e3o incorporados pelo munic\u00edpio vizinho. O ponto consta da Proposta de Emenda \u00e0 Constitui\u00e7\u00e3o (PEC) do Pacto Federativo, enviada hoje (5) pelo Governo Federal ao Senado.<\/p>\n","protected":false},"author":3,"featured_media":0,"comment_status":"open","ping_status":"open","sticky":false,"template":"","format":"standard","meta":[],"categories":[5],"tags":[],"yoast_head":"<!-- This site is optimized with the Yoast SEO plugin v15.6.2 - https:\/\/yoast.com\/wordpress\/plugins\/seo\/ -->\n<meta name=\"robots\" content=\"index, follow, max-snippet:-1, max-image-preview:large, max-video-preview:-1\" \/>\n<link rel=\"canonical\" href=\"https:\/\/www.polisrecreio.com.br\/site\/2019\/11\/05\/governo-federal-propoe-extincao-de-municipios-com-dificuldade-de-arrecadacao\/\" \/>\n<meta property=\"og:locale\" content=\"pt_BR\" \/>\n<meta property=\"og:type\" content=\"article\" \/>\n<meta property=\"og:title\" content=\"Governo Federal prop\u00f5e extin\u00e7\u00e3o de munic\u00edpios com dificuldade de arrecada\u00e7\u00e3o - P\u00f3lis Recreio\" \/>\n<meta property=\"og:description\" content=\"Munic\u00edpios com menos de 5 mil habitantes e arrecada\u00e7\u00e3o pr\u00f3pria inferior a 10% da receita total ser\u00e3o incorporados pelo munic\u00edpio vizinho. O ponto consta da Proposta de Emenda \u00e0 Constitui\u00e7\u00e3o (PEC) do Pacto Federativo, enviada hoje (5) pelo Governo Federal ao Senado.\" \/>\n<meta property=\"og:url\" content=\"https:\/\/www.polisrecreio.com.br\/site\/2019\/11\/05\/governo-federal-propoe-extincao-de-municipios-com-dificuldade-de-arrecadacao\/\" \/>\n<meta property=\"og:site_name\" content=\"P\u00f3lis Recreio\" \/>\n<meta property=\"article:publisher\" content=\"https:\/\/www.facebook.com\/Site-P%c3%b3lis-Recreio-MG-181941708571019\/\" \/>\n<meta property=\"article:published_time\" content=\"2019-11-05T21:03:11+00:00\" \/>\n<meta property=\"og:image\" content=\"http:\/\/www.polisrecreio.com.br\/site\/wp-content\/uploads\/2019\/11\/32360647580004753650000.jpg\" \/>\n<meta name=\"twitter:card\" content=\"summary_large_image\" \/>\n<meta name=\"twitter:creator\" content=\"@PolisRecreio\" \/>\n<meta name=\"twitter:site\" content=\"@PolisRecreio\" \/>\n<meta name=\"twitter:label1\" content=\"Est. reading time\">\n\t<meta name=\"twitter:data1\" content=\"2 minutos\">\n<script type=\"application\/ld+json\" class=\"yoast-schema-graph\">{\"@context\":\"https:\/\/schema.org\",\"@graph\":[{\"@type\":\"WebSite\",\"@id\":\"https:\/\/www.polisrecreio.com.br\/site\/#website\",\"url\":\"https:\/\/www.polisrecreio.com.br\/site\/\",\"name\":\"P\\u00f3lis Recreio\",\"description\":\"\",\"potentialAction\":[{\"@type\":\"SearchAction\",\"target\":\"https:\/\/www.polisrecreio.com.br\/site\/?s={search_term_string}\",\"query-input\":\"required name=search_term_string\"}],\"inLanguage\":\"pt-BR\"},{\"@type\":\"ImageObject\",\"@id\":\"https:\/\/www.polisrecreio.com.br\/site\/2019\/11\/05\/governo-federal-propoe-extincao-de-municipios-com-dificuldade-de-arrecadacao\/#primaryimage\",\"inLanguage\":\"pt-BR\",\"url\":\"http:\/\/www.polisrecreio.com.br\/site\/wp-content\/uploads\/2019\/11\/32360647580004753650000.jpg\"},{\"@type\":\"WebPage\",\"@id\":\"https:\/\/www.polisrecreio.com.br\/site\/2019\/11\/05\/governo-federal-propoe-extincao-de-municipios-com-dificuldade-de-arrecadacao\/#webpage\",\"url\":\"https:\/\/www.polisrecreio.com.br\/site\/2019\/11\/05\/governo-federal-propoe-extincao-de-municipios-com-dificuldade-de-arrecadacao\/\",\"name\":\"Governo Federal prop\\u00f5e extin\\u00e7\\u00e3o de munic\\u00edpios com dificuldade de arrecada\\u00e7\\u00e3o - P\\u00f3lis Recreio\",\"isPartOf\":{\"@id\":\"https:\/\/www.polisrecreio.com.br\/site\/#website\"},\"primaryImageOfPage\":{\"@id\":\"https:\/\/www.polisrecreio.com.br\/site\/2019\/11\/05\/governo-federal-propoe-extincao-de-municipios-com-dificuldade-de-arrecadacao\/#primaryimage\"},\"datePublished\":\"2019-11-05T21:03:11+00:00\",\"dateModified\":\"2019-11-05T21:03:11+00:00\",\"author\":{\"@id\":\"https:\/\/www.polisrecreio.com.br\/site\/#\/schema\/person\/3363c1c78e1e28e1329d97adb387638e\"},\"inLanguage\":\"pt-BR\",\"potentialAction\":[{\"@type\":\"ReadAction\",\"target\":[\"https:\/\/www.polisrecreio.com.br\/site\/2019\/11\/05\/governo-federal-propoe-extincao-de-municipios-com-dificuldade-de-arrecadacao\/\"]}]},{\"@type\":\"Person\",\"@id\":\"https:\/\/www.polisrecreio.com.br\/site\/#\/schema\/person\/3363c1c78e1e28e1329d97adb387638e\",\"name\":\"Leonardo Ribeiro\",\"image\":{\"@type\":\"ImageObject\",\"@id\":\"https:\/\/www.polisrecreio.com.br\/site\/#personlogo\",\"inLanguage\":\"pt-BR\",\"url\":\"https:\/\/secure.gravatar.com\/avatar\/6ba92a37d621e1a83e23710251178a12?s=96&d=mm&r=g\",\"caption\":\"Leonardo Ribeiro\"},\"sameAs\":[\"http:\/\/www.polisrecreio.com.br\"]}]}<\/script>\n<!-- \/ Yoast SEO plugin. -->","_links":{"self":[{"href":"https:\/\/www.polisrecreio.com.br\/site\/wp-json\/wp\/v2\/posts\/15705"}],"collection":[{"href":"https:\/\/www.polisrecreio.com.br\/site\/wp-json\/wp\/v2\/posts"}],"about":[{"href":"https:\/\/www.polisrecreio.com.br\/site\/wp-json\/wp\/v2\/types\/post"}],"author":[{"embeddable":true,"href":"https:\/\/www.polisrecreio.com.br\/site\/wp-json\/wp\/v2\/users\/3"}],"replies":[{"embeddable":true,"href":"https:\/\/www.polisrecreio.com.br\/site\/wp-json\/wp\/v2\/comments?post=15705"}],"version-history":[{"count":1,"href":"https:\/\/www.polisrecreio.com.br\/site\/wp-json\/wp\/v2\/posts\/15705\/revisions"}],"predecessor-version":[{"id":15707,"href":"https:\/\/www.polisrecreio.com.br\/site\/wp-json\/wp\/v2\/posts\/15705\/revisions\/15707"}],"wp:attachment":[{"href":"https:\/\/www.polisrecreio.com.br\/site\/wp-json\/wp\/v2\/media?parent=15705"}],"wp:term":[{"taxonomy":"category","embeddable":true,"href":"https:\/\/www.polisrecreio.com.br\/site\/wp-json\/wp\/v2\/categories?post=15705"},{"taxonomy":"post_tag","embeddable":true,"href":"https:\/\/www.polisrecreio.com.br\/site\/wp-json\/wp\/v2\/tags?post=15705"}],"curies":[{"name":"wp","href":"https:\/\/api.w.org\/{rel}","templated":true}]}}