{"id":15708,"date":"2019-11-06T11:19:41","date_gmt":"2019-11-06T14:19:41","guid":{"rendered":"http:\/\/www.polisrecreio.com.br\/site\/?p=15708"},"modified":"2019-11-06T11:19:41","modified_gmt":"2019-11-06T14:19:41","slug":"recreio-nao-esta-na-lista-de-municipios-que-poderao-ser-extintos-pelo-governo-federal","status":"publish","type":"post","link":"https:\/\/www.polisrecreio.com.br\/site\/2019\/11\/06\/recreio-nao-esta-na-lista-de-municipios-que-poderao-ser-extintos-pelo-governo-federal\/","title":{"rendered":"Recreio n\u00e3o est\u00e1 na lista de munic\u00edpios que poder\u00e3o ser extintos pelo Governo Federal"},"content":{"rendered":"<p style=\"text-align: justify;\">A possibilidade de extin\u00e7\u00e3o de munic\u00edpios de todo o Brasil tomou conta de v\u00e1rios notici\u00e1rios, debates nas ruas e em redes sociais. O projeto \u00e9 do Governo Federal atrav\u00e9s de uma Proposta de Emenda \u00e0 Constitui\u00e7\u00e3o \u201cPEC\u201d, enviada ao Senado Federal na \u00faltima ter\u00e7a-feira (5). Recreio n\u00e3o est\u00e1 na lista, pois a ideia \u00e9 extinguir cidades com menos de 5 mil habitantes e arrecada\u00e7\u00e3o inferior a 10% da receita total.<\/p>\n<p><!--more--><\/p>\n<p><a href=\"http:\/\/www.polisrecreio.com.br\/site\/wp-content\/uploads\/2019\/08\/1175578_225026317651243_150241417_n.jpg\"><img loading=\"lazy\" class=\"aligncenter size-full wp-image-15148\" src=\"http:\/\/www.polisrecreio.com.br\/site\/wp-content\/uploads\/2019\/08\/1175578_225026317651243_150241417_n.jpg\" alt=\"\" width=\"960\" height=\"613\" srcset=\"https:\/\/www.polisrecreio.com.br\/site\/wp-content\/uploads\/2019\/08\/1175578_225026317651243_150241417_n.jpg 960w, https:\/\/www.polisrecreio.com.br\/site\/wp-content\/uploads\/2019\/08\/1175578_225026317651243_150241417_n-300x192.jpg 300w, https:\/\/www.polisrecreio.com.br\/site\/wp-content\/uploads\/2019\/08\/1175578_225026317651243_150241417_n-768x490.jpg 768w\" sizes=\"(max-width: 960px) 100vw, 960px\" \/><\/a><\/p>\n<p style=\"text-align: justify;\">De acordo com a estimativa populacional de 2019 apresentada pelo Instituto Brasileiro de Geografia e Estat\u00edsticas \u201cIBGE\u201d e divulgada no Di\u00e1rio Oficial da Uni\u00e3o em 28 de agosto, o munic\u00edpio de Recreio conta com 10.517 habitantes. Em 2020, um novo censo demogr\u00e1fico ser\u00e1 realizado em todo o Brasil e ela definir\u00e1 os novos n\u00fameros da popula\u00e7\u00e3o brasileira.<\/p>\n<p style=\"text-align: justify;\">Segundo o Jornal O Tempo o Brasil tem 1.254 munic\u00edpios com menos de 5 mil habitantes, conforme informa\u00e7\u00f5es do IBGE. Isso equivale a 22,5% do total de 5.570 munic\u00edpios brasileiros (incluindo o Distrito Federal). Tr\u00eas deles t\u00eam menos de 1 mil habitantes. Em Minas Gerais, 231 munic\u00edpios poder\u00e3o acabar.<\/p>\n<p style=\"text-align: justify;\">A incorpora\u00e7\u00e3o destes munic\u00edpios, caso a proposta seja aprovado, valer\u00e1 a partir de 2026, e caber\u00e1 a uma lei complementar definir qual munic\u00edpio vizinho absorver\u00e1 a prefeitura deficit\u00e1ria.<\/p>\n<p><em>Com informa\u00e7\u00f5es: Jornal O Tempo.<\/em><\/p>\n","protected":false},"excerpt":{"rendered":"<p>A possibilidade de extin\u00e7\u00e3o de munic\u00edpios de todo o Brasil tomou conta de v\u00e1rios notici\u00e1rios, debates nas ruas e em redes sociais. O projeto \u00e9 do Governo Federal atrav\u00e9s de uma Proposta de Emenda \u00e0 Constitui\u00e7\u00e3o \u201cPEC\u201d, enviada ao Senado Federal na \u00faltima ter\u00e7a-feira (5). Recreio n\u00e3o est\u00e1 na lista, pois a ideia \u00e9 extinguir [&hellip;]<\/p>\n","protected":false},"author":3,"featured_media":0,"comment_status":"open","ping_status":"open","sticky":false,"template":"","format":"standard","meta":[],"categories":[6],"tags":[],"yoast_head":"<!-- This site is optimized with the Yoast SEO plugin v15.6.2 - https:\/\/yoast.com\/wordpress\/plugins\/seo\/ -->\n<meta name=\"robots\" content=\"index, follow, max-snippet:-1, max-image-preview:large, max-video-preview:-1\" \/>\n<link rel=\"canonical\" href=\"https:\/\/www.polisrecreio.com.br\/site\/2019\/11\/06\/recreio-nao-esta-na-lista-de-municipios-que-poderao-ser-extintos-pelo-governo-federal\/\" \/>\n<meta property=\"og:locale\" content=\"pt_BR\" \/>\n<meta property=\"og:type\" content=\"article\" \/>\n<meta property=\"og:title\" content=\"Recreio n\u00e3o est\u00e1 na lista de munic\u00edpios que poder\u00e3o ser extintos pelo Governo Federal - P\u00f3lis Recreio\" \/>\n<meta property=\"og:description\" content=\"A possibilidade de extin\u00e7\u00e3o de munic\u00edpios de todo o Brasil tomou conta de v\u00e1rios notici\u00e1rios, debates nas ruas e em redes sociais. O projeto \u00e9 do Governo Federal atrav\u00e9s de uma Proposta de Emenda \u00e0 Constitui\u00e7\u00e3o \u201cPEC\u201d, enviada ao Senado Federal na \u00faltima ter\u00e7a-feira (5). Recreio n\u00e3o est\u00e1 na lista, pois a ideia \u00e9 extinguir [&hellip;]\" \/>\n<meta property=\"og:url\" content=\"https:\/\/www.polisrecreio.com.br\/site\/2019\/11\/06\/recreio-nao-esta-na-lista-de-municipios-que-poderao-ser-extintos-pelo-governo-federal\/\" \/>\n<meta property=\"og:site_name\" content=\"P\u00f3lis Recreio\" \/>\n<meta property=\"article:publisher\" content=\"https:\/\/www.facebook.com\/Site-P%c3%b3lis-Recreio-MG-181941708571019\/\" \/>\n<meta property=\"article:published_time\" content=\"2019-11-06T14:19:41+00:00\" \/>\n<meta property=\"og:image\" content=\"http:\/\/www.polisrecreio.com.br\/site\/wp-content\/uploads\/2019\/08\/1175578_225026317651243_150241417_n.jpg\" \/>\n<meta name=\"twitter:card\" content=\"summary_large_image\" \/>\n<meta name=\"twitter:creator\" content=\"@PolisRecreio\" \/>\n<meta name=\"twitter:site\" content=\"@PolisRecreio\" \/>\n<meta name=\"twitter:label1\" content=\"Est. reading time\">\n\t<meta name=\"twitter:data1\" content=\"1 minuto\">\n<script type=\"application\/ld+json\" class=\"yoast-schema-graph\">{\"@context\":\"https:\/\/schema.org\",\"@graph\":[{\"@type\":\"WebSite\",\"@id\":\"https:\/\/www.polisrecreio.com.br\/site\/#website\",\"url\":\"https:\/\/www.polisrecreio.com.br\/site\/\",\"name\":\"P\\u00f3lis Recreio\",\"description\":\"\",\"potentialAction\":[{\"@type\":\"SearchAction\",\"target\":\"https:\/\/www.polisrecreio.com.br\/site\/?s={search_term_string}\",\"query-input\":\"required name=search_term_string\"}],\"inLanguage\":\"pt-BR\"},{\"@type\":\"ImageObject\",\"@id\":\"https:\/\/www.polisrecreio.com.br\/site\/2019\/11\/06\/recreio-nao-esta-na-lista-de-municipios-que-poderao-ser-extintos-pelo-governo-federal\/#primaryimage\",\"inLanguage\":\"pt-BR\",\"url\":\"http:\/\/www.polisrecreio.com.br\/site\/wp-content\/uploads\/2019\/08\/1175578_225026317651243_150241417_n.jpg\"},{\"@type\":\"WebPage\",\"@id\":\"https:\/\/www.polisrecreio.com.br\/site\/2019\/11\/06\/recreio-nao-esta-na-lista-de-municipios-que-poderao-ser-extintos-pelo-governo-federal\/#webpage\",\"url\":\"https:\/\/www.polisrecreio.com.br\/site\/2019\/11\/06\/recreio-nao-esta-na-lista-de-municipios-que-poderao-ser-extintos-pelo-governo-federal\/\",\"name\":\"Recreio n\\u00e3o est\\u00e1 na lista de munic\\u00edpios que poder\\u00e3o ser extintos pelo Governo Federal - P\\u00f3lis Recreio\",\"isPartOf\":{\"@id\":\"https:\/\/www.polisrecreio.com.br\/site\/#website\"},\"primaryImageOfPage\":{\"@id\":\"https:\/\/www.polisrecreio.com.br\/site\/2019\/11\/06\/recreio-nao-esta-na-lista-de-municipios-que-poderao-ser-extintos-pelo-governo-federal\/#primaryimage\"},\"datePublished\":\"2019-11-06T14:19:41+00:00\",\"dateModified\":\"2019-11-06T14:19:41+00:00\",\"author\":{\"@id\":\"https:\/\/www.polisrecreio.com.br\/site\/#\/schema\/person\/3363c1c78e1e28e1329d97adb387638e\"},\"inLanguage\":\"pt-BR\",\"potentialAction\":[{\"@type\":\"ReadAction\",\"target\":[\"https:\/\/www.polisrecreio.com.br\/site\/2019\/11\/06\/recreio-nao-esta-na-lista-de-municipios-que-poderao-ser-extintos-pelo-governo-federal\/\"]}]},{\"@type\":\"Person\",\"@id\":\"https:\/\/www.polisrecreio.com.br\/site\/#\/schema\/person\/3363c1c78e1e28e1329d97adb387638e\",\"name\":\"Leonardo Ribeiro\",\"image\":{\"@type\":\"ImageObject\",\"@id\":\"https:\/\/www.polisrecreio.com.br\/site\/#personlogo\",\"inLanguage\":\"pt-BR\",\"url\":\"https:\/\/secure.gravatar.com\/avatar\/6ba92a37d621e1a83e23710251178a12?s=96&d=mm&r=g\",\"caption\":\"Leonardo Ribeiro\"},\"sameAs\":[\"http:\/\/www.polisrecreio.com.br\"]}]}<\/script>\n<!-- \/ Yoast SEO plugin. -->","_links":{"self":[{"href":"https:\/\/www.polisrecreio.com.br\/site\/wp-json\/wp\/v2\/posts\/15708"}],"collection":[{"href":"https:\/\/www.polisrecreio.com.br\/site\/wp-json\/wp\/v2\/posts"}],"about":[{"href":"https:\/\/www.polisrecreio.com.br\/site\/wp-json\/wp\/v2\/types\/post"}],"author":[{"embeddable":true,"href":"https:\/\/www.polisrecreio.com.br\/site\/wp-json\/wp\/v2\/users\/3"}],"replies":[{"embeddable":true,"href":"https:\/\/www.polisrecreio.com.br\/site\/wp-json\/wp\/v2\/comments?post=15708"}],"version-history":[{"count":1,"href":"https:\/\/www.polisrecreio.com.br\/site\/wp-json\/wp\/v2\/posts\/15708\/revisions"}],"predecessor-version":[{"id":15709,"href":"https:\/\/www.polisrecreio.com.br\/site\/wp-json\/wp\/v2\/posts\/15708\/revisions\/15709"}],"wp:attachment":[{"href":"https:\/\/www.polisrecreio.com.br\/site\/wp-json\/wp\/v2\/media?parent=15708"}],"wp:term":[{"taxonomy":"category","embeddable":true,"href":"https:\/\/www.polisrecreio.com.br\/site\/wp-json\/wp\/v2\/categories?post=15708"},{"taxonomy":"post_tag","embeddable":true,"href":"https:\/\/www.polisrecreio.com.br\/site\/wp-json\/wp\/v2\/tags?post=15708"}],"curies":[{"name":"wp","href":"https:\/\/api.w.org\/{rel}","templated":true}]}}