{"id":15710,"date":"2019-11-06T20:30:37","date_gmt":"2019-11-06T23:30:37","guid":{"rendered":"http:\/\/www.polisrecreio.com.br\/site\/?p=15710"},"modified":"2019-11-06T20:30:37","modified_gmt":"2019-11-06T23:30:37","slug":"vigilancia-epidemiologica-anuncia-risco-de-epidemia-de-dengue-em-conceicao-da-boa-vista","status":"publish","type":"post","link":"https:\/\/www.polisrecreio.com.br\/site\/2019\/11\/06\/vigilancia-epidemiologica-anuncia-risco-de-epidemia-de-dengue-em-conceicao-da-boa-vista\/","title":{"rendered":"Vigil\u00e2ncia Epidemiol\u00f3gica anuncia risco de epidemia de dengue em Concei\u00e7\u00e3o da Boa Vista"},"content":{"rendered":"<p style=\"text-align: justify;\">A Vigil\u00e2ncia Epidemiol\u00f3gica Municipal anunciou que h\u00e1 risco de epidemia de dengue em Concei\u00e7\u00e3o da Boa Vista. A informa\u00e7\u00e3o foi baseada em pesquisa realizada no distrito, a qual apresentou um \u00edndice elevad\u00edssimo de focos do Aedes aegypti em im\u00f3veis: 33,3%. A porcentagem aceit\u00e1vel pelo Minist\u00e9rio da Sa\u00fade \u00e9 de 1%.<\/p>\n<p><!--more--><\/p>\n<p><a href=\"http:\/\/www.polisrecreio.com.br\/site\/wp-content\/uploads\/2019\/11\/IMG-20160122-WA0015.jpg\"><img loading=\"lazy\" class=\"aligncenter size-full wp-image-15711\" src=\"http:\/\/www.polisrecreio.com.br\/site\/wp-content\/uploads\/2019\/11\/IMG-20160122-WA0015.jpg\" alt=\"\" width=\"800\" height=\"450\" srcset=\"https:\/\/www.polisrecreio.com.br\/site\/wp-content\/uploads\/2019\/11\/IMG-20160122-WA0015.jpg 800w, https:\/\/www.polisrecreio.com.br\/site\/wp-content\/uploads\/2019\/11\/IMG-20160122-WA0015-300x169.jpg 300w, https:\/\/www.polisrecreio.com.br\/site\/wp-content\/uploads\/2019\/11\/IMG-20160122-WA0015-768x432.jpg 768w\" sizes=\"(max-width: 800px) 100vw, 800px\" \/><\/a><\/p>\n<p style=\"text-align: justify;\">Devido a este alto \u00edndice a equipe da epidemiologia est\u00e1 atuando em Concei\u00e7\u00e3o da Boa Vista durante toda semana, com mutir\u00f5es de limpeza, controle mec\u00e2nico e qu\u00edmico. Por\u00e9m, uma outra informa\u00e7\u00e3o tamb\u00e9m causa temor. Segundo a Vigil\u00e2ncia Epidemiol\u00f3gica, o estoque do larvicida chamado \u201cSumilarv\u201d, utilizado no tratamento focal, est\u00e1 chegando ao fim e o Governo Federal n\u00e3o est\u00e1 mais fornecendo. Este problema n\u00e3o \u00e9 exclusividade de Recreio.<\/p>\n<p style=\"text-align: justify;\">No comunicado divulgado pela Epidemiologia \u00e9 pedido para a popula\u00e7\u00e3o ajudar neste momento de risco em Concei\u00e7\u00e3o da Boa Vista. \u201cAjude-nos! Eliminem a \u00e1gua parada! A dengue mata!\u201d.<\/p>\n<p style=\"text-align: justify;\">\n","protected":false},"excerpt":{"rendered":"<p>A Vigil\u00e2ncia Epidemiol\u00f3gica Municipal anunciou que h\u00e1 risco de epidemia de dengue em Concei\u00e7\u00e3o da Boa Vista. A informa\u00e7\u00e3o foi baseada em pesquisa realizada no distrito, a qual apresentou um \u00edndice elevad\u00edssimo de focos do Aedes aegypti em im\u00f3veis: 33,3%. A porcentagem aceit\u00e1vel pelo Minist\u00e9rio da Sa\u00fade \u00e9 de 1%.<\/p>\n","protected":false},"author":3,"featured_media":15711,"comment_status":"open","ping_status":"open","sticky":false,"template":"","format":"standard","meta":[],"categories":[7],"tags":[],"yoast_head":"<!-- This site is optimized with the Yoast SEO plugin v15.6.2 - https:\/\/yoast.com\/wordpress\/plugins\/seo\/ -->\n<meta name=\"robots\" content=\"index, follow, max-snippet:-1, max-image-preview:large, max-video-preview:-1\" \/>\n<link rel=\"canonical\" href=\"https:\/\/www.polisrecreio.com.br\/site\/2019\/11\/06\/vigilancia-epidemiologica-anuncia-risco-de-epidemia-de-dengue-em-conceicao-da-boa-vista\/\" \/>\n<meta property=\"og:locale\" content=\"pt_BR\" \/>\n<meta property=\"og:type\" content=\"article\" \/>\n<meta property=\"og:title\" content=\"Vigil\u00e2ncia Epidemiol\u00f3gica anuncia risco de epidemia de dengue em Concei\u00e7\u00e3o da Boa Vista - P\u00f3lis Recreio\" \/>\n<meta property=\"og:description\" content=\"A Vigil\u00e2ncia Epidemiol\u00f3gica Municipal anunciou que h\u00e1 risco de epidemia de dengue em Concei\u00e7\u00e3o da Boa Vista. A informa\u00e7\u00e3o foi baseada em pesquisa realizada no distrito, a qual apresentou um \u00edndice elevad\u00edssimo de focos do Aedes aegypti em im\u00f3veis: 33,3%. A porcentagem aceit\u00e1vel pelo Minist\u00e9rio da Sa\u00fade \u00e9 de 1%.\" \/>\n<meta property=\"og:url\" content=\"https:\/\/www.polisrecreio.com.br\/site\/2019\/11\/06\/vigilancia-epidemiologica-anuncia-risco-de-epidemia-de-dengue-em-conceicao-da-boa-vista\/\" \/>\n<meta property=\"og:site_name\" content=\"P\u00f3lis Recreio\" \/>\n<meta property=\"article:publisher\" content=\"https:\/\/www.facebook.com\/Site-P%c3%b3lis-Recreio-MG-181941708571019\/\" \/>\n<meta property=\"article:published_time\" content=\"2019-11-06T23:30:37+00:00\" \/>\n<meta property=\"og:image\" content=\"https:\/\/www.polisrecreio.com.br\/site\/wp-content\/uploads\/2019\/11\/IMG-20160122-WA0015.jpg\" \/>\n\t<meta property=\"og:image:width\" content=\"800\" \/>\n\t<meta property=\"og:image:height\" content=\"450\" \/>\n<meta name=\"twitter:card\" content=\"summary_large_image\" \/>\n<meta name=\"twitter:creator\" content=\"@PolisRecreio\" \/>\n<meta name=\"twitter:site\" content=\"@PolisRecreio\" \/>\n<meta name=\"twitter:label1\" content=\"Est. reading time\">\n\t<meta name=\"twitter:data1\" content=\"1 minuto\">\n<script type=\"application\/ld+json\" class=\"yoast-schema-graph\">{\"@context\":\"https:\/\/schema.org\",\"@graph\":[{\"@type\":\"WebSite\",\"@id\":\"https:\/\/www.polisrecreio.com.br\/site\/#website\",\"url\":\"https:\/\/www.polisrecreio.com.br\/site\/\",\"name\":\"P\\u00f3lis Recreio\",\"description\":\"\",\"potentialAction\":[{\"@type\":\"SearchAction\",\"target\":\"https:\/\/www.polisrecreio.com.br\/site\/?s={search_term_string}\",\"query-input\":\"required name=search_term_string\"}],\"inLanguage\":\"pt-BR\"},{\"@type\":\"ImageObject\",\"@id\":\"https:\/\/www.polisrecreio.com.br\/site\/2019\/11\/06\/vigilancia-epidemiologica-anuncia-risco-de-epidemia-de-dengue-em-conceicao-da-boa-vista\/#primaryimage\",\"inLanguage\":\"pt-BR\",\"url\":\"https:\/\/www.polisrecreio.com.br\/site\/wp-content\/uploads\/2019\/11\/IMG-20160122-WA0015.jpg\",\"width\":800,\"height\":450},{\"@type\":\"WebPage\",\"@id\":\"https:\/\/www.polisrecreio.com.br\/site\/2019\/11\/06\/vigilancia-epidemiologica-anuncia-risco-de-epidemia-de-dengue-em-conceicao-da-boa-vista\/#webpage\",\"url\":\"https:\/\/www.polisrecreio.com.br\/site\/2019\/11\/06\/vigilancia-epidemiologica-anuncia-risco-de-epidemia-de-dengue-em-conceicao-da-boa-vista\/\",\"name\":\"Vigil\\u00e2ncia Epidemiol\\u00f3gica anuncia risco de epidemia de dengue em Concei\\u00e7\\u00e3o da Boa Vista - P\\u00f3lis Recreio\",\"isPartOf\":{\"@id\":\"https:\/\/www.polisrecreio.com.br\/site\/#website\"},\"primaryImageOfPage\":{\"@id\":\"https:\/\/www.polisrecreio.com.br\/site\/2019\/11\/06\/vigilancia-epidemiologica-anuncia-risco-de-epidemia-de-dengue-em-conceicao-da-boa-vista\/#primaryimage\"},\"datePublished\":\"2019-11-06T23:30:37+00:00\",\"dateModified\":\"2019-11-06T23:30:37+00:00\",\"author\":{\"@id\":\"https:\/\/www.polisrecreio.com.br\/site\/#\/schema\/person\/3363c1c78e1e28e1329d97adb387638e\"},\"inLanguage\":\"pt-BR\",\"potentialAction\":[{\"@type\":\"ReadAction\",\"target\":[\"https:\/\/www.polisrecreio.com.br\/site\/2019\/11\/06\/vigilancia-epidemiologica-anuncia-risco-de-epidemia-de-dengue-em-conceicao-da-boa-vista\/\"]}]},{\"@type\":\"Person\",\"@id\":\"https:\/\/www.polisrecreio.com.br\/site\/#\/schema\/person\/3363c1c78e1e28e1329d97adb387638e\",\"name\":\"Leonardo Ribeiro\",\"image\":{\"@type\":\"ImageObject\",\"@id\":\"https:\/\/www.polisrecreio.com.br\/site\/#personlogo\",\"inLanguage\":\"pt-BR\",\"url\":\"https:\/\/secure.gravatar.com\/avatar\/6ba92a37d621e1a83e23710251178a12?s=96&d=mm&r=g\",\"caption\":\"Leonardo Ribeiro\"},\"sameAs\":[\"http:\/\/www.polisrecreio.com.br\"]}]}<\/script>\n<!-- \/ Yoast SEO plugin. -->","_links":{"self":[{"href":"https:\/\/www.polisrecreio.com.br\/site\/wp-json\/wp\/v2\/posts\/15710"}],"collection":[{"href":"https:\/\/www.polisrecreio.com.br\/site\/wp-json\/wp\/v2\/posts"}],"about":[{"href":"https:\/\/www.polisrecreio.com.br\/site\/wp-json\/wp\/v2\/types\/post"}],"author":[{"embeddable":true,"href":"https:\/\/www.polisrecreio.com.br\/site\/wp-json\/wp\/v2\/users\/3"}],"replies":[{"embeddable":true,"href":"https:\/\/www.polisrecreio.com.br\/site\/wp-json\/wp\/v2\/comments?post=15710"}],"version-history":[{"count":1,"href":"https:\/\/www.polisrecreio.com.br\/site\/wp-json\/wp\/v2\/posts\/15710\/revisions"}],"predecessor-version":[{"id":15712,"href":"https:\/\/www.polisrecreio.com.br\/site\/wp-json\/wp\/v2\/posts\/15710\/revisions\/15712"}],"wp:featuredmedia":[{"embeddable":true,"href":"https:\/\/www.polisrecreio.com.br\/site\/wp-json\/wp\/v2\/media\/15711"}],"wp:attachment":[{"href":"https:\/\/www.polisrecreio.com.br\/site\/wp-json\/wp\/v2\/media?parent=15710"}],"wp:term":[{"taxonomy":"category","embeddable":true,"href":"https:\/\/www.polisrecreio.com.br\/site\/wp-json\/wp\/v2\/categories?post=15710"},{"taxonomy":"post_tag","embeddable":true,"href":"https:\/\/www.polisrecreio.com.br\/site\/wp-json\/wp\/v2\/tags?post=15710"}],"curies":[{"name":"wp","href":"https:\/\/api.w.org\/{rel}","templated":true}]}}