{"id":15839,"date":"2019-11-19T18:27:57","date_gmt":"2019-11-19T21:27:57","guid":{"rendered":"http:\/\/www.polisrecreio.com.br\/site\/?p=15839"},"modified":"2019-11-19T18:30:34","modified_gmt":"2019-11-19T21:30:34","slug":"campanha-de-vacinacao-contra-sarampo-agora-busca-vacinar-jovens-adultos-de-20-a-29-anos","status":"publish","type":"post","link":"https:\/\/www.polisrecreio.com.br\/site\/2019\/11\/19\/campanha-de-vacinacao-contra-sarampo-agora-busca-vacinar-jovens-adultos-de-20-a-29-anos\/","title":{"rendered":"Campanha de vacina\u00e7\u00e3o contra sarampo agora busca vacinar jovens adultos de 20 a 29 anos"},"content":{"rendered":"<p style=\"text-align: justify;\">Depois de imunizar crian\u00e7as com idade entre 6 meses a menores de 5 anos, a campanha nacional de vacina\u00e7\u00e3o contra o sarampo agora busca vacinar jovens adultos de 20 a 29 anos. Em Recreio, as unidades b\u00e1sicas de sa\u00fade funcionam de 7h \u00e0s 16h.<\/p>\n<p><!--more--><\/p>\n<p><a href=\"http:\/\/www.polisrecreio.com.br\/site\/wp-content\/uploads\/2019\/11\/1af4d-images-3-.jpg\"><img loading=\"lazy\" class=\"aligncenter size-full wp-image-15840\" src=\"http:\/\/www.polisrecreio.com.br\/site\/wp-content\/uploads\/2019\/11\/1af4d-images-3-.jpg\" alt=\"\" width=\"750\" height=\"450\" srcset=\"https:\/\/www.polisrecreio.com.br\/site\/wp-content\/uploads\/2019\/11\/1af4d-images-3-.jpg 750w, https:\/\/www.polisrecreio.com.br\/site\/wp-content\/uploads\/2019\/11\/1af4d-images-3--300x180.jpg 300w\" sizes=\"(max-width: 750px) 100vw, 750px\" \/><\/a><\/p>\n<p style=\"text-align: justify;\">Alguns perguntam o motivo pelo qual o Minist\u00e9rio da Sa\u00fade est\u00e1 se concentrando nessa faixa et\u00e1ria. A resposta \u00e9 que as taxas de vacina\u00e7\u00e3o s\u00e3o especialmente baixas nos integrantes deste grupo e o esquema de aplica\u00e7\u00e3o era diferente e menos eficaz quando eles nasceram.<\/p>\n<p style=\"text-align: justify;\">A campanha termina dia 30 de novembro (s\u00e1bado), quando acontece o Dia D e todos as unidades de sa\u00fade est\u00e3o funcionando para vacina\u00e7\u00e3o.<\/p>\n","protected":false},"excerpt":{"rendered":"<p>Depois de imunizar crian\u00e7as com idade entre 6 meses a menores de 5 anos, a campanha nacional de vacina\u00e7\u00e3o contra o sarampo agora busca vacinar jovens adultos de 20 a 29 anos. Em Recreio, as unidades b\u00e1sicas de sa\u00fade funcionam de 7h \u00e0s 16h.<\/p>\n","protected":false},"author":3,"featured_media":15840,"comment_status":"open","ping_status":"open","sticky":false,"template":"","format":"standard","meta":[],"categories":[7],"tags":[],"yoast_head":"<!-- This site is optimized with the Yoast SEO plugin v15.6.2 - https:\/\/yoast.com\/wordpress\/plugins\/seo\/ -->\n<meta name=\"robots\" content=\"index, follow, max-snippet:-1, max-image-preview:large, max-video-preview:-1\" \/>\n<link rel=\"canonical\" href=\"https:\/\/www.polisrecreio.com.br\/site\/2019\/11\/19\/campanha-de-vacinacao-contra-sarampo-agora-busca-vacinar-jovens-adultos-de-20-a-29-anos\/\" \/>\n<meta property=\"og:locale\" content=\"pt_BR\" \/>\n<meta property=\"og:type\" content=\"article\" \/>\n<meta property=\"og:title\" content=\"Campanha de vacina\u00e7\u00e3o contra sarampo agora busca vacinar jovens adultos de 20 a 29 anos - P\u00f3lis Recreio\" \/>\n<meta property=\"og:description\" content=\"Depois de imunizar crian\u00e7as com idade entre 6 meses a menores de 5 anos, a campanha nacional de vacina\u00e7\u00e3o contra o sarampo agora busca vacinar jovens adultos de 20 a 29 anos. Em Recreio, as unidades b\u00e1sicas de sa\u00fade funcionam de 7h \u00e0s 16h.\" \/>\n<meta property=\"og:url\" content=\"https:\/\/www.polisrecreio.com.br\/site\/2019\/11\/19\/campanha-de-vacinacao-contra-sarampo-agora-busca-vacinar-jovens-adultos-de-20-a-29-anos\/\" \/>\n<meta property=\"og:site_name\" content=\"P\u00f3lis Recreio\" \/>\n<meta property=\"article:publisher\" content=\"https:\/\/www.facebook.com\/Site-P%c3%b3lis-Recreio-MG-181941708571019\/\" \/>\n<meta property=\"article:published_time\" content=\"2019-11-19T21:27:57+00:00\" \/>\n<meta property=\"article:modified_time\" content=\"2019-11-19T21:30:34+00:00\" \/>\n<meta property=\"og:image\" content=\"https:\/\/www.polisrecreio.com.br\/site\/wp-content\/uploads\/2019\/11\/1af4d-images-3-.jpg\" \/>\n\t<meta property=\"og:image:width\" content=\"750\" \/>\n\t<meta property=\"og:image:height\" content=\"450\" \/>\n<meta name=\"twitter:card\" content=\"summary_large_image\" \/>\n<meta name=\"twitter:creator\" content=\"@PolisRecreio\" \/>\n<meta name=\"twitter:site\" content=\"@PolisRecreio\" \/>\n<meta name=\"twitter:label1\" content=\"Est. reading time\">\n\t<meta name=\"twitter:data1\" content=\"1 minuto\">\n<script type=\"application\/ld+json\" class=\"yoast-schema-graph\">{\"@context\":\"https:\/\/schema.org\",\"@graph\":[{\"@type\":\"WebSite\",\"@id\":\"https:\/\/www.polisrecreio.com.br\/site\/#website\",\"url\":\"https:\/\/www.polisrecreio.com.br\/site\/\",\"name\":\"P\\u00f3lis Recreio\",\"description\":\"\",\"potentialAction\":[{\"@type\":\"SearchAction\",\"target\":\"https:\/\/www.polisrecreio.com.br\/site\/?s={search_term_string}\",\"query-input\":\"required name=search_term_string\"}],\"inLanguage\":\"pt-BR\"},{\"@type\":\"ImageObject\",\"@id\":\"https:\/\/www.polisrecreio.com.br\/site\/2019\/11\/19\/campanha-de-vacinacao-contra-sarampo-agora-busca-vacinar-jovens-adultos-de-20-a-29-anos\/#primaryimage\",\"inLanguage\":\"pt-BR\",\"url\":\"https:\/\/www.polisrecreio.com.br\/site\/wp-content\/uploads\/2019\/11\/1af4d-images-3-.jpg\",\"width\":750,\"height\":450},{\"@type\":\"WebPage\",\"@id\":\"https:\/\/www.polisrecreio.com.br\/site\/2019\/11\/19\/campanha-de-vacinacao-contra-sarampo-agora-busca-vacinar-jovens-adultos-de-20-a-29-anos\/#webpage\",\"url\":\"https:\/\/www.polisrecreio.com.br\/site\/2019\/11\/19\/campanha-de-vacinacao-contra-sarampo-agora-busca-vacinar-jovens-adultos-de-20-a-29-anos\/\",\"name\":\"Campanha de vacina\\u00e7\\u00e3o contra sarampo agora busca vacinar jovens adultos de 20 a 29 anos - P\\u00f3lis Recreio\",\"isPartOf\":{\"@id\":\"https:\/\/www.polisrecreio.com.br\/site\/#website\"},\"primaryImageOfPage\":{\"@id\":\"https:\/\/www.polisrecreio.com.br\/site\/2019\/11\/19\/campanha-de-vacinacao-contra-sarampo-agora-busca-vacinar-jovens-adultos-de-20-a-29-anos\/#primaryimage\"},\"datePublished\":\"2019-11-19T21:27:57+00:00\",\"dateModified\":\"2019-11-19T21:30:34+00:00\",\"author\":{\"@id\":\"https:\/\/www.polisrecreio.com.br\/site\/#\/schema\/person\/3363c1c78e1e28e1329d97adb387638e\"},\"inLanguage\":\"pt-BR\",\"potentialAction\":[{\"@type\":\"ReadAction\",\"target\":[\"https:\/\/www.polisrecreio.com.br\/site\/2019\/11\/19\/campanha-de-vacinacao-contra-sarampo-agora-busca-vacinar-jovens-adultos-de-20-a-29-anos\/\"]}]},{\"@type\":\"Person\",\"@id\":\"https:\/\/www.polisrecreio.com.br\/site\/#\/schema\/person\/3363c1c78e1e28e1329d97adb387638e\",\"name\":\"Leonardo Ribeiro\",\"image\":{\"@type\":\"ImageObject\",\"@id\":\"https:\/\/www.polisrecreio.com.br\/site\/#personlogo\",\"inLanguage\":\"pt-BR\",\"url\":\"https:\/\/secure.gravatar.com\/avatar\/6ba92a37d621e1a83e23710251178a12?s=96&d=mm&r=g\",\"caption\":\"Leonardo Ribeiro\"},\"sameAs\":[\"http:\/\/www.polisrecreio.com.br\"]}]}<\/script>\n<!-- \/ Yoast SEO plugin. -->","_links":{"self":[{"href":"https:\/\/www.polisrecreio.com.br\/site\/wp-json\/wp\/v2\/posts\/15839"}],"collection":[{"href":"https:\/\/www.polisrecreio.com.br\/site\/wp-json\/wp\/v2\/posts"}],"about":[{"href":"https:\/\/www.polisrecreio.com.br\/site\/wp-json\/wp\/v2\/types\/post"}],"author":[{"embeddable":true,"href":"https:\/\/www.polisrecreio.com.br\/site\/wp-json\/wp\/v2\/users\/3"}],"replies":[{"embeddable":true,"href":"https:\/\/www.polisrecreio.com.br\/site\/wp-json\/wp\/v2\/comments?post=15839"}],"version-history":[{"count":2,"href":"https:\/\/www.polisrecreio.com.br\/site\/wp-json\/wp\/v2\/posts\/15839\/revisions"}],"predecessor-version":[{"id":15842,"href":"https:\/\/www.polisrecreio.com.br\/site\/wp-json\/wp\/v2\/posts\/15839\/revisions\/15842"}],"wp:featuredmedia":[{"embeddable":true,"href":"https:\/\/www.polisrecreio.com.br\/site\/wp-json\/wp\/v2\/media\/15840"}],"wp:attachment":[{"href":"https:\/\/www.polisrecreio.com.br\/site\/wp-json\/wp\/v2\/media?parent=15839"}],"wp:term":[{"taxonomy":"category","embeddable":true,"href":"https:\/\/www.polisrecreio.com.br\/site\/wp-json\/wp\/v2\/categories?post=15839"},{"taxonomy":"post_tag","embeddable":true,"href":"https:\/\/www.polisrecreio.com.br\/site\/wp-json\/wp\/v2\/tags?post=15839"}],"curies":[{"name":"wp","href":"https:\/\/api.w.org\/{rel}","templated":true}]}}