{"id":15843,"date":"2019-11-19T20:47:11","date_gmt":"2019-11-19T23:47:11","guid":{"rendered":"http:\/\/www.polisrecreio.com.br\/site\/?p=15843"},"modified":"2019-11-19T20:48:31","modified_gmt":"2019-11-19T23:48:31","slug":"na-semana-de-educacao-para-vida-a-e-e-pres-carlos-luz-entrou-no-combate-a-dengue-em-conceicao-da-boa-vista","status":"publish","type":"post","link":"https:\/\/www.polisrecreio.com.br\/site\/2019\/11\/19\/na-semana-de-educacao-para-vida-a-e-e-pres-carlos-luz-entrou-no-combate-a-dengue-em-conceicao-da-boa-vista\/","title":{"rendered":"Na \u201cSemana de Educa\u00e7\u00e3o para Vida\u201d a E.E. Pres. Carlos Luz entrou no combate \u00e0 dengue em Concei\u00e7\u00e3o da Boa Vista"},"content":{"rendered":"<p style=\"text-align: justify;\">No in\u00edcio de novembro foi divulgado pela Vigil\u00e2ncia Epidemiol\u00f3gica Municipal o risco de epidemia de dengue em Concei\u00e7\u00e3o da Boa Vista. Nesta ter\u00e7a-feira (19), dentro da \u201cSemana de Educa\u00e7\u00e3o para Vida\u201d a E.E. Presidente Carlos Luz, do distrito localizado a aproximadamente 5 km da \u00e1rea urbana de Recreio, entrou no combate \u00e0 dengue. Os estudantes participaram de uma roda de conversa com a equipe da epidemiologia.<\/p>\n<p><!--more--><\/p>\n<p><a href=\"http:\/\/www.polisrecreio.com.br\/site\/wp-content\/uploads\/2019\/11\/f80dac45-b881-4b16-90ae-9a202ca6cf5b.jpg\"><img loading=\"lazy\" class=\"aligncenter size-full wp-image-15848\" src=\"http:\/\/www.polisrecreio.com.br\/site\/wp-content\/uploads\/2019\/11\/f80dac45-b881-4b16-90ae-9a202ca6cf5b.jpg\" alt=\"\" width=\"748\" height=\"500\" srcset=\"https:\/\/www.polisrecreio.com.br\/site\/wp-content\/uploads\/2019\/11\/f80dac45-b881-4b16-90ae-9a202ca6cf5b.jpg 748w, https:\/\/www.polisrecreio.com.br\/site\/wp-content\/uploads\/2019\/11\/f80dac45-b881-4b16-90ae-9a202ca6cf5b-300x201.jpg 300w\" sizes=\"(max-width: 748px) 100vw, 748px\" \/><\/a><\/p>\n<p style=\"text-align: justify;\">Os v\u00e1rios focos do mosquito Aedes aegytpi encontrados em Concei\u00e7\u00e3o da Boa Vista foram divulgados pelos agentes de epidemiologia, assim como os principais sintomas das doen\u00e7as transmitidas pelo mosquito: dengue, zika e chikungunya. Dicas de preven\u00e7\u00e3o tamb\u00e9m foram apresentadas.<\/p>\n<p style=\"text-align: justify;\">O debate sobre a dengue foi um dos temas desta semana que busca levar assuntos diferenciados para serem apresentados aos estudantes, professores e demais profissionais da escola. \u201cA Semana de Educa\u00e7\u00e3o Para Vida\u201d foi criada atrav\u00e9s da Lei Federal n\u00ba 11.988, de 27 de julho de 2009.<\/p>\n<p><a href=\"http:\/\/www.polisrecreio.com.br\/site\/wp-content\/uploads\/2019\/11\/cbe127da-2986-445a-91b8-7709af56f1dd.jpg\"><img loading=\"lazy\" class=\"aligncenter size-full wp-image-15847\" src=\"http:\/\/www.polisrecreio.com.br\/site\/wp-content\/uploads\/2019\/11\/cbe127da-2986-445a-91b8-7709af56f1dd.jpg\" alt=\"\" width=\"750\" height=\"440\" srcset=\"https:\/\/www.polisrecreio.com.br\/site\/wp-content\/uploads\/2019\/11\/cbe127da-2986-445a-91b8-7709af56f1dd.jpg 750w, https:\/\/www.polisrecreio.com.br\/site\/wp-content\/uploads\/2019\/11\/cbe127da-2986-445a-91b8-7709af56f1dd-300x176.jpg 300w\" sizes=\"(max-width: 750px) 100vw, 750px\" \/><\/a><\/p>\n<p><a href=\"http:\/\/www.polisrecreio.com.br\/site\/wp-content\/uploads\/2019\/11\/22c5c037-f5e6-4e4e-9d4f-c3a5f5c71e4b.jpg\"><img loading=\"lazy\" class=\"aligncenter size-full wp-image-15845\" src=\"http:\/\/www.polisrecreio.com.br\/site\/wp-content\/uploads\/2019\/11\/22c5c037-f5e6-4e4e-9d4f-c3a5f5c71e4b.jpg\" alt=\"\" width=\"772\" height=\"500\" srcset=\"https:\/\/www.polisrecreio.com.br\/site\/wp-content\/uploads\/2019\/11\/22c5c037-f5e6-4e4e-9d4f-c3a5f5c71e4b.jpg 772w, https:\/\/www.polisrecreio.com.br\/site\/wp-content\/uploads\/2019\/11\/22c5c037-f5e6-4e4e-9d4f-c3a5f5c71e4b-300x194.jpg 300w, https:\/\/www.polisrecreio.com.br\/site\/wp-content\/uploads\/2019\/11\/22c5c037-f5e6-4e4e-9d4f-c3a5f5c71e4b-768x497.jpg 768w\" sizes=\"(max-width: 772px) 100vw, 772px\" \/><\/a><\/p>\n<p><a href=\"http:\/\/www.polisrecreio.com.br\/site\/wp-content\/uploads\/2019\/11\/c0064dd7-f44e-48df-97fe-bb8ec43d0690.jpg\"><img loading=\"lazy\" class=\"aligncenter size-large wp-image-15846\" src=\"http:\/\/www.polisrecreio.com.br\/site\/wp-content\/uploads\/2019\/11\/c0064dd7-f44e-48df-97fe-bb8ec43d0690-1024x600.jpg\" alt=\"\" width=\"650\" height=\"381\" srcset=\"https:\/\/www.polisrecreio.com.br\/site\/wp-content\/uploads\/2019\/11\/c0064dd7-f44e-48df-97fe-bb8ec43d0690-1024x600.jpg 1024w, https:\/\/www.polisrecreio.com.br\/site\/wp-content\/uploads\/2019\/11\/c0064dd7-f44e-48df-97fe-bb8ec43d0690-300x176.jpg 300w, https:\/\/www.polisrecreio.com.br\/site\/wp-content\/uploads\/2019\/11\/c0064dd7-f44e-48df-97fe-bb8ec43d0690-768x450.jpg 768w, https:\/\/www.polisrecreio.com.br\/site\/wp-content\/uploads\/2019\/11\/c0064dd7-f44e-48df-97fe-bb8ec43d0690.jpg 1192w\" sizes=\"(max-width: 650px) 100vw, 650px\" \/><\/a><\/p>\n<p><a href=\"http:\/\/www.polisrecreio.com.br\/site\/wp-content\/uploads\/2019\/11\/8b4a9f94-cbf0-4872-9284-fd6682579f3b.jpg\"><img loading=\"lazy\" class=\"aligncenter size-full wp-image-15844\" src=\"http:\/\/www.polisrecreio.com.br\/site\/wp-content\/uploads\/2019\/11\/8b4a9f94-cbf0-4872-9284-fd6682579f3b.jpg\" alt=\"\" width=\"750\" height=\"458\" srcset=\"https:\/\/www.polisrecreio.com.br\/site\/wp-content\/uploads\/2019\/11\/8b4a9f94-cbf0-4872-9284-fd6682579f3b.jpg 750w, https:\/\/www.polisrecreio.com.br\/site\/wp-content\/uploads\/2019\/11\/8b4a9f94-cbf0-4872-9284-fd6682579f3b-300x183.jpg 300w\" sizes=\"(max-width: 750px) 100vw, 750px\" \/><\/a><\/p>\n","protected":false},"excerpt":{"rendered":"<p>No in\u00edcio de novembro foi divulgado pela Vigil\u00e2ncia Epidemiol\u00f3gica Municipal o risco de epidemia de dengue em Concei\u00e7\u00e3o da Boa Vista. Nesta ter\u00e7a-feira (19), dentro da \u201cSemana de Educa\u00e7\u00e3o para Vida\u201d a E.E. Presidente Carlos Luz, do distrito localizado a aproximadamente 5 km da \u00e1rea urbana de Recreio, entrou no combate \u00e0 dengue. Os estudantes [&hellip;]<\/p>\n","protected":false},"author":3,"featured_media":15848,"comment_status":"open","ping_status":"open","sticky":false,"template":"","format":"standard","meta":[],"categories":[7],"tags":[],"yoast_head":"<!-- This site is optimized with the Yoast SEO plugin v15.6.2 - https:\/\/yoast.com\/wordpress\/plugins\/seo\/ -->\n<meta name=\"robots\" content=\"index, follow, max-snippet:-1, max-image-preview:large, max-video-preview:-1\" \/>\n<link rel=\"canonical\" href=\"https:\/\/www.polisrecreio.com.br\/site\/2019\/11\/19\/na-semana-de-educacao-para-vida-a-e-e-pres-carlos-luz-entrou-no-combate-a-dengue-em-conceicao-da-boa-vista\/\" \/>\n<meta property=\"og:locale\" content=\"pt_BR\" \/>\n<meta property=\"og:type\" content=\"article\" \/>\n<meta property=\"og:title\" content=\"Na \u201cSemana de Educa\u00e7\u00e3o para Vida\u201d a E.E. Pres. Carlos Luz entrou no combate \u00e0 dengue em Concei\u00e7\u00e3o da Boa Vista - P\u00f3lis Recreio\" \/>\n<meta property=\"og:description\" content=\"No in\u00edcio de novembro foi divulgado pela Vigil\u00e2ncia Epidemiol\u00f3gica Municipal o risco de epidemia de dengue em Concei\u00e7\u00e3o da Boa Vista. Nesta ter\u00e7a-feira (19), dentro da \u201cSemana de Educa\u00e7\u00e3o para Vida\u201d a E.E. Presidente Carlos Luz, do distrito localizado a aproximadamente 5 km da \u00e1rea urbana de Recreio, entrou no combate \u00e0 dengue. Os estudantes [&hellip;]\" \/>\n<meta property=\"og:url\" content=\"https:\/\/www.polisrecreio.com.br\/site\/2019\/11\/19\/na-semana-de-educacao-para-vida-a-e-e-pres-carlos-luz-entrou-no-combate-a-dengue-em-conceicao-da-boa-vista\/\" \/>\n<meta property=\"og:site_name\" content=\"P\u00f3lis Recreio\" \/>\n<meta property=\"article:publisher\" content=\"https:\/\/www.facebook.com\/Site-P%c3%b3lis-Recreio-MG-181941708571019\/\" \/>\n<meta property=\"article:published_time\" content=\"2019-11-19T23:47:11+00:00\" \/>\n<meta property=\"article:modified_time\" content=\"2019-11-19T23:48:31+00:00\" \/>\n<meta property=\"og:image\" content=\"https:\/\/www.polisrecreio.com.br\/site\/wp-content\/uploads\/2019\/11\/f80dac45-b881-4b16-90ae-9a202ca6cf5b.jpg\" \/>\n\t<meta property=\"og:image:width\" content=\"748\" \/>\n\t<meta property=\"og:image:height\" content=\"500\" \/>\n<meta name=\"twitter:card\" content=\"summary_large_image\" \/>\n<meta name=\"twitter:creator\" content=\"@PolisRecreio\" \/>\n<meta name=\"twitter:site\" content=\"@PolisRecreio\" \/>\n<meta name=\"twitter:label1\" content=\"Est. reading time\">\n\t<meta name=\"twitter:data1\" content=\"1 minuto\">\n<script type=\"application\/ld+json\" class=\"yoast-schema-graph\">{\"@context\":\"https:\/\/schema.org\",\"@graph\":[{\"@type\":\"WebSite\",\"@id\":\"https:\/\/www.polisrecreio.com.br\/site\/#website\",\"url\":\"https:\/\/www.polisrecreio.com.br\/site\/\",\"name\":\"P\\u00f3lis Recreio\",\"description\":\"\",\"potentialAction\":[{\"@type\":\"SearchAction\",\"target\":\"https:\/\/www.polisrecreio.com.br\/site\/?s={search_term_string}\",\"query-input\":\"required name=search_term_string\"}],\"inLanguage\":\"pt-BR\"},{\"@type\":\"ImageObject\",\"@id\":\"https:\/\/www.polisrecreio.com.br\/site\/2019\/11\/19\/na-semana-de-educacao-para-vida-a-e-e-pres-carlos-luz-entrou-no-combate-a-dengue-em-conceicao-da-boa-vista\/#primaryimage\",\"inLanguage\":\"pt-BR\",\"url\":\"https:\/\/www.polisrecreio.com.br\/site\/wp-content\/uploads\/2019\/11\/f80dac45-b881-4b16-90ae-9a202ca6cf5b.jpg\",\"width\":748,\"height\":500},{\"@type\":\"WebPage\",\"@id\":\"https:\/\/www.polisrecreio.com.br\/site\/2019\/11\/19\/na-semana-de-educacao-para-vida-a-e-e-pres-carlos-luz-entrou-no-combate-a-dengue-em-conceicao-da-boa-vista\/#webpage\",\"url\":\"https:\/\/www.polisrecreio.com.br\/site\/2019\/11\/19\/na-semana-de-educacao-para-vida-a-e-e-pres-carlos-luz-entrou-no-combate-a-dengue-em-conceicao-da-boa-vista\/\",\"name\":\"Na \\u201cSemana de Educa\\u00e7\\u00e3o para Vida\\u201d a E.E. Pres. Carlos Luz entrou no combate \\u00e0 dengue em Concei\\u00e7\\u00e3o da Boa Vista - P\\u00f3lis Recreio\",\"isPartOf\":{\"@id\":\"https:\/\/www.polisrecreio.com.br\/site\/#website\"},\"primaryImageOfPage\":{\"@id\":\"https:\/\/www.polisrecreio.com.br\/site\/2019\/11\/19\/na-semana-de-educacao-para-vida-a-e-e-pres-carlos-luz-entrou-no-combate-a-dengue-em-conceicao-da-boa-vista\/#primaryimage\"},\"datePublished\":\"2019-11-19T23:47:11+00:00\",\"dateModified\":\"2019-11-19T23:48:31+00:00\",\"author\":{\"@id\":\"https:\/\/www.polisrecreio.com.br\/site\/#\/schema\/person\/3363c1c78e1e28e1329d97adb387638e\"},\"inLanguage\":\"pt-BR\",\"potentialAction\":[{\"@type\":\"ReadAction\",\"target\":[\"https:\/\/www.polisrecreio.com.br\/site\/2019\/11\/19\/na-semana-de-educacao-para-vida-a-e-e-pres-carlos-luz-entrou-no-combate-a-dengue-em-conceicao-da-boa-vista\/\"]}]},{\"@type\":\"Person\",\"@id\":\"https:\/\/www.polisrecreio.com.br\/site\/#\/schema\/person\/3363c1c78e1e28e1329d97adb387638e\",\"name\":\"Leonardo Ribeiro\",\"image\":{\"@type\":\"ImageObject\",\"@id\":\"https:\/\/www.polisrecreio.com.br\/site\/#personlogo\",\"inLanguage\":\"pt-BR\",\"url\":\"https:\/\/secure.gravatar.com\/avatar\/6ba92a37d621e1a83e23710251178a12?s=96&d=mm&r=g\",\"caption\":\"Leonardo Ribeiro\"},\"sameAs\":[\"http:\/\/www.polisrecreio.com.br\"]}]}<\/script>\n<!-- \/ Yoast SEO plugin. -->","_links":{"self":[{"href":"https:\/\/www.polisrecreio.com.br\/site\/wp-json\/wp\/v2\/posts\/15843"}],"collection":[{"href":"https:\/\/www.polisrecreio.com.br\/site\/wp-json\/wp\/v2\/posts"}],"about":[{"href":"https:\/\/www.polisrecreio.com.br\/site\/wp-json\/wp\/v2\/types\/post"}],"author":[{"embeddable":true,"href":"https:\/\/www.polisrecreio.com.br\/site\/wp-json\/wp\/v2\/users\/3"}],"replies":[{"embeddable":true,"href":"https:\/\/www.polisrecreio.com.br\/site\/wp-json\/wp\/v2\/comments?post=15843"}],"version-history":[{"count":2,"href":"https:\/\/www.polisrecreio.com.br\/site\/wp-json\/wp\/v2\/posts\/15843\/revisions"}],"predecessor-version":[{"id":15850,"href":"https:\/\/www.polisrecreio.com.br\/site\/wp-json\/wp\/v2\/posts\/15843\/revisions\/15850"}],"wp:featuredmedia":[{"embeddable":true,"href":"https:\/\/www.polisrecreio.com.br\/site\/wp-json\/wp\/v2\/media\/15848"}],"wp:attachment":[{"href":"https:\/\/www.polisrecreio.com.br\/site\/wp-json\/wp\/v2\/media?parent=15843"}],"wp:term":[{"taxonomy":"category","embeddable":true,"href":"https:\/\/www.polisrecreio.com.br\/site\/wp-json\/wp\/v2\/categories?post=15843"},{"taxonomy":"post_tag","embeddable":true,"href":"https:\/\/www.polisrecreio.com.br\/site\/wp-json\/wp\/v2\/tags?post=15843"}],"curies":[{"name":"wp","href":"https:\/\/api.w.org\/{rel}","templated":true}]}}