{"id":15939,"date":"2019-11-27T19:34:19","date_gmt":"2019-11-27T22:34:19","guid":{"rendered":"http:\/\/www.polisrecreio.com.br\/site\/?p=15939"},"modified":"2019-11-27T19:36:34","modified_gmt":"2019-11-27T22:36:34","slug":"sabado-30-tem-dia-d-de-vacinacao-contra-o-sarampo","status":"publish","type":"post","link":"https:\/\/www.polisrecreio.com.br\/site\/2019\/11\/27\/sabado-30-tem-dia-d-de-vacinacao-contra-o-sarampo\/","title":{"rendered":"S\u00e1bado (30) tem Dia D de vacina\u00e7\u00e3o contra o sarampo"},"content":{"rendered":"<p style=\"text-align: justify;\">Est\u00e1 marcado para s\u00e1bado (30) o Dia D da campanha nacional de vacina\u00e7\u00e3o contra o sarampo. Jovens adultos de 20 a 29 anos dever\u00e3o tomar a vacina. As unidades de sa\u00fade de Recreio funcionar\u00e3o de 8h \u00e0s 16h.<\/p>\n<p><!--more--><\/p>\n<p><a href=\"http:\/\/www.polisrecreio.com.br\/site\/wp-content\/uploads\/2019\/11\/vacinasarampoadulto.jpg\"><img loading=\"lazy\" class=\"aligncenter size-full wp-image-15940\" src=\"http:\/\/www.polisrecreio.com.br\/site\/wp-content\/uploads\/2019\/11\/vacinasarampoadulto.jpg\" alt=\"\" width=\"750\" height=\"488\" srcset=\"https:\/\/www.polisrecreio.com.br\/site\/wp-content\/uploads\/2019\/11\/vacinasarampoadulto.jpg 750w, https:\/\/www.polisrecreio.com.br\/site\/wp-content\/uploads\/2019\/11\/vacinasarampoadulto-300x195.jpg 300w\" sizes=\"(max-width: 750px) 100vw, 750px\" \/><\/a><\/p>\n<p style=\"text-align: justify;\">Esse p\u00fablico-alvo \u00e9 o de maior incid\u00eancia nos casos de sarampo registrados no Brasil. O adulto deve ter registrado no cart\u00e3o duas doses da vacina contra o sarampo ap\u00f3s altera\u00e7\u00e3o feita pelo Minist\u00e9rio da Sa\u00fade, que aconteceu em 2017.<\/p>\n<p style=\"text-align: justify;\">Como \u00e9 uma mudan\u00e7a recente, muitos adultos de 20 a 29 anos t\u00eam apenas uma dose, o que n\u00e3o assegura a prote\u00e7\u00e3o contra o v\u00edrus. A m\u00e9dia de vacina\u00e7\u00e3o mostra isso, s\u00e3o muitas pessoas ainda que n\u00e3o est\u00e3o com o esquema completo. Com a campanha, \u00e9 poss\u00edvel verificar o cart\u00e3o dessas pessoas e garantir que fiquem protegidas.<\/p>\n","protected":false},"excerpt":{"rendered":"<p>Est\u00e1 marcado para s\u00e1bado (30) o Dia D da campanha nacional de vacina\u00e7\u00e3o contra o sarampo. Jovens adultos de 20 a 29 anos dever\u00e3o tomar a vacina. As unidades de sa\u00fade de Recreio funcionar\u00e3o de 8h \u00e0s 16h.<\/p>\n","protected":false},"author":3,"featured_media":15940,"comment_status":"open","ping_status":"open","sticky":false,"template":"","format":"standard","meta":[],"categories":[7],"tags":[],"yoast_head":"<!-- This site is optimized with the Yoast SEO plugin v15.6.2 - https:\/\/yoast.com\/wordpress\/plugins\/seo\/ -->\n<meta name=\"robots\" content=\"index, follow, max-snippet:-1, max-image-preview:large, max-video-preview:-1\" \/>\n<link rel=\"canonical\" href=\"https:\/\/www.polisrecreio.com.br\/site\/2019\/11\/27\/sabado-30-tem-dia-d-de-vacinacao-contra-o-sarampo\/\" \/>\n<meta property=\"og:locale\" content=\"pt_BR\" \/>\n<meta property=\"og:type\" content=\"article\" \/>\n<meta property=\"og:title\" content=\"S\u00e1bado (30) tem Dia D de vacina\u00e7\u00e3o contra o sarampo - P\u00f3lis Recreio\" \/>\n<meta property=\"og:description\" content=\"Est\u00e1 marcado para s\u00e1bado (30) o Dia D da campanha nacional de vacina\u00e7\u00e3o contra o sarampo. Jovens adultos de 20 a 29 anos dever\u00e3o tomar a vacina. As unidades de sa\u00fade de Recreio funcionar\u00e3o de 8h \u00e0s 16h.\" \/>\n<meta property=\"og:url\" content=\"https:\/\/www.polisrecreio.com.br\/site\/2019\/11\/27\/sabado-30-tem-dia-d-de-vacinacao-contra-o-sarampo\/\" \/>\n<meta property=\"og:site_name\" content=\"P\u00f3lis Recreio\" \/>\n<meta property=\"article:publisher\" content=\"https:\/\/www.facebook.com\/Site-P%c3%b3lis-Recreio-MG-181941708571019\/\" \/>\n<meta property=\"article:published_time\" content=\"2019-11-27T22:34:19+00:00\" \/>\n<meta property=\"article:modified_time\" content=\"2019-11-27T22:36:34+00:00\" \/>\n<meta property=\"og:image\" content=\"https:\/\/www.polisrecreio.com.br\/site\/wp-content\/uploads\/2019\/11\/vacinasarampoadulto.jpg\" \/>\n\t<meta property=\"og:image:width\" content=\"750\" \/>\n\t<meta property=\"og:image:height\" content=\"488\" \/>\n<meta name=\"twitter:card\" content=\"summary_large_image\" \/>\n<meta name=\"twitter:creator\" content=\"@PolisRecreio\" \/>\n<meta name=\"twitter:site\" content=\"@PolisRecreio\" \/>\n<meta name=\"twitter:label1\" content=\"Est. reading time\">\n\t<meta name=\"twitter:data1\" content=\"1 minuto\">\n<script type=\"application\/ld+json\" class=\"yoast-schema-graph\">{\"@context\":\"https:\/\/schema.org\",\"@graph\":[{\"@type\":\"WebSite\",\"@id\":\"https:\/\/www.polisrecreio.com.br\/site\/#website\",\"url\":\"https:\/\/www.polisrecreio.com.br\/site\/\",\"name\":\"P\\u00f3lis Recreio\",\"description\":\"\",\"potentialAction\":[{\"@type\":\"SearchAction\",\"target\":\"https:\/\/www.polisrecreio.com.br\/site\/?s={search_term_string}\",\"query-input\":\"required name=search_term_string\"}],\"inLanguage\":\"pt-BR\"},{\"@type\":\"ImageObject\",\"@id\":\"https:\/\/www.polisrecreio.com.br\/site\/2019\/11\/27\/sabado-30-tem-dia-d-de-vacinacao-contra-o-sarampo\/#primaryimage\",\"inLanguage\":\"pt-BR\",\"url\":\"https:\/\/www.polisrecreio.com.br\/site\/wp-content\/uploads\/2019\/11\/vacinasarampoadulto.jpg\",\"width\":750,\"height\":488},{\"@type\":\"WebPage\",\"@id\":\"https:\/\/www.polisrecreio.com.br\/site\/2019\/11\/27\/sabado-30-tem-dia-d-de-vacinacao-contra-o-sarampo\/#webpage\",\"url\":\"https:\/\/www.polisrecreio.com.br\/site\/2019\/11\/27\/sabado-30-tem-dia-d-de-vacinacao-contra-o-sarampo\/\",\"name\":\"S\\u00e1bado (30) tem Dia D de vacina\\u00e7\\u00e3o contra o sarampo - P\\u00f3lis Recreio\",\"isPartOf\":{\"@id\":\"https:\/\/www.polisrecreio.com.br\/site\/#website\"},\"primaryImageOfPage\":{\"@id\":\"https:\/\/www.polisrecreio.com.br\/site\/2019\/11\/27\/sabado-30-tem-dia-d-de-vacinacao-contra-o-sarampo\/#primaryimage\"},\"datePublished\":\"2019-11-27T22:34:19+00:00\",\"dateModified\":\"2019-11-27T22:36:34+00:00\",\"author\":{\"@id\":\"https:\/\/www.polisrecreio.com.br\/site\/#\/schema\/person\/3363c1c78e1e28e1329d97adb387638e\"},\"inLanguage\":\"pt-BR\",\"potentialAction\":[{\"@type\":\"ReadAction\",\"target\":[\"https:\/\/www.polisrecreio.com.br\/site\/2019\/11\/27\/sabado-30-tem-dia-d-de-vacinacao-contra-o-sarampo\/\"]}]},{\"@type\":\"Person\",\"@id\":\"https:\/\/www.polisrecreio.com.br\/site\/#\/schema\/person\/3363c1c78e1e28e1329d97adb387638e\",\"name\":\"Leonardo Ribeiro\",\"image\":{\"@type\":\"ImageObject\",\"@id\":\"https:\/\/www.polisrecreio.com.br\/site\/#personlogo\",\"inLanguage\":\"pt-BR\",\"url\":\"https:\/\/secure.gravatar.com\/avatar\/6ba92a37d621e1a83e23710251178a12?s=96&d=mm&r=g\",\"caption\":\"Leonardo Ribeiro\"},\"sameAs\":[\"http:\/\/www.polisrecreio.com.br\"]}]}<\/script>\n<!-- \/ Yoast SEO plugin. -->","_links":{"self":[{"href":"https:\/\/www.polisrecreio.com.br\/site\/wp-json\/wp\/v2\/posts\/15939"}],"collection":[{"href":"https:\/\/www.polisrecreio.com.br\/site\/wp-json\/wp\/v2\/posts"}],"about":[{"href":"https:\/\/www.polisrecreio.com.br\/site\/wp-json\/wp\/v2\/types\/post"}],"author":[{"embeddable":true,"href":"https:\/\/www.polisrecreio.com.br\/site\/wp-json\/wp\/v2\/users\/3"}],"replies":[{"embeddable":true,"href":"https:\/\/www.polisrecreio.com.br\/site\/wp-json\/wp\/v2\/comments?post=15939"}],"version-history":[{"count":3,"href":"https:\/\/www.polisrecreio.com.br\/site\/wp-json\/wp\/v2\/posts\/15939\/revisions"}],"predecessor-version":[{"id":15943,"href":"https:\/\/www.polisrecreio.com.br\/site\/wp-json\/wp\/v2\/posts\/15939\/revisions\/15943"}],"wp:featuredmedia":[{"embeddable":true,"href":"https:\/\/www.polisrecreio.com.br\/site\/wp-json\/wp\/v2\/media\/15940"}],"wp:attachment":[{"href":"https:\/\/www.polisrecreio.com.br\/site\/wp-json\/wp\/v2\/media?parent=15939"}],"wp:term":[{"taxonomy":"category","embeddable":true,"href":"https:\/\/www.polisrecreio.com.br\/site\/wp-json\/wp\/v2\/categories?post=15939"},{"taxonomy":"post_tag","embeddable":true,"href":"https:\/\/www.polisrecreio.com.br\/site\/wp-json\/wp\/v2\/tags?post=15939"}],"curies":[{"name":"wp","href":"https:\/\/api.w.org\/{rel}","templated":true}]}}