{"id":15944,"date":"2019-11-28T17:24:30","date_gmt":"2019-11-28T20:24:30","guid":{"rendered":"http:\/\/www.polisrecreio.com.br\/site\/?p=15944"},"modified":"2019-11-28T17:24:30","modified_gmt":"2019-11-28T20:24:30","slug":"vigilancia-epidemiologica-registra-casos-de-dengue-e-chikungunya-em-recreio-e-conceicao-da-boa-vista","status":"publish","type":"post","link":"https:\/\/www.polisrecreio.com.br\/site\/2019\/11\/28\/vigilancia-epidemiologica-registra-casos-de-dengue-e-chikungunya-em-recreio-e-conceicao-da-boa-vista\/","title":{"rendered":"Vigil\u00e2ncia Epidemiol\u00f3gica registra casos de dengue e chikungunya em Recreio e Concei\u00e7\u00e3o da Boa Vista"},"content":{"rendered":"<p style=\"text-align: justify;\">A Vigil\u00e2ncia Epidemiol\u00f3gica Municipal registrou casos de dengue e chikungunya na cidade de Recreio e no distrito de Concei\u00e7\u00e3o da Boa Vista. Alguns exames j\u00e1 t\u00eam resultado positivo para as doen\u00e7as transmitidas pelo mosquito Aedes aegypti.<\/p>\n<p><!--more--><\/p>\n<p><a href=\"http:\/\/www.polisrecreio.com.br\/site\/wp-content\/uploads\/2019\/11\/01_foto_padrao_dengue_e_lixo.jpg\"><img loading=\"lazy\" class=\"aligncenter size-full wp-image-15945\" src=\"http:\/\/www.polisrecreio.com.br\/site\/wp-content\/uploads\/2019\/11\/01_foto_padrao_dengue_e_lixo.jpg\" alt=\"\" width=\"750\" height=\"422\" srcset=\"https:\/\/www.polisrecreio.com.br\/site\/wp-content\/uploads\/2019\/11\/01_foto_padrao_dengue_e_lixo.jpg 750w, https:\/\/www.polisrecreio.com.br\/site\/wp-content\/uploads\/2019\/11\/01_foto_padrao_dengue_e_lixo-300x169.jpg 300w\" sizes=\"(max-width: 750px) 100vw, 750px\" \/><\/a><\/p>\n<p style=\"text-align: justify;\">Segundo os dados, somente em novembro existem 7 casos suspeitos de dengue no Munic\u00edpio: 5 em Concei\u00e7\u00e3o da Boa Vista e 2 em Recreio (Caxias e Canto dos Ferreira), por\u00e9m os resultados dos exames ainda n\u00e3o chegaram. Para a incid\u00eancia de chikungunya 5 notifica\u00e7\u00f5es foram registradas no m\u00eas corrente: 3 em Concei\u00e7\u00e3o da Boa Vista (1 resultado positivo) e 2 em Recreio (Planalto).<\/p>\n<p style=\"text-align: justify;\">Na \u00e1rea urbana de Recreio a Vigil\u00e2ncia informa que os bairros com grande ocorr\u00eancia de focos positivos do Aedes aegypti s\u00e3o: Grotinha; Jos\u00e9 de Freitas Coutinho; Planalto e Alto do Asilo.<\/p>\n<p style=\"text-align: justify;\">\u201cPrevenir \u00e9 a melhor forma de evitar a dengue, zika e chikununya. A maior parte dos focos do Aedes est\u00e3o sendo encontrados nos domic\u00edlios. A Vigil\u00e2ncia Epidemiol\u00f3gica pede uma mais uma vez a colabora\u00e7\u00e3o da popula\u00e7\u00e3o. Estamos em um per\u00edodo de chuva, onde devemos redobrar o cuidado\u201d, informou Leandra Rosa, refer\u00eancia t\u00e9cnica da Epidemiologia Municipal.<\/p>\n<p style=\"text-align: justify;\">Veja algumas dicas de como a popula\u00e7\u00e3o pode ajudar:<\/p>\n<ul>\n<li style=\"text-align: justify;\">N\u00e3o deixem recipientes que acumulem \u00e1gua virados para cima;<\/li>\n<li style=\"text-align: justify;\">Guarde pneus em local coberto ou fa\u00e7a furos para n\u00e3o acumular \u00e1gua;<\/li>\n<li style=\"text-align: justify;\">Mantenha lajes sempre secas;<\/li>\n<li style=\"text-align: justify;\">Mantenha caixas d\u2019\u00e1gua, cisternas e po\u00e7os fechado ou vedados ou tampe com tela aqueles que n\u00e3o tem tampa pr\u00f3pria;<\/li>\n<li style=\"text-align: justify;\">Mantenha piscinas sempre limpas e use cloro para tratar a \u00e1gua.<\/li>\n<\/ul>\n","protected":false},"excerpt":{"rendered":"<p>A Vigil\u00e2ncia Epidemiol\u00f3gica Municipal registrou casos de dengue e chikungunya na cidade de Recreio e no distrito de Concei\u00e7\u00e3o da Boa Vista. Alguns exames j\u00e1 t\u00eam resultado positivo para as doen\u00e7as transmitidas pelo mosquito Aedes aegypti.<\/p>\n","protected":false},"author":3,"featured_media":0,"comment_status":"open","ping_status":"open","sticky":false,"template":"","format":"standard","meta":[],"categories":[7],"tags":[],"yoast_head":"<!-- This site is optimized with the Yoast SEO plugin v15.6.2 - https:\/\/yoast.com\/wordpress\/plugins\/seo\/ -->\n<meta name=\"robots\" content=\"index, follow, max-snippet:-1, max-image-preview:large, max-video-preview:-1\" \/>\n<link rel=\"canonical\" href=\"https:\/\/www.polisrecreio.com.br\/site\/2019\/11\/28\/vigilancia-epidemiologica-registra-casos-de-dengue-e-chikungunya-em-recreio-e-conceicao-da-boa-vista\/\" \/>\n<meta property=\"og:locale\" content=\"pt_BR\" \/>\n<meta property=\"og:type\" content=\"article\" \/>\n<meta property=\"og:title\" content=\"Vigil\u00e2ncia Epidemiol\u00f3gica registra casos de dengue e chikungunya em Recreio e Concei\u00e7\u00e3o da Boa Vista - P\u00f3lis Recreio\" \/>\n<meta property=\"og:description\" content=\"A Vigil\u00e2ncia Epidemiol\u00f3gica Municipal registrou casos de dengue e chikungunya na cidade de Recreio e no distrito de Concei\u00e7\u00e3o da Boa Vista. Alguns exames j\u00e1 t\u00eam resultado positivo para as doen\u00e7as transmitidas pelo mosquito Aedes aegypti.\" \/>\n<meta property=\"og:url\" content=\"https:\/\/www.polisrecreio.com.br\/site\/2019\/11\/28\/vigilancia-epidemiologica-registra-casos-de-dengue-e-chikungunya-em-recreio-e-conceicao-da-boa-vista\/\" \/>\n<meta property=\"og:site_name\" content=\"P\u00f3lis Recreio\" \/>\n<meta property=\"article:publisher\" content=\"https:\/\/www.facebook.com\/Site-P%c3%b3lis-Recreio-MG-181941708571019\/\" \/>\n<meta property=\"article:published_time\" content=\"2019-11-28T20:24:30+00:00\" \/>\n<meta property=\"og:image\" content=\"http:\/\/www.polisrecreio.com.br\/site\/wp-content\/uploads\/2019\/11\/01_foto_padrao_dengue_e_lixo.jpg\" \/>\n<meta name=\"twitter:card\" content=\"summary_large_image\" \/>\n<meta name=\"twitter:creator\" content=\"@PolisRecreio\" \/>\n<meta name=\"twitter:site\" content=\"@PolisRecreio\" \/>\n<meta name=\"twitter:label1\" content=\"Est. reading time\">\n\t<meta name=\"twitter:data1\" content=\"1 minuto\">\n<script type=\"application\/ld+json\" class=\"yoast-schema-graph\">{\"@context\":\"https:\/\/schema.org\",\"@graph\":[{\"@type\":\"WebSite\",\"@id\":\"https:\/\/www.polisrecreio.com.br\/site\/#website\",\"url\":\"https:\/\/www.polisrecreio.com.br\/site\/\",\"name\":\"P\\u00f3lis Recreio\",\"description\":\"\",\"potentialAction\":[{\"@type\":\"SearchAction\",\"target\":\"https:\/\/www.polisrecreio.com.br\/site\/?s={search_term_string}\",\"query-input\":\"required name=search_term_string\"}],\"inLanguage\":\"pt-BR\"},{\"@type\":\"ImageObject\",\"@id\":\"https:\/\/www.polisrecreio.com.br\/site\/2019\/11\/28\/vigilancia-epidemiologica-registra-casos-de-dengue-e-chikungunya-em-recreio-e-conceicao-da-boa-vista\/#primaryimage\",\"inLanguage\":\"pt-BR\",\"url\":\"http:\/\/www.polisrecreio.com.br\/site\/wp-content\/uploads\/2019\/11\/01_foto_padrao_dengue_e_lixo.jpg\"},{\"@type\":\"WebPage\",\"@id\":\"https:\/\/www.polisrecreio.com.br\/site\/2019\/11\/28\/vigilancia-epidemiologica-registra-casos-de-dengue-e-chikungunya-em-recreio-e-conceicao-da-boa-vista\/#webpage\",\"url\":\"https:\/\/www.polisrecreio.com.br\/site\/2019\/11\/28\/vigilancia-epidemiologica-registra-casos-de-dengue-e-chikungunya-em-recreio-e-conceicao-da-boa-vista\/\",\"name\":\"Vigil\\u00e2ncia Epidemiol\\u00f3gica registra casos de dengue e chikungunya em Recreio e Concei\\u00e7\\u00e3o da Boa Vista - P\\u00f3lis Recreio\",\"isPartOf\":{\"@id\":\"https:\/\/www.polisrecreio.com.br\/site\/#website\"},\"primaryImageOfPage\":{\"@id\":\"https:\/\/www.polisrecreio.com.br\/site\/2019\/11\/28\/vigilancia-epidemiologica-registra-casos-de-dengue-e-chikungunya-em-recreio-e-conceicao-da-boa-vista\/#primaryimage\"},\"datePublished\":\"2019-11-28T20:24:30+00:00\",\"dateModified\":\"2019-11-28T20:24:30+00:00\",\"author\":{\"@id\":\"https:\/\/www.polisrecreio.com.br\/site\/#\/schema\/person\/3363c1c78e1e28e1329d97adb387638e\"},\"inLanguage\":\"pt-BR\",\"potentialAction\":[{\"@type\":\"ReadAction\",\"target\":[\"https:\/\/www.polisrecreio.com.br\/site\/2019\/11\/28\/vigilancia-epidemiologica-registra-casos-de-dengue-e-chikungunya-em-recreio-e-conceicao-da-boa-vista\/\"]}]},{\"@type\":\"Person\",\"@id\":\"https:\/\/www.polisrecreio.com.br\/site\/#\/schema\/person\/3363c1c78e1e28e1329d97adb387638e\",\"name\":\"Leonardo Ribeiro\",\"image\":{\"@type\":\"ImageObject\",\"@id\":\"https:\/\/www.polisrecreio.com.br\/site\/#personlogo\",\"inLanguage\":\"pt-BR\",\"url\":\"https:\/\/secure.gravatar.com\/avatar\/6ba92a37d621e1a83e23710251178a12?s=96&d=mm&r=g\",\"caption\":\"Leonardo Ribeiro\"},\"sameAs\":[\"http:\/\/www.polisrecreio.com.br\"]}]}<\/script>\n<!-- \/ Yoast SEO plugin. -->","_links":{"self":[{"href":"https:\/\/www.polisrecreio.com.br\/site\/wp-json\/wp\/v2\/posts\/15944"}],"collection":[{"href":"https:\/\/www.polisrecreio.com.br\/site\/wp-json\/wp\/v2\/posts"}],"about":[{"href":"https:\/\/www.polisrecreio.com.br\/site\/wp-json\/wp\/v2\/types\/post"}],"author":[{"embeddable":true,"href":"https:\/\/www.polisrecreio.com.br\/site\/wp-json\/wp\/v2\/users\/3"}],"replies":[{"embeddable":true,"href":"https:\/\/www.polisrecreio.com.br\/site\/wp-json\/wp\/v2\/comments?post=15944"}],"version-history":[{"count":1,"href":"https:\/\/www.polisrecreio.com.br\/site\/wp-json\/wp\/v2\/posts\/15944\/revisions"}],"predecessor-version":[{"id":15946,"href":"https:\/\/www.polisrecreio.com.br\/site\/wp-json\/wp\/v2\/posts\/15944\/revisions\/15946"}],"wp:attachment":[{"href":"https:\/\/www.polisrecreio.com.br\/site\/wp-json\/wp\/v2\/media?parent=15944"}],"wp:term":[{"taxonomy":"category","embeddable":true,"href":"https:\/\/www.polisrecreio.com.br\/site\/wp-json\/wp\/v2\/categories?post=15944"},{"taxonomy":"post_tag","embeddable":true,"href":"https:\/\/www.polisrecreio.com.br\/site\/wp-json\/wp\/v2\/tags?post=15944"}],"curies":[{"name":"wp","href":"https:\/\/api.w.org\/{rel}","templated":true}]}}