{"id":16360,"date":"2020-01-09T21:17:03","date_gmt":"2020-01-10T00:17:03","guid":{"rendered":"http:\/\/www.polisrecreio.com.br\/site\/?p=16360"},"modified":"2020-01-09T21:19:40","modified_gmt":"2020-01-10T00:19:40","slug":"atleta-de-recreio-busca-patrocinadores-para-participar-de-campeonato-de-fisiculturismo","status":"publish","type":"post","link":"https:\/\/www.polisrecreio.com.br\/site\/2020\/01\/09\/atleta-de-recreio-busca-patrocinadores-para-participar-de-campeonato-de-fisiculturismo\/","title":{"rendered":"Atleta de Recreio busca patrocinadores para participar de Campeonato de Fisiculturismo"},"content":{"rendered":"<p style=\"text-align: justify;\">O atleta de Recreio, Guilherme Neves, est\u00e1 em busca de patrocinadores para participar do Campeonato de Estreantes de Fisiculturismo no Rio de Janeiro, em 28 de mar\u00e7o.<\/p>\n<p><!--more--><\/p>\n<p><a href=\"http:\/\/www.polisrecreio.com.br\/site\/wp-content\/uploads\/2020\/01\/4d5a5d3d-d696-4cca-ac3b-c08e77956b01.jpg\"><img loading=\"lazy\" class=\"aligncenter wp-image-16361 size-full\" src=\"http:\/\/www.polisrecreio.com.br\/site\/wp-content\/uploads\/2020\/01\/4d5a5d3d-d696-4cca-ac3b-c08e77956b01.jpg\" alt=\"\" width=\"750\" height=\"500\" srcset=\"https:\/\/www.polisrecreio.com.br\/site\/wp-content\/uploads\/2020\/01\/4d5a5d3d-d696-4cca-ac3b-c08e77956b01.jpg 750w, https:\/\/www.polisrecreio.com.br\/site\/wp-content\/uploads\/2020\/01\/4d5a5d3d-d696-4cca-ac3b-c08e77956b01-300x200.jpg 300w\" sizes=\"(max-width: 750px) 100vw, 750px\" \/><\/a><\/p>\n<p style=\"text-align: justify;\">Aos 26 anos de idade, Guilherme, j\u00e1 participou de 2 competi\u00e7\u00f5es de fisiculturismo. Ele lembra que n\u00e3o \u00e9 s\u00f3 o seu nome que est\u00e1 em destaque quando vai disputar os campeonatos, \u00e9 o nome da cidade de Recreio.<\/p>\n<p style=\"text-align: justify;\">Empresas ou patrocinadores individuais que queiram apoiar o atleta podem entrar em contato pelo telefone (32) 9.9819-5536 ou pelas redes sociais: Instagram, @guilherme.nves; Facebook, Guilherme Neves.<\/p>\n<p style=\"text-align: justify;\">O Campeonato no Rio de Janeiro \u00e9 organizado pela IFBB RIO \u2013 Federa\u00e7\u00e3o Fluminense de Fisiculturismo e Fitness.<\/p>\n","protected":false},"excerpt":{"rendered":"<p>O atleta de Recreio, Guilherme Neves, est\u00e1 em busca de patrocinadores para participar do Campeonato de Estreantes de Fisiculturismo no Rio de Janeiro, em 28 de mar\u00e7o.<\/p>\n","protected":false},"author":3,"featured_media":0,"comment_status":"open","ping_status":"open","sticky":false,"template":"","format":"standard","meta":[],"categories":[4],"tags":[],"yoast_head":"<!-- This site is optimized with the Yoast SEO plugin v15.6.2 - https:\/\/yoast.com\/wordpress\/plugins\/seo\/ -->\n<meta name=\"robots\" content=\"index, follow, max-snippet:-1, max-image-preview:large, max-video-preview:-1\" \/>\n<link rel=\"canonical\" href=\"https:\/\/www.polisrecreio.com.br\/site\/2020\/01\/09\/atleta-de-recreio-busca-patrocinadores-para-participar-de-campeonato-de-fisiculturismo\/\" \/>\n<meta property=\"og:locale\" content=\"pt_BR\" \/>\n<meta property=\"og:type\" content=\"article\" \/>\n<meta property=\"og:title\" content=\"Atleta de Recreio busca patrocinadores para participar de Campeonato de Fisiculturismo - P\u00f3lis Recreio\" \/>\n<meta property=\"og:description\" content=\"O atleta de Recreio, Guilherme Neves, est\u00e1 em busca de patrocinadores para participar do Campeonato de Estreantes de Fisiculturismo no Rio de Janeiro, em 28 de mar\u00e7o.\" \/>\n<meta property=\"og:url\" content=\"https:\/\/www.polisrecreio.com.br\/site\/2020\/01\/09\/atleta-de-recreio-busca-patrocinadores-para-participar-de-campeonato-de-fisiculturismo\/\" \/>\n<meta property=\"og:site_name\" content=\"P\u00f3lis Recreio\" \/>\n<meta property=\"article:publisher\" content=\"https:\/\/www.facebook.com\/Site-P%c3%b3lis-Recreio-MG-181941708571019\/\" \/>\n<meta property=\"article:published_time\" content=\"2020-01-10T00:17:03+00:00\" \/>\n<meta property=\"article:modified_time\" content=\"2020-01-10T00:19:40+00:00\" \/>\n<meta property=\"og:image\" content=\"http:\/\/www.polisrecreio.com.br\/site\/wp-content\/uploads\/2020\/01\/4d5a5d3d-d696-4cca-ac3b-c08e77956b01.jpg\" \/>\n<meta name=\"twitter:card\" content=\"summary_large_image\" \/>\n<meta name=\"twitter:creator\" content=\"@PolisRecreio\" \/>\n<meta name=\"twitter:site\" content=\"@PolisRecreio\" \/>\n<meta name=\"twitter:label1\" content=\"Est. reading time\">\n\t<meta name=\"twitter:data1\" content=\"1 minuto\">\n<script type=\"application\/ld+json\" class=\"yoast-schema-graph\">{\"@context\":\"https:\/\/schema.org\",\"@graph\":[{\"@type\":\"WebSite\",\"@id\":\"https:\/\/www.polisrecreio.com.br\/site\/#website\",\"url\":\"https:\/\/www.polisrecreio.com.br\/site\/\",\"name\":\"P\\u00f3lis Recreio\",\"description\":\"\",\"potentialAction\":[{\"@type\":\"SearchAction\",\"target\":\"https:\/\/www.polisrecreio.com.br\/site\/?s={search_term_string}\",\"query-input\":\"required name=search_term_string\"}],\"inLanguage\":\"pt-BR\"},{\"@type\":\"ImageObject\",\"@id\":\"https:\/\/www.polisrecreio.com.br\/site\/2020\/01\/09\/atleta-de-recreio-busca-patrocinadores-para-participar-de-campeonato-de-fisiculturismo\/#primaryimage\",\"inLanguage\":\"pt-BR\",\"url\":\"http:\/\/www.polisrecreio.com.br\/site\/wp-content\/uploads\/2020\/01\/4d5a5d3d-d696-4cca-ac3b-c08e77956b01.jpg\"},{\"@type\":\"WebPage\",\"@id\":\"https:\/\/www.polisrecreio.com.br\/site\/2020\/01\/09\/atleta-de-recreio-busca-patrocinadores-para-participar-de-campeonato-de-fisiculturismo\/#webpage\",\"url\":\"https:\/\/www.polisrecreio.com.br\/site\/2020\/01\/09\/atleta-de-recreio-busca-patrocinadores-para-participar-de-campeonato-de-fisiculturismo\/\",\"name\":\"Atleta de Recreio busca patrocinadores para participar de Campeonato de Fisiculturismo - P\\u00f3lis Recreio\",\"isPartOf\":{\"@id\":\"https:\/\/www.polisrecreio.com.br\/site\/#website\"},\"primaryImageOfPage\":{\"@id\":\"https:\/\/www.polisrecreio.com.br\/site\/2020\/01\/09\/atleta-de-recreio-busca-patrocinadores-para-participar-de-campeonato-de-fisiculturismo\/#primaryimage\"},\"datePublished\":\"2020-01-10T00:17:03+00:00\",\"dateModified\":\"2020-01-10T00:19:40+00:00\",\"author\":{\"@id\":\"https:\/\/www.polisrecreio.com.br\/site\/#\/schema\/person\/3363c1c78e1e28e1329d97adb387638e\"},\"inLanguage\":\"pt-BR\",\"potentialAction\":[{\"@type\":\"ReadAction\",\"target\":[\"https:\/\/www.polisrecreio.com.br\/site\/2020\/01\/09\/atleta-de-recreio-busca-patrocinadores-para-participar-de-campeonato-de-fisiculturismo\/\"]}]},{\"@type\":\"Person\",\"@id\":\"https:\/\/www.polisrecreio.com.br\/site\/#\/schema\/person\/3363c1c78e1e28e1329d97adb387638e\",\"name\":\"Leonardo Ribeiro\",\"image\":{\"@type\":\"ImageObject\",\"@id\":\"https:\/\/www.polisrecreio.com.br\/site\/#personlogo\",\"inLanguage\":\"pt-BR\",\"url\":\"https:\/\/secure.gravatar.com\/avatar\/6ba92a37d621e1a83e23710251178a12?s=96&d=mm&r=g\",\"caption\":\"Leonardo Ribeiro\"},\"sameAs\":[\"http:\/\/www.polisrecreio.com.br\"]}]}<\/script>\n<!-- \/ Yoast SEO plugin. -->","_links":{"self":[{"href":"https:\/\/www.polisrecreio.com.br\/site\/wp-json\/wp\/v2\/posts\/16360"}],"collection":[{"href":"https:\/\/www.polisrecreio.com.br\/site\/wp-json\/wp\/v2\/posts"}],"about":[{"href":"https:\/\/www.polisrecreio.com.br\/site\/wp-json\/wp\/v2\/types\/post"}],"author":[{"embeddable":true,"href":"https:\/\/www.polisrecreio.com.br\/site\/wp-json\/wp\/v2\/users\/3"}],"replies":[{"embeddable":true,"href":"https:\/\/www.polisrecreio.com.br\/site\/wp-json\/wp\/v2\/comments?post=16360"}],"version-history":[{"count":3,"href":"https:\/\/www.polisrecreio.com.br\/site\/wp-json\/wp\/v2\/posts\/16360\/revisions"}],"predecessor-version":[{"id":16364,"href":"https:\/\/www.polisrecreio.com.br\/site\/wp-json\/wp\/v2\/posts\/16360\/revisions\/16364"}],"wp:attachment":[{"href":"https:\/\/www.polisrecreio.com.br\/site\/wp-json\/wp\/v2\/media?parent=16360"}],"wp:term":[{"taxonomy":"category","embeddable":true,"href":"https:\/\/www.polisrecreio.com.br\/site\/wp-json\/wp\/v2\/categories?post=16360"},{"taxonomy":"post_tag","embeddable":true,"href":"https:\/\/www.polisrecreio.com.br\/site\/wp-json\/wp\/v2\/tags?post=16360"}],"curies":[{"name":"wp","href":"https:\/\/api.w.org\/{rel}","templated":true}]}}