{"id":1685,"date":"2016-04-25T22:28:27","date_gmt":"2016-04-26T01:28:27","guid":{"rendered":"http:\/\/www.polisrecreio.com.br\/site\/?p=1685"},"modified":"2016-04-25T22:28:44","modified_gmt":"2016-04-26T01:28:44","slug":"1685","status":"publish","type":"post","link":"https:\/\/www.polisrecreio.com.br\/site\/2016\/04\/25\/1685\/","title":{"rendered":"Provedor do HSS vai \u00e0 C\u00e2mara e diz que n\u00e3o assume obra do Pronto Socorro"},"content":{"rendered":"<p style=\"text-align: justify;\">Estava programada para hoje (25), na C\u00e2mara de Recreio, a vota\u00e7\u00e3o do projeto de lei de autoria do executivo municipal que prev\u00ea repasse de subven\u00e7\u00e3o financeira, no valor de R$ 39.500, ao Hospital S\u00e3o Sebasti\u00e3o \u201cHSS\u201d para a dire\u00e7\u00e3o da entidade gerenciar a reforma do Pronto Socorro Municipal \u201cPSM\u201d, por\u00e9m, antes do projeto ser colocado em pauta o provedor do HSS, Dr. Luiz Ronaldo Pinheiro dos Santos, informou que n\u00e3o assume a obra.<\/p>\n<p style=\"text-align: justify;\"><!--more--><\/p>\n<figure id=\"attachment_1686\" aria-describedby=\"caption-attachment-1686\" style=\"width: 800px\" class=\"wp-caption aligncenter\"><a href=\"http:\/\/www.polisrecreio.com.br\/site\/wp-content\/uploads\/2016\/04\/reuni\u00e3o.jpg\"><img loading=\"lazy\" class=\"wp-image-1686 size-full\" src=\"http:\/\/www.polisrecreio.com.br\/site\/wp-content\/uploads\/2016\/04\/reuni\u00e3o.jpg\" alt=\"\" width=\"800\" height=\"482\" srcset=\"https:\/\/www.polisrecreio.com.br\/site\/wp-content\/uploads\/2016\/04\/reuni\u00e3o.jpg 800w, https:\/\/www.polisrecreio.com.br\/site\/wp-content\/uploads\/2016\/04\/reuni\u00e3o-300x181.jpg 300w\" sizes=\"(max-width: 800px) 100vw, 800px\" \/><\/a><figcaption id=\"caption-attachment-1686\" class=\"wp-caption-text\">Dr. Ronaldo falando na C\u00e2mara de Recreio.<\/figcaption><\/figure>\n<p style=\"text-align: justify;\">Segundo a justificativa do provedor, \u201ccom esse valor seria imposs\u00edvel reformar o pr\u00e9dio do PSM, que \u00e9 do HSS e est\u00e1 alugado para a Prefeitura Municipal\u201d. Para chegar a essa ideia, Dr. Ronaldo, fez uma compara\u00e7\u00e3o com a reforma do centro cir\u00fargico, que esteve interditado pela Vigil\u00e2ncia Sanit\u00e1ria da Ger\u00eancia Regional de Sa\u00fade de Leopoldina, at\u00e9 fossem realizadas as adequa\u00e7\u00f5es necess\u00e1rias. \u201cNa obra do Centro Cir\u00fargico \u201cCC\u201d, que j\u00e1 voltou a funcionar, os gastos chegaram a R$ 45 mil, sendo R$ 35 mil repassados pela administra\u00e7\u00e3o municipal e R$ 10 mil pelo Hospital atrav\u00e9s lucro obtido na festa de anivers\u00e1rio da entidade, o CC tem 100 m\u00b2 e o PSM tem quase o dobro do tamanho. Como podemos assumir uma obra onde os valores n\u00e3o ser\u00e3o o suficiente para conclus\u00e3o?\u201d<\/p>\n<p style=\"text-align: justify;\">Durante as explana\u00e7\u00f5es de Dr. Ronaldo, o secret\u00e1rio municipal de administra\u00e7\u00e3o, Leano Carraro, chegou e disse que \u201cessa reforma s\u00f3 \u00e9 poss\u00edvel por meio deste repasse ao HSS, pois a Prefeitura n\u00e3o pode investir em pr\u00e9dios que n\u00e3o sejam de sua posse\u201d.<\/p>\n<p style=\"text-align: justify;\">Alguns vereadores questionaram qual seria a op\u00e7\u00e3o para resolver o impasse e ent\u00e3o, o provedor, sugeriu que o pr\u00e9dio do PSM seja passado atrav\u00e9s de cess\u00e3o ao Munic\u00edpio, da\u00ed a gest\u00e3o municipal poderia reform\u00e1-lo sem nenhum empecilho jur\u00eddico. Para saber da legalidade sobre este empr\u00e9stimo essa semana o assessor jur\u00eddico da C\u00e2mara, Dr. Ant\u00f4nio Brito, ao lado do Dr. Ronaldo, ir\u00e3o ao Minist\u00e9rio P\u00fablico de Minas Gerais.<\/p>\n<p style=\"text-align: justify;\">O projeto de lei n\u00e3o foi votado e os vereadores, agora, aguardam a posi\u00e7\u00e3o do MPMG sobre a poss\u00edvel cess\u00e3o.<\/p>\n","protected":false},"excerpt":{"rendered":"<p>Estava programada para hoje (25), na C\u00e2mara de Recreio, a vota\u00e7\u00e3o do projeto de lei de autoria do executivo municipal que prev\u00ea repasse de subven\u00e7\u00e3o financeira, no valor de R$ 39.500, ao Hospital S\u00e3o Sebasti\u00e3o \u201cHSS\u201d para a dire\u00e7\u00e3o da entidade gerenciar a reforma do Pronto Socorro Municipal \u201cPSM\u201d, por\u00e9m, antes do projeto ser colocado [&hellip;]<\/p>\n","protected":false},"author":3,"featured_media":1686,"comment_status":"open","ping_status":"open","sticky":false,"template":"","format":"standard","meta":[],"categories":[6],"tags":[],"yoast_head":"<!-- This site is optimized with the Yoast SEO plugin v15.6.2 - https:\/\/yoast.com\/wordpress\/plugins\/seo\/ -->\n<meta name=\"robots\" content=\"index, follow, max-snippet:-1, max-image-preview:large, max-video-preview:-1\" \/>\n<link rel=\"canonical\" href=\"http:\/\/www.polisrecreio.com.br\/site\/2016\/04\/25\/1685\/\" \/>\n<meta property=\"og:locale\" content=\"pt_BR\" \/>\n<meta property=\"og:type\" content=\"article\" \/>\n<meta property=\"og:title\" content=\"Provedor do HSS vai \u00e0 C\u00e2mara e diz que n\u00e3o assume obra do Pronto Socorro - P\u00f3lis Recreio\" \/>\n<meta property=\"og:description\" content=\"Estava programada para hoje (25), na C\u00e2mara de Recreio, a vota\u00e7\u00e3o do projeto de lei de autoria do executivo municipal que prev\u00ea repasse de subven\u00e7\u00e3o financeira, no valor de R$ 39.500, ao Hospital S\u00e3o Sebasti\u00e3o \u201cHSS\u201d para a dire\u00e7\u00e3o da entidade gerenciar a reforma do Pronto Socorro Municipal \u201cPSM\u201d, por\u00e9m, antes do projeto ser colocado [&hellip;]\" \/>\n<meta property=\"og:url\" content=\"http:\/\/www.polisrecreio.com.br\/site\/2016\/04\/25\/1685\/\" \/>\n<meta property=\"og:site_name\" content=\"P\u00f3lis Recreio\" \/>\n<meta property=\"article:publisher\" content=\"https:\/\/www.facebook.com\/Site-P%c3%b3lis-Recreio-MG-181941708571019\/\" \/>\n<meta property=\"article:published_time\" content=\"2016-04-26T01:28:27+00:00\" \/>\n<meta property=\"article:modified_time\" content=\"2016-04-26T01:28:44+00:00\" \/>\n<meta property=\"og:image\" content=\"https:\/\/www.polisrecreio.com.br\/site\/wp-content\/uploads\/2016\/04\/reuni\u00e3o.jpg\" \/>\n\t<meta property=\"og:image:width\" content=\"800\" \/>\n\t<meta property=\"og:image:height\" content=\"482\" \/>\n<meta name=\"twitter:card\" content=\"summary_large_image\" \/>\n<meta name=\"twitter:creator\" content=\"@PolisRecreio\" \/>\n<meta name=\"twitter:site\" content=\"@PolisRecreio\" \/>\n<meta name=\"twitter:label1\" content=\"Est. reading time\">\n\t<meta name=\"twitter:data1\" content=\"2 minutos\">\n<script type=\"application\/ld+json\" class=\"yoast-schema-graph\">{\"@context\":\"https:\/\/schema.org\",\"@graph\":[{\"@type\":\"WebSite\",\"@id\":\"https:\/\/www.polisrecreio.com.br\/site\/#website\",\"url\":\"https:\/\/www.polisrecreio.com.br\/site\/\",\"name\":\"P\\u00f3lis Recreio\",\"description\":\"\",\"potentialAction\":[{\"@type\":\"SearchAction\",\"target\":\"https:\/\/www.polisrecreio.com.br\/site\/?s={search_term_string}\",\"query-input\":\"required name=search_term_string\"}],\"inLanguage\":\"pt-BR\"},{\"@type\":\"ImageObject\",\"@id\":\"http:\/\/www.polisrecreio.com.br\/site\/2016\/04\/25\/1685\/#primaryimage\",\"inLanguage\":\"pt-BR\",\"url\":\"https:\/\/www.polisrecreio.com.br\/site\/wp-content\/uploads\/2016\/04\/reuni\\u00e3o.jpg\",\"width\":800,\"height\":482},{\"@type\":\"WebPage\",\"@id\":\"http:\/\/www.polisrecreio.com.br\/site\/2016\/04\/25\/1685\/#webpage\",\"url\":\"http:\/\/www.polisrecreio.com.br\/site\/2016\/04\/25\/1685\/\",\"name\":\"Provedor do HSS vai \\u00e0 C\\u00e2mara e diz que n\\u00e3o assume obra do Pronto Socorro - P\\u00f3lis Recreio\",\"isPartOf\":{\"@id\":\"https:\/\/www.polisrecreio.com.br\/site\/#website\"},\"primaryImageOfPage\":{\"@id\":\"http:\/\/www.polisrecreio.com.br\/site\/2016\/04\/25\/1685\/#primaryimage\"},\"datePublished\":\"2016-04-26T01:28:27+00:00\",\"dateModified\":\"2016-04-26T01:28:44+00:00\",\"author\":{\"@id\":\"https:\/\/www.polisrecreio.com.br\/site\/#\/schema\/person\/3363c1c78e1e28e1329d97adb387638e\"},\"inLanguage\":\"pt-BR\",\"potentialAction\":[{\"@type\":\"ReadAction\",\"target\":[\"http:\/\/www.polisrecreio.com.br\/site\/2016\/04\/25\/1685\/\"]}]},{\"@type\":\"Person\",\"@id\":\"https:\/\/www.polisrecreio.com.br\/site\/#\/schema\/person\/3363c1c78e1e28e1329d97adb387638e\",\"name\":\"Leonardo Ribeiro\",\"image\":{\"@type\":\"ImageObject\",\"@id\":\"https:\/\/www.polisrecreio.com.br\/site\/#personlogo\",\"inLanguage\":\"pt-BR\",\"url\":\"https:\/\/secure.gravatar.com\/avatar\/6ba92a37d621e1a83e23710251178a12?s=96&d=mm&r=g\",\"caption\":\"Leonardo Ribeiro\"},\"sameAs\":[\"http:\/\/www.polisrecreio.com.br\"]}]}<\/script>\n<!-- \/ Yoast SEO plugin. -->","_links":{"self":[{"href":"https:\/\/www.polisrecreio.com.br\/site\/wp-json\/wp\/v2\/posts\/1685"}],"collection":[{"href":"https:\/\/www.polisrecreio.com.br\/site\/wp-json\/wp\/v2\/posts"}],"about":[{"href":"https:\/\/www.polisrecreio.com.br\/site\/wp-json\/wp\/v2\/types\/post"}],"author":[{"embeddable":true,"href":"https:\/\/www.polisrecreio.com.br\/site\/wp-json\/wp\/v2\/users\/3"}],"replies":[{"embeddable":true,"href":"https:\/\/www.polisrecreio.com.br\/site\/wp-json\/wp\/v2\/comments?post=1685"}],"version-history":[{"count":2,"href":"https:\/\/www.polisrecreio.com.br\/site\/wp-json\/wp\/v2\/posts\/1685\/revisions"}],"predecessor-version":[{"id":1688,"href":"https:\/\/www.polisrecreio.com.br\/site\/wp-json\/wp\/v2\/posts\/1685\/revisions\/1688"}],"wp:featuredmedia":[{"embeddable":true,"href":"https:\/\/www.polisrecreio.com.br\/site\/wp-json\/wp\/v2\/media\/1686"}],"wp:attachment":[{"href":"https:\/\/www.polisrecreio.com.br\/site\/wp-json\/wp\/v2\/media?parent=1685"}],"wp:term":[{"taxonomy":"category","embeddable":true,"href":"https:\/\/www.polisrecreio.com.br\/site\/wp-json\/wp\/v2\/categories?post=1685"},{"taxonomy":"post_tag","embeddable":true,"href":"https:\/\/www.polisrecreio.com.br\/site\/wp-json\/wp\/v2\/tags?post=1685"}],"curies":[{"name":"wp","href":"https:\/\/api.w.org\/{rel}","templated":true}]}}