{"id":17019,"date":"2020-03-20T08:04:15","date_gmt":"2020-03-20T11:04:15","guid":{"rendered":"http:\/\/www.polisrecreio.com.br\/site\/?p=17019"},"modified":"2020-03-20T08:04:15","modified_gmt":"2020-03-20T11:04:15","slug":"o-aumento-do-preco-de-alcool-em-gel-e-errado","status":"publish","type":"post","link":"https:\/\/www.polisrecreio.com.br\/site\/2020\/03\/20\/o-aumento-do-preco-de-alcool-em-gel-e-errado\/","title":{"rendered":"O aumento do pre\u00e7o de \u00e1lcool em gel \u00e9 errado?"},"content":{"rendered":"<p><strong><em>Economia: Por Davi Carneiro*<\/em><\/strong><\/p>\n<p style=\"text-align: justify;\">Com a pandemia de coronav\u00edrus no mundo, o pre\u00e7o de \u00e1lcool em gel sofreu uma enorme disparada, algo comum quando se tem um aumento de demanda por um bem, mas devido \u00e0s circunst\u00e2ncias atuais, \u00e9 errado as empresas aumentarem o pre\u00e7o?<\/p>\n<p><!--more--><\/p>\n<p><a href=\"http:\/\/www.polisrecreio.com.br\/site\/wp-content\/uploads\/2020\/03\/thumbnail-1.jpg\"><img loading=\"lazy\" class=\"aligncenter size-full wp-image-16936\" src=\"http:\/\/www.polisrecreio.com.br\/site\/wp-content\/uploads\/2020\/03\/thumbnail-1.jpg\" alt=\"\" width=\"749\" height=\"500\" srcset=\"https:\/\/www.polisrecreio.com.br\/site\/wp-content\/uploads\/2020\/03\/thumbnail-1.jpg 749w, https:\/\/www.polisrecreio.com.br\/site\/wp-content\/uploads\/2020\/03\/thumbnail-1-300x200.jpg 300w\" sizes=\"(max-width: 749px) 100vw, 749px\" \/><\/a><\/p>\n<p style=\"text-align: justify;\">Em resumo: n\u00e3o. N\u00e3o \u00e9 errado, mas a an\u00e1lise \u00e9 um pouco mais complexa. Para entender isso, \u00e9 necess\u00e1rio antes entender o que \u00e9 \u201cpre\u00e7o\u201d na economia e como ele se comporta.<\/p>\n<p style=\"text-align: justify;\">A priori, pre\u00e7o \u00e9 determinado pelo julgamento de valor dos pr\u00f3prios consumidores. Os produtores recebem uma mensagem dos consumidores de quanto vale o seu produto.<\/p>\n<p style=\"text-align: justify;\">Isso fica mais f\u00e1cil de entender em uma Economia Cruso\u00e9. Vamos imaginar Robson Cruso\u00e9 sozinho em sua ilha, ele passa o dia inteiro pescando. Nessa ilha h\u00e1 outro indiv\u00edduo que passa o dia inteiro construindo varas de pesca. Para comprar uma vara, Cruso\u00e9 precisa de alguns peixes para utilizar como moeda. O produtor cobra 10 peixes, isso n\u00e3o vale a pena para Cruso\u00e9, ent\u00e3o ele n\u00e3o compra. Cruso\u00e9 pede 5 peixes, mas n\u00e3o vale a pena para o produtor. Ambos decidem que a troca ser\u00e1 feita ent\u00e3o por 7 peixes.<\/p>\n<p style=\"text-align: justify;\">Em resumo, se o consumidor n\u00e3o comprar o produto, significa que o est\u00e1 acima do valor do qual o produtor julga ter. No sistema de precifica\u00e7\u00e3o \u00e9 utilizada a dedu\u00e7\u00e3o de valor subjetivo que a maioria dos consumidores estar\u00e3o dispostos a concordar.<\/p>\n<p style=\"text-align: justify;\">Um segundo fator que influencia no pre\u00e7o \u00e9 a famosa lei de oferta e demanda. Essa dispensa muitas explica\u00e7\u00f5es, quando h\u00e1 muita oferta e pouca demanda; pre\u00e7os baixos. Pouca oferta e muita demanda; pre\u00e7os altos. H\u00e1 outros fatores, mas esses s\u00e3o os mais importantes.<\/p>\n<p style=\"text-align: justify;\">Com essa explica\u00e7\u00e3o j\u00e1 d\u00e1 para entender o motivo do pre\u00e7o ter subido tanto, com a demanda crescendo e o valor subjetivo de cada consumidor sobre esse produto tamb\u00e9m crescendo, os pre\u00e7os disparam. \u00c9 algo completamente natural da economia.<\/p>\n<p style=\"text-align: justify;\"><strong>\u00a0<\/strong><strong>Mas deve o governo impedir esse aumento de pre\u00e7os? <\/strong><\/p>\n<p style=\"text-align: justify;\">N\u00e3o. O governo n\u00e3o deve interferir na economia. Por mais que no come\u00e7o haja um desconforto em rela\u00e7\u00e3o ao pre\u00e7o, com pouco tempo ele volta a se ajustar normalmente. Ao realizar controle de pre\u00e7os, o governo piora a situa\u00e7\u00e3o que j\u00e1 est\u00e1 ruim.<\/p>\n<p style=\"text-align: justify;\">Pre\u00e7os s\u00e3o informa\u00e7\u00f5es para os produtores, e quando h\u00e1 o aumento dele significa que \u00e9 necess\u00e1rio produzir mais para suprir essa demanda. Caso haja controle de pre\u00e7os, os produtores n\u00e3o ter\u00e3o essa informa\u00e7\u00e3o e n\u00e3o ir\u00e3o aumentar a produ\u00e7\u00e3o. Isso, por exemplo, \u00e9 o que aconteceu na Uni\u00e3o Sovi\u00e9tica quando o governo controlou o pre\u00e7o da comida, gerando falta de comida e fome em massa. Assim como acontece na Venezuela.<\/p>\n<p style=\"text-align: justify;\">O aumento de pre\u00e7o do \u00e1lcool em gel \u00e9 algo completamente normal e logo ele se reajusta novamente. O governo intervir nisso que seria anormal. Nesse momento de calamidade, por parte do estado em rela\u00e7\u00e3o \u00e0 economia o melhor a se fazer \u00e9: nada.<\/p>\n<p style=\"text-align: justify;\"><em>Nota: Utiliza\u00e7\u00e3o de \u201cestado\u201d com \u201ce\u201d min\u00fasculo.<\/em><\/p>\n<p style=\"text-align: justify;\"><em>\u201cPovo\u201d e \u201cSociedade\u201d tamb\u00e9m s\u00e3o utilizados com letras min\u00fasculas e eles est\u00e3o acima do estado, sendo que sem eles o pr\u00f3prio estado n\u00e3o existiria. Portanto utilizarei com letra min\u00fascula tamb\u00e9m.<\/em><\/p>\n<p><em>*O texto \u00e9 de responsabilidade do autor.<\/em><\/p>\n","protected":false},"excerpt":{"rendered":"<p>Economia: Por Davi Carneiro* Com a pandemia de coronav\u00edrus no mundo, o pre\u00e7o de \u00e1lcool em gel sofreu uma enorme disparada, algo comum quando se tem um aumento de demanda por um bem, mas devido \u00e0s circunst\u00e2ncias atuais, \u00e9 errado as empresas aumentarem o pre\u00e7o?<\/p>\n","protected":false},"author":3,"featured_media":0,"comment_status":"open","ping_status":"open","sticky":false,"template":"","format":"standard","meta":[],"categories":[16],"tags":[],"yoast_head":"<!-- This site is optimized with the Yoast SEO plugin v15.6.2 - https:\/\/yoast.com\/wordpress\/plugins\/seo\/ -->\n<meta name=\"robots\" content=\"index, follow, max-snippet:-1, max-image-preview:large, max-video-preview:-1\" \/>\n<link rel=\"canonical\" href=\"http:\/\/www.polisrecreio.com.br\/site\/2020\/03\/20\/o-aumento-do-preco-de-alcool-em-gel-e-errado\/\" \/>\n<meta property=\"og:locale\" content=\"pt_BR\" \/>\n<meta property=\"og:type\" content=\"article\" \/>\n<meta property=\"og:title\" content=\"O aumento do pre\u00e7o de \u00e1lcool em gel \u00e9 errado? - P\u00f3lis Recreio\" \/>\n<meta property=\"og:description\" content=\"Economia: Por Davi Carneiro* Com a pandemia de coronav\u00edrus no mundo, o pre\u00e7o de \u00e1lcool em gel sofreu uma enorme disparada, algo comum quando se tem um aumento de demanda por um bem, mas devido \u00e0s circunst\u00e2ncias atuais, \u00e9 errado as empresas aumentarem o pre\u00e7o?\" \/>\n<meta property=\"og:url\" content=\"http:\/\/www.polisrecreio.com.br\/site\/2020\/03\/20\/o-aumento-do-preco-de-alcool-em-gel-e-errado\/\" \/>\n<meta property=\"og:site_name\" content=\"P\u00f3lis Recreio\" \/>\n<meta property=\"article:publisher\" content=\"https:\/\/www.facebook.com\/Site-P%c3%b3lis-Recreio-MG-181941708571019\/\" \/>\n<meta property=\"article:published_time\" content=\"2020-03-20T11:04:15+00:00\" \/>\n<meta property=\"og:image\" content=\"http:\/\/www.polisrecreio.com.br\/site\/wp-content\/uploads\/2020\/03\/thumbnail-1.jpg\" \/>\n<meta name=\"twitter:card\" content=\"summary_large_image\" \/>\n<meta name=\"twitter:creator\" content=\"@PolisRecreio\" \/>\n<meta name=\"twitter:site\" content=\"@PolisRecreio\" \/>\n<meta name=\"twitter:label1\" content=\"Est. reading time\">\n\t<meta name=\"twitter:data1\" content=\"3 minutos\">\n<script type=\"application\/ld+json\" class=\"yoast-schema-graph\">{\"@context\":\"https:\/\/schema.org\",\"@graph\":[{\"@type\":\"WebSite\",\"@id\":\"https:\/\/www.polisrecreio.com.br\/site\/#website\",\"url\":\"https:\/\/www.polisrecreio.com.br\/site\/\",\"name\":\"P\\u00f3lis Recreio\",\"description\":\"\",\"potentialAction\":[{\"@type\":\"SearchAction\",\"target\":\"https:\/\/www.polisrecreio.com.br\/site\/?s={search_term_string}\",\"query-input\":\"required name=search_term_string\"}],\"inLanguage\":\"pt-BR\"},{\"@type\":\"ImageObject\",\"@id\":\"http:\/\/www.polisrecreio.com.br\/site\/2020\/03\/20\/o-aumento-do-preco-de-alcool-em-gel-e-errado\/#primaryimage\",\"inLanguage\":\"pt-BR\",\"url\":\"http:\/\/www.polisrecreio.com.br\/site\/wp-content\/uploads\/2020\/03\/thumbnail-1.jpg\"},{\"@type\":\"WebPage\",\"@id\":\"http:\/\/www.polisrecreio.com.br\/site\/2020\/03\/20\/o-aumento-do-preco-de-alcool-em-gel-e-errado\/#webpage\",\"url\":\"http:\/\/www.polisrecreio.com.br\/site\/2020\/03\/20\/o-aumento-do-preco-de-alcool-em-gel-e-errado\/\",\"name\":\"O aumento do pre\\u00e7o de \\u00e1lcool em gel \\u00e9 errado? - P\\u00f3lis Recreio\",\"isPartOf\":{\"@id\":\"https:\/\/www.polisrecreio.com.br\/site\/#website\"},\"primaryImageOfPage\":{\"@id\":\"http:\/\/www.polisrecreio.com.br\/site\/2020\/03\/20\/o-aumento-do-preco-de-alcool-em-gel-e-errado\/#primaryimage\"},\"datePublished\":\"2020-03-20T11:04:15+00:00\",\"dateModified\":\"2020-03-20T11:04:15+00:00\",\"author\":{\"@id\":\"https:\/\/www.polisrecreio.com.br\/site\/#\/schema\/person\/3363c1c78e1e28e1329d97adb387638e\"},\"inLanguage\":\"pt-BR\",\"potentialAction\":[{\"@type\":\"ReadAction\",\"target\":[\"http:\/\/www.polisrecreio.com.br\/site\/2020\/03\/20\/o-aumento-do-preco-de-alcool-em-gel-e-errado\/\"]}]},{\"@type\":\"Person\",\"@id\":\"https:\/\/www.polisrecreio.com.br\/site\/#\/schema\/person\/3363c1c78e1e28e1329d97adb387638e\",\"name\":\"Leonardo Ribeiro\",\"image\":{\"@type\":\"ImageObject\",\"@id\":\"https:\/\/www.polisrecreio.com.br\/site\/#personlogo\",\"inLanguage\":\"pt-BR\",\"url\":\"https:\/\/secure.gravatar.com\/avatar\/6ba92a37d621e1a83e23710251178a12?s=96&d=mm&r=g\",\"caption\":\"Leonardo Ribeiro\"},\"sameAs\":[\"http:\/\/www.polisrecreio.com.br\"]}]}<\/script>\n<!-- \/ Yoast SEO plugin. -->","_links":{"self":[{"href":"https:\/\/www.polisrecreio.com.br\/site\/wp-json\/wp\/v2\/posts\/17019"}],"collection":[{"href":"https:\/\/www.polisrecreio.com.br\/site\/wp-json\/wp\/v2\/posts"}],"about":[{"href":"https:\/\/www.polisrecreio.com.br\/site\/wp-json\/wp\/v2\/types\/post"}],"author":[{"embeddable":true,"href":"https:\/\/www.polisrecreio.com.br\/site\/wp-json\/wp\/v2\/users\/3"}],"replies":[{"embeddable":true,"href":"https:\/\/www.polisrecreio.com.br\/site\/wp-json\/wp\/v2\/comments?post=17019"}],"version-history":[{"count":1,"href":"https:\/\/www.polisrecreio.com.br\/site\/wp-json\/wp\/v2\/posts\/17019\/revisions"}],"predecessor-version":[{"id":17020,"href":"https:\/\/www.polisrecreio.com.br\/site\/wp-json\/wp\/v2\/posts\/17019\/revisions\/17020"}],"wp:attachment":[{"href":"https:\/\/www.polisrecreio.com.br\/site\/wp-json\/wp\/v2\/media?parent=17019"}],"wp:term":[{"taxonomy":"category","embeddable":true,"href":"https:\/\/www.polisrecreio.com.br\/site\/wp-json\/wp\/v2\/categories?post=17019"},{"taxonomy":"post_tag","embeddable":true,"href":"https:\/\/www.polisrecreio.com.br\/site\/wp-json\/wp\/v2\/tags?post=17019"}],"curies":[{"name":"wp","href":"https:\/\/api.w.org\/{rel}","templated":true}]}}