{"id":17027,"date":"2020-03-21T17:10:40","date_gmt":"2020-03-21T20:10:40","guid":{"rendered":"http:\/\/www.polisrecreio.com.br\/site\/?p=17027"},"modified":"2020-03-21T17:29:30","modified_gmt":"2020-03-21T20:29:30","slug":"fechamento-de-comercios-interdicao-de-pracas-normas-para-funcionamento-de-bancos-e-do-transporte-coletivo-entenda-o-decreto-318","status":"publish","type":"post","link":"https:\/\/www.polisrecreio.com.br\/site\/2020\/03\/21\/fechamento-de-comercios-interdicao-de-pracas-normas-para-funcionamento-de-bancos-e-do-transporte-coletivo-entenda-o-decreto-318\/","title":{"rendered":"Fechamento de com\u00e9rcios, interdi\u00e7\u00e3o de pra\u00e7as, normas para funcionamento de bancos e do transporte coletivo, entenda o decreto 318"},"content":{"rendered":"<p style=\"text-align: justify;\">Neste s\u00e1bado (21) o prefeito de Recreio, Jos\u00e9 Maria Barros, tomou medidas mais severas com objetivo de conter a chegada do coronav\u00edrus no Munic\u00edpio. Por meio do <a href=\"http:\/\/recreio.mg.gov.br\/images\/Decretos\/2020\/decreto318.pdf\" target=\"_blank\" rel=\"noopener\">decreto 318\/2020<\/a> foi decretado o fechamento de com\u00e9rcios, a interdi\u00e7\u00e3o de pra\u00e7as, normas para funcionamento de bancos e do transporte coletivo. O chefe do executivo explicou que a medida \u00e9 com base no decreto do governador de Minas e em atendimento ao interesse coletivo.<\/p>\n<p><!--more--><\/p>\n<figure id=\"attachment_17028\" aria-describedby=\"caption-attachment-17028\" style=\"width: 750px\" class=\"wp-caption aligncenter\"><a href=\"http:\/\/www.polisrecreio.com.br\/site\/wp-content\/uploads\/2020\/03\/pre.jpg\"><img loading=\"lazy\" class=\"size-full wp-image-17028\" src=\"http:\/\/www.polisrecreio.com.br\/site\/wp-content\/uploads\/2020\/03\/pre.jpg\" alt=\"\" width=\"750\" height=\"404\" srcset=\"https:\/\/www.polisrecreio.com.br\/site\/wp-content\/uploads\/2020\/03\/pre.jpg 750w, https:\/\/www.polisrecreio.com.br\/site\/wp-content\/uploads\/2020\/03\/pre-300x162.jpg 300w\" sizes=\"(max-width: 750px) 100vw, 750px\" \/><\/a><figcaption id=\"caption-attachment-17028\" class=\"wp-caption-text\">Prefeito de Recreio, Jos\u00e9 Maria Barros.<\/figcaption><\/figure>\n<p style=\"text-align: justify;\">Entenda o decreto municipal:<\/p>\n<p style=\"text-align: justify;\"><strong>Com\u00e9rcios<\/strong><\/p>\n<p style=\"text-align: justify;\">Os estabelecimentos comerciais ficam proibidos de funcionar, com exce\u00e7\u00e3o dos laborat\u00f3rios de an\u00e1lises cl\u00ednicas e postos de coleta; consult\u00f3rios m\u00e9dicos e odontol\u00f3gicos; lojas de produtos animais e cl\u00ednicas veterin\u00e1rias; a\u00e7ougues e padarias; postos de combust\u00edveis; funer\u00e1rias; revendedores e distribuidores de g\u00e1s de cozinha; emissoras de r\u00e1dio e jornais.<\/p>\n<p style=\"text-align: justify;\">Restaurantes, bares, lanchonetes e distribuidores de bebidas poder\u00e3o funcionar para a realiza\u00e7\u00e3o de entrega a domic\u00edlio, sem a presen\u00e7a de p\u00fablico.<\/p>\n<p style=\"text-align: justify;\"><strong>Bancos<\/strong><\/p>\n<ul>\n<li style=\"text-align: justify;\">Casa lot\u00e9rica, bancos e correspondente banc\u00e1rios poder\u00e3o funcionar com no m\u00e1ximo 4 pessoas com dist\u00e2ncia de no m\u00ednimo 1,5 m na fila, sem aglomera\u00e7\u00e3o.<\/li>\n<\/ul>\n<p style=\"text-align: justify;\"><strong>Pra\u00e7as<\/strong><\/p>\n<ul>\n<li style=\"text-align: justify;\">Todas as pra\u00e7as de Recreio, Concei\u00e7\u00e3o da Boa Vista, Angaturama e Barreiros est\u00e3o interditadas para evitar o movimento de pessoas, principalmente, a aglomera\u00e7\u00e3o de idosos.<\/li>\n<\/ul>\n<p style=\"text-align: justify;\"><strong>Prefeitura<\/strong><\/p>\n<ul>\n<li style=\"text-align: justify;\">Est\u00e3o suspensos o expediente externo e o atendimento presencial da Prefeitura, das secretarias e do SAAE, com exce\u00e7\u00e3o dos servi\u00e7os essenciais;<\/li>\n<\/ul>\n<p style=\"text-align: justify;\"><strong>Transporte coletivo<\/strong><\/p>\n<ul>\n<li style=\"text-align: justify;\">Os \u00f4nibus intermunicipais s\u00f3 poder\u00e3o transitar com metade da capacidade. Aqueles que trafegam dentro das cidades e os rurais, ter\u00e3o que respeitar a capacidade de lota\u00e7\u00e3o de passageiros sentados. Os \u00f4nibus e vans interestaduais n\u00e3o poder\u00e3o entrar e sair do munic\u00edpio, conforme normatizado pelo decreto do Governo do Estado de Minas Gerais.<\/li>\n<\/ul>\n<p style=\"text-align: justify;\">As aulas tamb\u00e9m sofreram altera\u00e7\u00e3o por causa da preven\u00e7\u00e3o ao coronav\u00edrus. Em todas as redes (municipal, estadual e particular) elas est\u00e3o suspensas por tempo indeterminado.<\/p>\n<p style=\"text-align: justify;\">Segundo o decreto de Recreio, o descumprimento das medidas previstas no documento importar\u00e1 descumprimento de medida compuls\u00f3ria imposta pelo poder p\u00fablico em prol da sa\u00fade p\u00fablica e do controle e conten\u00e7\u00e3o de pandemia mundial, sendo pass\u00edvel de puni\u00e7\u00e3o nos termos dos artigos 132, 268 e 329 todos do C\u00f3digo Penal Brasileiro bem como apurar face a eventuais pr\u00e1ticas de infra\u00e7\u00f5es administrativas previstas no artigo 10 da Lei Federal n\u00ba 6.437, de 20 de agosto de 1977.<\/p>\n<p style=\"text-align: justify;\">Todos as normas estar\u00e3o em vigor enquanto durar o estado de emerg\u00eancia causado pelo coronav\u00edrus.<\/p>\n<p style=\"text-align: justify;\">\u201cN\u00e3o queremos a nossa popula\u00e7\u00e3o contando os seus mortos. Vamos juntos tentar impedir que este mal que assola o mundo chegue at\u00e9 n\u00f3s e que Deus nos ajude a superar este momento que \u00e9 muito dif\u00edcil\u201d, disse o prefeito de Recreio em <a href=\"https:\/\/www.facebook.com\/prefeituraderecreio\/videos\/2509879529275042\/\" target=\"_blank\" rel=\"noopener\">v\u00eddeo<\/a>.<\/p>\n","protected":false},"excerpt":{"rendered":"<p>Neste s\u00e1bado (21) o prefeito de Recreio, Jos\u00e9 Maria Barros, tomou medidas mais severas com objetivo de conter a chegada do coronav\u00edrus no Munic\u00edpio. Por meio do decreto 318\/2020 foi decretado o fechamento de com\u00e9rcios, a interdi\u00e7\u00e3o de pra\u00e7as, normas para funcionamento de bancos e do transporte coletivo. O chefe do executivo explicou que a [&hellip;]<\/p>\n","protected":false},"author":3,"featured_media":17028,"comment_status":"open","ping_status":"open","sticky":false,"template":"","format":"standard","meta":[],"categories":[6],"tags":[],"yoast_head":"<!-- This site is optimized with the Yoast SEO plugin v15.6.2 - https:\/\/yoast.com\/wordpress\/plugins\/seo\/ -->\n<meta name=\"robots\" content=\"index, follow, max-snippet:-1, max-image-preview:large, max-video-preview:-1\" \/>\n<link rel=\"canonical\" href=\"http:\/\/www.polisrecreio.com.br\/site\/2020\/03\/21\/fechamento-de-comercios-interdicao-de-pracas-normas-para-funcionamento-de-bancos-e-do-transporte-coletivo-entenda-o-decreto-318\/\" \/>\n<meta property=\"og:locale\" content=\"pt_BR\" \/>\n<meta property=\"og:type\" content=\"article\" \/>\n<meta property=\"og:title\" content=\"Fechamento de com\u00e9rcios, interdi\u00e7\u00e3o de pra\u00e7as, normas para funcionamento de bancos e do transporte coletivo, entenda o decreto 318 - P\u00f3lis Recreio\" \/>\n<meta property=\"og:description\" content=\"Neste s\u00e1bado (21) o prefeito de Recreio, Jos\u00e9 Maria Barros, tomou medidas mais severas com objetivo de conter a chegada do coronav\u00edrus no Munic\u00edpio. Por meio do decreto 318\/2020 foi decretado o fechamento de com\u00e9rcios, a interdi\u00e7\u00e3o de pra\u00e7as, normas para funcionamento de bancos e do transporte coletivo. O chefe do executivo explicou que a [&hellip;]\" \/>\n<meta property=\"og:url\" content=\"http:\/\/www.polisrecreio.com.br\/site\/2020\/03\/21\/fechamento-de-comercios-interdicao-de-pracas-normas-para-funcionamento-de-bancos-e-do-transporte-coletivo-entenda-o-decreto-318\/\" \/>\n<meta property=\"og:site_name\" content=\"P\u00f3lis Recreio\" \/>\n<meta property=\"article:publisher\" content=\"https:\/\/www.facebook.com\/Site-P%c3%b3lis-Recreio-MG-181941708571019\/\" \/>\n<meta property=\"article:published_time\" content=\"2020-03-21T20:10:40+00:00\" \/>\n<meta property=\"article:modified_time\" content=\"2020-03-21T20:29:30+00:00\" \/>\n<meta property=\"og:image\" content=\"https:\/\/www.polisrecreio.com.br\/site\/wp-content\/uploads\/2020\/03\/pre.jpg\" \/>\n\t<meta property=\"og:image:width\" content=\"750\" \/>\n\t<meta property=\"og:image:height\" content=\"404\" \/>\n<meta name=\"twitter:card\" content=\"summary_large_image\" \/>\n<meta name=\"twitter:creator\" content=\"@PolisRecreio\" \/>\n<meta name=\"twitter:site\" content=\"@PolisRecreio\" \/>\n<meta name=\"twitter:label1\" content=\"Est. reading time\">\n\t<meta name=\"twitter:data1\" content=\"3 minutos\">\n<script type=\"application\/ld+json\" class=\"yoast-schema-graph\">{\"@context\":\"https:\/\/schema.org\",\"@graph\":[{\"@type\":\"WebSite\",\"@id\":\"https:\/\/www.polisrecreio.com.br\/site\/#website\",\"url\":\"https:\/\/www.polisrecreio.com.br\/site\/\",\"name\":\"P\\u00f3lis Recreio\",\"description\":\"\",\"potentialAction\":[{\"@type\":\"SearchAction\",\"target\":\"https:\/\/www.polisrecreio.com.br\/site\/?s={search_term_string}\",\"query-input\":\"required name=search_term_string\"}],\"inLanguage\":\"pt-BR\"},{\"@type\":\"ImageObject\",\"@id\":\"http:\/\/www.polisrecreio.com.br\/site\/2020\/03\/21\/fechamento-de-comercios-interdicao-de-pracas-normas-para-funcionamento-de-bancos-e-do-transporte-coletivo-entenda-o-decreto-318\/#primaryimage\",\"inLanguage\":\"pt-BR\",\"url\":\"https:\/\/www.polisrecreio.com.br\/site\/wp-content\/uploads\/2020\/03\/pre.jpg\",\"width\":750,\"height\":404,\"caption\":\"Prefeito de Recreio, Jos\\u00e9 Maria Barros.\"},{\"@type\":\"WebPage\",\"@id\":\"http:\/\/www.polisrecreio.com.br\/site\/2020\/03\/21\/fechamento-de-comercios-interdicao-de-pracas-normas-para-funcionamento-de-bancos-e-do-transporte-coletivo-entenda-o-decreto-318\/#webpage\",\"url\":\"http:\/\/www.polisrecreio.com.br\/site\/2020\/03\/21\/fechamento-de-comercios-interdicao-de-pracas-normas-para-funcionamento-de-bancos-e-do-transporte-coletivo-entenda-o-decreto-318\/\",\"name\":\"Fechamento de com\\u00e9rcios, interdi\\u00e7\\u00e3o de pra\\u00e7as, normas para funcionamento de bancos e do transporte coletivo, entenda o decreto 318 - P\\u00f3lis Recreio\",\"isPartOf\":{\"@id\":\"https:\/\/www.polisrecreio.com.br\/site\/#website\"},\"primaryImageOfPage\":{\"@id\":\"http:\/\/www.polisrecreio.com.br\/site\/2020\/03\/21\/fechamento-de-comercios-interdicao-de-pracas-normas-para-funcionamento-de-bancos-e-do-transporte-coletivo-entenda-o-decreto-318\/#primaryimage\"},\"datePublished\":\"2020-03-21T20:10:40+00:00\",\"dateModified\":\"2020-03-21T20:29:30+00:00\",\"author\":{\"@id\":\"https:\/\/www.polisrecreio.com.br\/site\/#\/schema\/person\/3363c1c78e1e28e1329d97adb387638e\"},\"inLanguage\":\"pt-BR\",\"potentialAction\":[{\"@type\":\"ReadAction\",\"target\":[\"http:\/\/www.polisrecreio.com.br\/site\/2020\/03\/21\/fechamento-de-comercios-interdicao-de-pracas-normas-para-funcionamento-de-bancos-e-do-transporte-coletivo-entenda-o-decreto-318\/\"]}]},{\"@type\":\"Person\",\"@id\":\"https:\/\/www.polisrecreio.com.br\/site\/#\/schema\/person\/3363c1c78e1e28e1329d97adb387638e\",\"name\":\"Leonardo Ribeiro\",\"image\":{\"@type\":\"ImageObject\",\"@id\":\"https:\/\/www.polisrecreio.com.br\/site\/#personlogo\",\"inLanguage\":\"pt-BR\",\"url\":\"https:\/\/secure.gravatar.com\/avatar\/6ba92a37d621e1a83e23710251178a12?s=96&d=mm&r=g\",\"caption\":\"Leonardo Ribeiro\"},\"sameAs\":[\"http:\/\/www.polisrecreio.com.br\"]}]}<\/script>\n<!-- \/ Yoast SEO plugin. -->","_links":{"self":[{"href":"https:\/\/www.polisrecreio.com.br\/site\/wp-json\/wp\/v2\/posts\/17027"}],"collection":[{"href":"https:\/\/www.polisrecreio.com.br\/site\/wp-json\/wp\/v2\/posts"}],"about":[{"href":"https:\/\/www.polisrecreio.com.br\/site\/wp-json\/wp\/v2\/types\/post"}],"author":[{"embeddable":true,"href":"https:\/\/www.polisrecreio.com.br\/site\/wp-json\/wp\/v2\/users\/3"}],"replies":[{"embeddable":true,"href":"https:\/\/www.polisrecreio.com.br\/site\/wp-json\/wp\/v2\/comments?post=17027"}],"version-history":[{"count":4,"href":"https:\/\/www.polisrecreio.com.br\/site\/wp-json\/wp\/v2\/posts\/17027\/revisions"}],"predecessor-version":[{"id":17032,"href":"https:\/\/www.polisrecreio.com.br\/site\/wp-json\/wp\/v2\/posts\/17027\/revisions\/17032"}],"wp:featuredmedia":[{"embeddable":true,"href":"https:\/\/www.polisrecreio.com.br\/site\/wp-json\/wp\/v2\/media\/17028"}],"wp:attachment":[{"href":"https:\/\/www.polisrecreio.com.br\/site\/wp-json\/wp\/v2\/media?parent=17027"}],"wp:term":[{"taxonomy":"category","embeddable":true,"href":"https:\/\/www.polisrecreio.com.br\/site\/wp-json\/wp\/v2\/categories?post=17027"},{"taxonomy":"post_tag","embeddable":true,"href":"https:\/\/www.polisrecreio.com.br\/site\/wp-json\/wp\/v2\/tags?post=17027"}],"curies":[{"name":"wp","href":"https:\/\/api.w.org\/{rel}","templated":true}]}}