{"id":17034,"date":"2020-03-22T10:12:40","date_gmt":"2020-03-22T13:12:40","guid":{"rendered":"http:\/\/www.polisrecreio.com.br\/site\/?p=17034"},"modified":"2020-03-22T10:12:40","modified_gmt":"2020-03-22T13:12:40","slug":"agricultores-de-recreio-se-destacaram-em-2019-segundo-emater-mg","status":"publish","type":"post","link":"https:\/\/www.polisrecreio.com.br\/site\/2020\/03\/22\/agricultores-de-recreio-se-destacaram-em-2019-segundo-emater-mg\/","title":{"rendered":"Agricultores de Recreio se destacaram em 2019, segundo EMATER\/MG"},"content":{"rendered":"<p style=\"text-align: justify;\">O casal, Jorge Luiz de Souza Pina e Valma L\u00facia Cez\u00e1rio Lima, agricultores de Recreio se destacaram em 2019, segundo o t\u00e9cnico extensionista da EMATER\/MG, Jo\u00e3o Guilherme Marchito. A men\u00e7\u00e3o aconteceu na \u00faltima segunda-feira (16) durante a sess\u00e3o da C\u00e2mara Municipal com apresenta\u00e7\u00e3o do Relat\u00f3rio Anual de Atividades em Recreio da EMATER.<\/p>\n<p><!--more--><\/p>\n<figure id=\"attachment_17036\" aria-describedby=\"caption-attachment-17036\" style=\"width: 750px\" class=\"wp-caption aligncenter\"><a href=\"http:\/\/www.polisrecreio.com.br\/site\/wp-content\/uploads\/2020\/03\/DSC_0032.jpg\"><img loading=\"lazy\" class=\"size-full wp-image-17036\" src=\"http:\/\/www.polisrecreio.com.br\/site\/wp-content\/uploads\/2020\/03\/DSC_0032.jpg\" alt=\"\" width=\"750\" height=\"500\" srcset=\"https:\/\/www.polisrecreio.com.br\/site\/wp-content\/uploads\/2020\/03\/DSC_0032.jpg 750w, https:\/\/www.polisrecreio.com.br\/site\/wp-content\/uploads\/2020\/03\/DSC_0032-300x200.jpg 300w\" sizes=\"(max-width: 750px) 100vw, 750px\" \/><\/a><figcaption id=\"caption-attachment-17036\" class=\"wp-caption-text\">Presidente do Sindicato, t\u00e9cnico da EMATER, assistente da EMATER, agricultores e prefeito de Recreio.<\/figcaption><\/figure>\n<p style=\"text-align: justify;\">Os agricultores, residentes no distrito de Concei\u00e7\u00e3o da Boa Vista, cultivam jil\u00f3, ab\u00f3bora, quiabo, banana, coco e outros. A propriedade de cultivo fica na estrada Recreio-Pirapetinga. Os produtos abastecem diversos mercados e supermercados, inclusive, de outras cidades.<\/p>\n<p style=\"text-align: justify;\">A sess\u00e3o da C\u00e2mara, ainda com a participa\u00e7\u00e3o de p\u00fablico, j\u00e1 que a partir desta semana as reuni\u00f5es n\u00e3o poder\u00e3o mais ser abertas a todos por precau\u00e7\u00e3o ao coronav\u00edrus, contou com a presen\u00e7a do prefeito de Recreio, Jos\u00e9 Maria Barros; do presidente do Sindicato Rural de Recreio, Jair Rodrigues; e da assistente da EMATER, C\u00edntia Coimbra.<\/p>\n<figure id=\"attachment_17035\" aria-describedby=\"caption-attachment-17035\" style=\"width: 750px\" class=\"wp-caption aligncenter\"><a href=\"http:\/\/www.polisrecreio.com.br\/site\/wp-content\/uploads\/2020\/03\/DSC_0026.jpg\"><img loading=\"lazy\" class=\"size-full wp-image-17035\" src=\"http:\/\/www.polisrecreio.com.br\/site\/wp-content\/uploads\/2020\/03\/DSC_0026.jpg\" alt=\"\" width=\"750\" height=\"500\" srcset=\"https:\/\/www.polisrecreio.com.br\/site\/wp-content\/uploads\/2020\/03\/DSC_0026.jpg 750w, https:\/\/www.polisrecreio.com.br\/site\/wp-content\/uploads\/2020\/03\/DSC_0026-300x200.jpg 300w\" sizes=\"(max-width: 750px) 100vw, 750px\" \/><\/a><figcaption id=\"caption-attachment-17035\" class=\"wp-caption-text\">T\u00e9cnico da EMATER apresentando relat\u00f3rio.<\/figcaption><\/figure>\n<p style=\"text-align: justify;\">\n","protected":false},"excerpt":{"rendered":"<p>O casal, Jorge Luiz de Souza Pina e Valma L\u00facia Cez\u00e1rio Lima, agricultores de Recreio se destacaram em 2019, segundo o t\u00e9cnico extensionista da EMATER\/MG, Jo\u00e3o Guilherme Marchito. A men\u00e7\u00e3o aconteceu na \u00faltima segunda-feira (16) durante a sess\u00e3o da C\u00e2mara Municipal com apresenta\u00e7\u00e3o do Relat\u00f3rio Anual de Atividades em Recreio da EMATER.<\/p>\n","protected":false},"author":3,"featured_media":17036,"comment_status":"open","ping_status":"open","sticky":false,"template":"","format":"standard","meta":[],"categories":[6],"tags":[],"yoast_head":"<!-- This site is optimized with the Yoast SEO plugin v15.6.2 - https:\/\/yoast.com\/wordpress\/plugins\/seo\/ -->\n<meta name=\"robots\" content=\"index, follow, max-snippet:-1, max-image-preview:large, max-video-preview:-1\" \/>\n<link rel=\"canonical\" href=\"http:\/\/www.polisrecreio.com.br\/site\/2020\/03\/22\/agricultores-de-recreio-se-destacaram-em-2019-segundo-emater-mg\/\" \/>\n<meta property=\"og:locale\" content=\"pt_BR\" \/>\n<meta property=\"og:type\" content=\"article\" \/>\n<meta property=\"og:title\" content=\"Agricultores de Recreio se destacaram em 2019, segundo EMATER\/MG - P\u00f3lis Recreio\" \/>\n<meta property=\"og:description\" content=\"O casal, Jorge Luiz de Souza Pina e Valma L\u00facia Cez\u00e1rio Lima, agricultores de Recreio se destacaram em 2019, segundo o t\u00e9cnico extensionista da EMATER\/MG, Jo\u00e3o Guilherme Marchito. A men\u00e7\u00e3o aconteceu na \u00faltima segunda-feira (16) durante a sess\u00e3o da C\u00e2mara Municipal com apresenta\u00e7\u00e3o do Relat\u00f3rio Anual de Atividades em Recreio da EMATER.\" \/>\n<meta property=\"og:url\" content=\"http:\/\/www.polisrecreio.com.br\/site\/2020\/03\/22\/agricultores-de-recreio-se-destacaram-em-2019-segundo-emater-mg\/\" \/>\n<meta property=\"og:site_name\" content=\"P\u00f3lis Recreio\" \/>\n<meta property=\"article:publisher\" content=\"https:\/\/www.facebook.com\/Site-P%c3%b3lis-Recreio-MG-181941708571019\/\" \/>\n<meta property=\"article:published_time\" content=\"2020-03-22T13:12:40+00:00\" \/>\n<meta property=\"og:image\" content=\"https:\/\/www.polisrecreio.com.br\/site\/wp-content\/uploads\/2020\/03\/DSC_0032.jpg\" \/>\n\t<meta property=\"og:image:width\" content=\"750\" \/>\n\t<meta property=\"og:image:height\" content=\"500\" \/>\n<meta name=\"twitter:card\" content=\"summary_large_image\" \/>\n<meta name=\"twitter:creator\" content=\"@PolisRecreio\" \/>\n<meta name=\"twitter:site\" content=\"@PolisRecreio\" \/>\n<meta name=\"twitter:label1\" content=\"Est. reading time\">\n\t<meta name=\"twitter:data1\" content=\"1 minuto\">\n<script type=\"application\/ld+json\" class=\"yoast-schema-graph\">{\"@context\":\"https:\/\/schema.org\",\"@graph\":[{\"@type\":\"WebSite\",\"@id\":\"https:\/\/www.polisrecreio.com.br\/site\/#website\",\"url\":\"https:\/\/www.polisrecreio.com.br\/site\/\",\"name\":\"P\\u00f3lis Recreio\",\"description\":\"\",\"potentialAction\":[{\"@type\":\"SearchAction\",\"target\":\"https:\/\/www.polisrecreio.com.br\/site\/?s={search_term_string}\",\"query-input\":\"required name=search_term_string\"}],\"inLanguage\":\"pt-BR\"},{\"@type\":\"ImageObject\",\"@id\":\"http:\/\/www.polisrecreio.com.br\/site\/2020\/03\/22\/agricultores-de-recreio-se-destacaram-em-2019-segundo-emater-mg\/#primaryimage\",\"inLanguage\":\"pt-BR\",\"url\":\"https:\/\/www.polisrecreio.com.br\/site\/wp-content\/uploads\/2020\/03\/DSC_0032.jpg\",\"width\":750,\"height\":500,\"caption\":\"Presidente do Sindicato, t\\u00e9cnico da EMATER, assistente da EMATER, agricultores e prefeito de Recreio.\"},{\"@type\":\"WebPage\",\"@id\":\"http:\/\/www.polisrecreio.com.br\/site\/2020\/03\/22\/agricultores-de-recreio-se-destacaram-em-2019-segundo-emater-mg\/#webpage\",\"url\":\"http:\/\/www.polisrecreio.com.br\/site\/2020\/03\/22\/agricultores-de-recreio-se-destacaram-em-2019-segundo-emater-mg\/\",\"name\":\"Agricultores de Recreio se destacaram em 2019, segundo EMATER\/MG - P\\u00f3lis Recreio\",\"isPartOf\":{\"@id\":\"https:\/\/www.polisrecreio.com.br\/site\/#website\"},\"primaryImageOfPage\":{\"@id\":\"http:\/\/www.polisrecreio.com.br\/site\/2020\/03\/22\/agricultores-de-recreio-se-destacaram-em-2019-segundo-emater-mg\/#primaryimage\"},\"datePublished\":\"2020-03-22T13:12:40+00:00\",\"dateModified\":\"2020-03-22T13:12:40+00:00\",\"author\":{\"@id\":\"https:\/\/www.polisrecreio.com.br\/site\/#\/schema\/person\/3363c1c78e1e28e1329d97adb387638e\"},\"inLanguage\":\"pt-BR\",\"potentialAction\":[{\"@type\":\"ReadAction\",\"target\":[\"http:\/\/www.polisrecreio.com.br\/site\/2020\/03\/22\/agricultores-de-recreio-se-destacaram-em-2019-segundo-emater-mg\/\"]}]},{\"@type\":\"Person\",\"@id\":\"https:\/\/www.polisrecreio.com.br\/site\/#\/schema\/person\/3363c1c78e1e28e1329d97adb387638e\",\"name\":\"Leonardo Ribeiro\",\"image\":{\"@type\":\"ImageObject\",\"@id\":\"https:\/\/www.polisrecreio.com.br\/site\/#personlogo\",\"inLanguage\":\"pt-BR\",\"url\":\"https:\/\/secure.gravatar.com\/avatar\/6ba92a37d621e1a83e23710251178a12?s=96&d=mm&r=g\",\"caption\":\"Leonardo Ribeiro\"},\"sameAs\":[\"http:\/\/www.polisrecreio.com.br\"]}]}<\/script>\n<!-- \/ Yoast SEO plugin. -->","_links":{"self":[{"href":"https:\/\/www.polisrecreio.com.br\/site\/wp-json\/wp\/v2\/posts\/17034"}],"collection":[{"href":"https:\/\/www.polisrecreio.com.br\/site\/wp-json\/wp\/v2\/posts"}],"about":[{"href":"https:\/\/www.polisrecreio.com.br\/site\/wp-json\/wp\/v2\/types\/post"}],"author":[{"embeddable":true,"href":"https:\/\/www.polisrecreio.com.br\/site\/wp-json\/wp\/v2\/users\/3"}],"replies":[{"embeddable":true,"href":"https:\/\/www.polisrecreio.com.br\/site\/wp-json\/wp\/v2\/comments?post=17034"}],"version-history":[{"count":1,"href":"https:\/\/www.polisrecreio.com.br\/site\/wp-json\/wp\/v2\/posts\/17034\/revisions"}],"predecessor-version":[{"id":17037,"href":"https:\/\/www.polisrecreio.com.br\/site\/wp-json\/wp\/v2\/posts\/17034\/revisions\/17037"}],"wp:featuredmedia":[{"embeddable":true,"href":"https:\/\/www.polisrecreio.com.br\/site\/wp-json\/wp\/v2\/media\/17036"}],"wp:attachment":[{"href":"https:\/\/www.polisrecreio.com.br\/site\/wp-json\/wp\/v2\/media?parent=17034"}],"wp:term":[{"taxonomy":"category","embeddable":true,"href":"https:\/\/www.polisrecreio.com.br\/site\/wp-json\/wp\/v2\/categories?post=17034"},{"taxonomy":"post_tag","embeddable":true,"href":"https:\/\/www.polisrecreio.com.br\/site\/wp-json\/wp\/v2\/tags?post=17034"}],"curies":[{"name":"wp","href":"https:\/\/api.w.org\/{rel}","templated":true}]}}