{"id":17038,"date":"2020-03-22T12:23:06","date_gmt":"2020-03-22T15:23:06","guid":{"rendered":"http:\/\/www.polisrecreio.com.br\/site\/?p=17038"},"modified":"2020-03-22T12:27:04","modified_gmt":"2020-03-22T15:27:04","slug":"pracas-de-recreio-sao-interditadas-mas-alguns-nao-respeitam-a-medida","status":"publish","type":"post","link":"https:\/\/www.polisrecreio.com.br\/site\/2020\/03\/22\/pracas-de-recreio-sao-interditadas-mas-alguns-nao-respeitam-a-medida\/","title":{"rendered":"Pra\u00e7as de Recreio s\u00e3o interditadas, mas alguns n\u00e3o respeitam a medida"},"content":{"rendered":"<p style=\"text-align: justify;\">O artigo 5\u00ba do <a href=\"http:\/\/recreio.mg.gov.br\/images\/Decretos\/2020\/decreto318.pdf\" target=\"_blank\" rel=\"noopener\">decreto 318<\/a>, assinado pelo prefeito de Recreio, Jos\u00e9 Maria Barros, no s\u00e1bado (21) definiu a interdi\u00e7\u00e3o de todas as pra\u00e7as do Munic\u00edpio. Faixas foram afixadas para sinalizar o isolamento. A medida \u00e9 para evitar a aglomera\u00e7\u00e3o de pessoas nestes espa\u00e7os como forma de precaver a chegada do novo coronav\u00edrus. Por\u00e9m, na manh\u00e3 deste domingo (22) v\u00e1rios internautas flagraram algumas pra\u00e7as sem as faixas e com pessoas.<\/p>\n<p><!--more--><\/p>\n<figure id=\"attachment_17039\" aria-describedby=\"caption-attachment-17039\" style=\"width: 750px\" class=\"wp-caption aligncenter\"><a href=\"http:\/\/www.polisrecreio.com.br\/site\/wp-content\/uploads\/2020\/03\/pra\u00e7as.jpg\"><img loading=\"lazy\" class=\"size-full wp-image-17039\" src=\"http:\/\/www.polisrecreio.com.br\/site\/wp-content\/uploads\/2020\/03\/pra\u00e7as.jpg\" alt=\"\" width=\"750\" height=\"500\" srcset=\"https:\/\/www.polisrecreio.com.br\/site\/wp-content\/uploads\/2020\/03\/pra\u00e7as.jpg 750w, https:\/\/www.polisrecreio.com.br\/site\/wp-content\/uploads\/2020\/03\/pra\u00e7as-300x200.jpg 300w\" sizes=\"(max-width: 750px) 100vw, 750px\" \/><\/a><figcaption id=\"caption-attachment-17039\" class=\"wp-caption-text\">Pra\u00e7a Am\u00e9rico Sim\u00e3o.<\/figcaption><\/figure>\n<p style=\"text-align: justify;\">O decreto municipal em seu artigo 8\u00ba diz que em caso de descumprimento das medidas previstas neste decreto importar\u00e1 em descumprimento de medida compuls\u00f3ria imposta pelo poder p\u00fablico em prol da sa\u00fade p\u00fablica e do controle e conten\u00e7\u00e3o de pandemia mundial, sendo pass\u00edvel de puni\u00e7\u00e3o nos termos dos artigos 132, 268 e 329 todos do C\u00f3digo Penal Brasileiro bem como apurar face a eventuais pr\u00e1ticas de infra\u00e7\u00f5es administrativas previstas no artigo 10 da Lei Federal n\u00ba 6.437, de 20 de agosto de 1977.<\/p>\n<p style=\"text-align: justify;\">O Site P\u00f3lis lembra que at\u00e9 o momento, conforme informa\u00e7\u00f5es da Prefeitura Municipal, por meio da Secretaria Municipal de Sa\u00fade, n\u00e3o h\u00e1 caso suspeito do novo coronav\u00edrus em Recreio.<\/p>\n<p style=\"text-align: justify;\"><strong>As medidas do decreto<\/strong><\/p>\n<p style=\"text-align: justify;\"><strong>Com\u00e9rcios<\/strong><\/p>\n<p style=\"text-align: justify;\">Os estabelecimentos comerciais ficam proibidos de funcionar, com exce\u00e7\u00e3o dos laborat\u00f3rios de an\u00e1lises cl\u00ednicas e postos de coleta; consult\u00f3rios m\u00e9dicos e odontol\u00f3gicos; lojas de produtos animais e cl\u00ednicas veterin\u00e1rias; a\u00e7ougues e padarias; postos de combust\u00edveis; funer\u00e1rias; revendedores e distribuidores de g\u00e1s de cozinha; emissoras de r\u00e1dio e jornais.<\/p>\n<p style=\"text-align: justify;\">Restaurantes, bares, lanchonetes e distribuidores de bebidas poder\u00e3o funcionar para a realiza\u00e7\u00e3o de entrega a domic\u00edlio, sem a presen\u00e7a de p\u00fablico.<\/p>\n<p style=\"text-align: justify;\"><strong>Bancos<\/strong><\/p>\n<ul style=\"text-align: justify;\">\n<li>Casa lot\u00e9rica, bancos e correspondente banc\u00e1rios poder\u00e3o funcionar com no m\u00e1ximo 4 pessoas com dist\u00e2ncia de no m\u00ednimo 1,5 m na fila, sem aglomera\u00e7\u00e3o.<\/li>\n<\/ul>\n<p style=\"text-align: justify;\"><strong>Pra\u00e7as<\/strong><\/p>\n<ul style=\"text-align: justify;\">\n<li>Todas as pra\u00e7as de Recreio, Concei\u00e7\u00e3o da Boa Vista, Angaturama e Barreiros est\u00e3o interditadas para evitar o movimento de pessoas, principalmente, a aglomera\u00e7\u00e3o de idosos.<\/li>\n<\/ul>\n<p style=\"text-align: justify;\"><strong>Prefeitura<\/strong><\/p>\n<ul style=\"text-align: justify;\">\n<li>Est\u00e3o suspensos o expediente externo e o atendimento presencial da Prefeitura, das secretarias e do SAAE, com exce\u00e7\u00e3o dos servi\u00e7os essenciais;<\/li>\n<\/ul>\n<p style=\"text-align: justify;\"><strong>Transporte coletivo<\/strong><\/p>\n<p style=\"text-align: justify;\">Os \u00f4nibus intermunicipais s\u00f3 poder\u00e3o transitar com metade da capacidade. Aqueles que trafegam dentro das cidades e os rurais, ter\u00e3o que respeitar a capacidade de lota\u00e7\u00e3o de passageiros sentados. Os \u00f4nibus e vans interestaduais n\u00e3o poder\u00e3o entrar e sair do munic\u00edpio, conforme normatizado pelo decreto do Governo do Estado de Minas Gerais.<\/p>\n","protected":false},"excerpt":{"rendered":"<p>O artigo 5\u00ba do decreto 318, assinado pelo prefeito de Recreio, Jos\u00e9 Maria Barros, no s\u00e1bado (21) definiu a interdi\u00e7\u00e3o de todas as pra\u00e7as do Munic\u00edpio. Faixas foram afixadas para sinalizar o isolamento. A medida \u00e9 para evitar a aglomera\u00e7\u00e3o de pessoas nestes espa\u00e7os como forma de precaver a chegada do novo coronav\u00edrus. Por\u00e9m, na [&hellip;]<\/p>\n","protected":false},"author":3,"featured_media":0,"comment_status":"open","ping_status":"open","sticky":false,"template":"","format":"standard","meta":[],"categories":[6],"tags":[],"yoast_head":"<!-- This site is optimized with the Yoast SEO plugin v15.6.2 - https:\/\/yoast.com\/wordpress\/plugins\/seo\/ -->\n<meta name=\"robots\" content=\"index, follow, max-snippet:-1, max-image-preview:large, max-video-preview:-1\" \/>\n<link rel=\"canonical\" href=\"https:\/\/www.polisrecreio.com.br\/site\/2020\/03\/22\/pracas-de-recreio-sao-interditadas-mas-alguns-nao-respeitam-a-medida\/\" \/>\n<meta property=\"og:locale\" content=\"pt_BR\" \/>\n<meta property=\"og:type\" content=\"article\" \/>\n<meta property=\"og:title\" content=\"Pra\u00e7as de Recreio s\u00e3o interditadas, mas alguns n\u00e3o respeitam a medida - P\u00f3lis Recreio\" \/>\n<meta property=\"og:description\" content=\"O artigo 5\u00ba do decreto 318, assinado pelo prefeito de Recreio, Jos\u00e9 Maria Barros, no s\u00e1bado (21) definiu a interdi\u00e7\u00e3o de todas as pra\u00e7as do Munic\u00edpio. Faixas foram afixadas para sinalizar o isolamento. A medida \u00e9 para evitar a aglomera\u00e7\u00e3o de pessoas nestes espa\u00e7os como forma de precaver a chegada do novo coronav\u00edrus. Por\u00e9m, na [&hellip;]\" \/>\n<meta property=\"og:url\" content=\"https:\/\/www.polisrecreio.com.br\/site\/2020\/03\/22\/pracas-de-recreio-sao-interditadas-mas-alguns-nao-respeitam-a-medida\/\" \/>\n<meta property=\"og:site_name\" content=\"P\u00f3lis Recreio\" \/>\n<meta property=\"article:publisher\" content=\"https:\/\/www.facebook.com\/Site-P%c3%b3lis-Recreio-MG-181941708571019\/\" \/>\n<meta property=\"article:published_time\" content=\"2020-03-22T15:23:06+00:00\" \/>\n<meta property=\"article:modified_time\" content=\"2020-03-22T15:27:04+00:00\" \/>\n<meta property=\"og:image\" content=\"http:\/\/www.polisrecreio.com.br\/site\/wp-content\/uploads\/2020\/03\/pra\u00e7as.jpg\" \/>\n<meta name=\"twitter:card\" content=\"summary_large_image\" \/>\n<meta name=\"twitter:creator\" content=\"@PolisRecreio\" \/>\n<meta name=\"twitter:site\" content=\"@PolisRecreio\" \/>\n<meta name=\"twitter:label1\" content=\"Est. reading time\">\n\t<meta name=\"twitter:data1\" content=\"2 minutos\">\n<script type=\"application\/ld+json\" class=\"yoast-schema-graph\">{\"@context\":\"https:\/\/schema.org\",\"@graph\":[{\"@type\":\"WebSite\",\"@id\":\"https:\/\/www.polisrecreio.com.br\/site\/#website\",\"url\":\"https:\/\/www.polisrecreio.com.br\/site\/\",\"name\":\"P\\u00f3lis Recreio\",\"description\":\"\",\"potentialAction\":[{\"@type\":\"SearchAction\",\"target\":\"https:\/\/www.polisrecreio.com.br\/site\/?s={search_term_string}\",\"query-input\":\"required name=search_term_string\"}],\"inLanguage\":\"pt-BR\"},{\"@type\":\"ImageObject\",\"@id\":\"https:\/\/www.polisrecreio.com.br\/site\/2020\/03\/22\/pracas-de-recreio-sao-interditadas-mas-alguns-nao-respeitam-a-medida\/#primaryimage\",\"inLanguage\":\"pt-BR\",\"url\":\"http:\/\/www.polisrecreio.com.br\/site\/wp-content\/uploads\/2020\/03\/pra\\u00e7as.jpg\"},{\"@type\":\"WebPage\",\"@id\":\"https:\/\/www.polisrecreio.com.br\/site\/2020\/03\/22\/pracas-de-recreio-sao-interditadas-mas-alguns-nao-respeitam-a-medida\/#webpage\",\"url\":\"https:\/\/www.polisrecreio.com.br\/site\/2020\/03\/22\/pracas-de-recreio-sao-interditadas-mas-alguns-nao-respeitam-a-medida\/\",\"name\":\"Pra\\u00e7as de Recreio s\\u00e3o interditadas, mas alguns n\\u00e3o respeitam a medida - P\\u00f3lis Recreio\",\"isPartOf\":{\"@id\":\"https:\/\/www.polisrecreio.com.br\/site\/#website\"},\"primaryImageOfPage\":{\"@id\":\"https:\/\/www.polisrecreio.com.br\/site\/2020\/03\/22\/pracas-de-recreio-sao-interditadas-mas-alguns-nao-respeitam-a-medida\/#primaryimage\"},\"datePublished\":\"2020-03-22T15:23:06+00:00\",\"dateModified\":\"2020-03-22T15:27:04+00:00\",\"author\":{\"@id\":\"https:\/\/www.polisrecreio.com.br\/site\/#\/schema\/person\/3363c1c78e1e28e1329d97adb387638e\"},\"inLanguage\":\"pt-BR\",\"potentialAction\":[{\"@type\":\"ReadAction\",\"target\":[\"https:\/\/www.polisrecreio.com.br\/site\/2020\/03\/22\/pracas-de-recreio-sao-interditadas-mas-alguns-nao-respeitam-a-medida\/\"]}]},{\"@type\":\"Person\",\"@id\":\"https:\/\/www.polisrecreio.com.br\/site\/#\/schema\/person\/3363c1c78e1e28e1329d97adb387638e\",\"name\":\"Leonardo Ribeiro\",\"image\":{\"@type\":\"ImageObject\",\"@id\":\"https:\/\/www.polisrecreio.com.br\/site\/#personlogo\",\"inLanguage\":\"pt-BR\",\"url\":\"https:\/\/secure.gravatar.com\/avatar\/6ba92a37d621e1a83e23710251178a12?s=96&d=mm&r=g\",\"caption\":\"Leonardo Ribeiro\"},\"sameAs\":[\"http:\/\/www.polisrecreio.com.br\"]}]}<\/script>\n<!-- \/ Yoast SEO plugin. -->","_links":{"self":[{"href":"https:\/\/www.polisrecreio.com.br\/site\/wp-json\/wp\/v2\/posts\/17038"}],"collection":[{"href":"https:\/\/www.polisrecreio.com.br\/site\/wp-json\/wp\/v2\/posts"}],"about":[{"href":"https:\/\/www.polisrecreio.com.br\/site\/wp-json\/wp\/v2\/types\/post"}],"author":[{"embeddable":true,"href":"https:\/\/www.polisrecreio.com.br\/site\/wp-json\/wp\/v2\/users\/3"}],"replies":[{"embeddable":true,"href":"https:\/\/www.polisrecreio.com.br\/site\/wp-json\/wp\/v2\/comments?post=17038"}],"version-history":[{"count":2,"href":"https:\/\/www.polisrecreio.com.br\/site\/wp-json\/wp\/v2\/posts\/17038\/revisions"}],"predecessor-version":[{"id":17041,"href":"https:\/\/www.polisrecreio.com.br\/site\/wp-json\/wp\/v2\/posts\/17038\/revisions\/17041"}],"wp:attachment":[{"href":"https:\/\/www.polisrecreio.com.br\/site\/wp-json\/wp\/v2\/media?parent=17038"}],"wp:term":[{"taxonomy":"category","embeddable":true,"href":"https:\/\/www.polisrecreio.com.br\/site\/wp-json\/wp\/v2\/categories?post=17038"},{"taxonomy":"post_tag","embeddable":true,"href":"https:\/\/www.polisrecreio.com.br\/site\/wp-json\/wp\/v2\/tags?post=17038"}],"curies":[{"name":"wp","href":"https:\/\/api.w.org\/{rel}","templated":true}]}}