{"id":17042,"date":"2020-03-22T13:56:38","date_gmt":"2020-03-22T16:56:38","guid":{"rendered":"http:\/\/www.polisrecreio.com.br\/site\/?p=17042"},"modified":"2020-03-22T14:01:26","modified_gmt":"2020-03-22T17:01:26","slug":"ministro-da-saude-sugere-adiamento-das-eleicoes-2020-por-conta-do-coronavirus","status":"publish","type":"post","link":"https:\/\/www.polisrecreio.com.br\/site\/2020\/03\/22\/ministro-da-saude-sugere-adiamento-das-eleicoes-2020-por-conta-do-coronavirus\/","title":{"rendered":"Ministro da Sa\u00fade sugere adiamento das elei\u00e7\u00f5es 2020 por conta do coronav\u00edrus"},"content":{"rendered":"<p style=\"text-align: justify;\">Em teleconfer\u00eancia com prefeitos\u00a0neste domingo (22), o ministro da Sa\u00fade, Luiz Henrique\u00a0Mandetta, recomendou o adiamento das elei\u00e7\u00f5es 2020, marcadas para 4 de outubro. Mandetta disse que esse \u00e9 o momento de o Congresso Nacional tratar o assunto, para que o combate \u00e0 crise do coronav\u00edrus n\u00e3o seja contaminado pela a\u00e7\u00e3o pol\u00edtica.<\/p>\n<p><!--more--><\/p>\n<p><a href=\"http:\/\/www.polisrecreio.com.br\/site\/wp-content\/uploads\/2020\/03\/urna_eletronica.jpg\"><img loading=\"lazy\" class=\"aligncenter size-full wp-image-17043\" src=\"http:\/\/www.polisrecreio.com.br\/site\/wp-content\/uploads\/2020\/03\/urna_eletronica.jpg\" alt=\"\" width=\"750\" height=\"500\" srcset=\"https:\/\/www.polisrecreio.com.br\/site\/wp-content\/uploads\/2020\/03\/urna_eletronica.jpg 750w, https:\/\/www.polisrecreio.com.br\/site\/wp-content\/uploads\/2020\/03\/urna_eletronica-300x200.jpg 300w\" sizes=\"(max-width: 750px) 100vw, 750px\" \/><\/a><\/p>\n<p style=\"text-align: justify;\">O ministro fez a sugest\u00e3o ao responder ao questionamento do prefeito de Bel\u00e9m, Zenaldo Coutinho (PSDB). Coutinho pediu a libera\u00e7\u00e3o de recursos que, segundo ele, estariam sendo represados pelo estado do Par\u00e1, governado por Helder Barbalho (MDB).<\/p>\n<figure id=\"attachment_17044\" aria-describedby=\"caption-attachment-17044\" style=\"width: 1086px\" class=\"wp-caption aligncenter\"><a href=\"http:\/\/www.polisrecreio.com.br\/site\/wp-content\/uploads\/2020\/03\/xministro-saude-mandetta.jpg.pagespeed.ic_.B8JDAYCEmN.jpg\"><img loading=\"lazy\" class=\"size-full wp-image-17044\" src=\"http:\/\/www.polisrecreio.com.br\/site\/wp-content\/uploads\/2020\/03\/xministro-saude-mandetta.jpg.pagespeed.ic_.B8JDAYCEmN.jpg\" alt=\"\" width=\"1086\" height=\"652\" srcset=\"https:\/\/www.polisrecreio.com.br\/site\/wp-content\/uploads\/2020\/03\/xministro-saude-mandetta.jpg.pagespeed.ic_.B8JDAYCEmN.jpg 1086w, https:\/\/www.polisrecreio.com.br\/site\/wp-content\/uploads\/2020\/03\/xministro-saude-mandetta.jpg.pagespeed.ic_.B8JDAYCEmN-300x180.jpg 300w, https:\/\/www.polisrecreio.com.br\/site\/wp-content\/uploads\/2020\/03\/xministro-saude-mandetta.jpg.pagespeed.ic_.B8JDAYCEmN-768x461.jpg 768w, https:\/\/www.polisrecreio.com.br\/site\/wp-content\/uploads\/2020\/03\/xministro-saude-mandetta.jpg.pagespeed.ic_.B8JDAYCEmN-1024x615.jpg 1024w\" sizes=\"(max-width: 1086px) 100vw, 1086px\" \/><\/a><figcaption id=\"caption-attachment-17044\" class=\"wp-caption-text\">Foto: Isac Nobrega\/Presid\u00eancia.<\/figcaption><\/figure>\n<p style=\"text-align: justify;\">\u2014 Estou alertando que todos voc\u00eas precisam, com todas as diferen\u00e7as pol\u00edticas, (se entender). Ali\u00e1s, eu fa\u00e7o aqui at\u00e9 uma sugest\u00e3o para voc\u00eas discutirem. Est\u00e1 na hora de o Congresso olhar e falar: &#8220;olha, adia (as elei\u00e7\u00f5es)&#8221;. Fa\u00e7a um mandato tamp\u00e3o desses vereadores e prefeitos.\u00a0Elei\u00e7\u00e3o no meio do ano vai ser uma trag\u00e9dia. Vai todo mundo querer fazer a\u00e7\u00e3o pol\u00edtica. Eu sou pol\u00edtico. N\u00e3o esque\u00e7am disso \u2014 disse Mandetta.<\/p>\n<p style=\"text-align: justify;\">Ele indicou ainda que \u00e9 preciso ter um di\u00e1logo aberto e eficiente entre os entes da federa\u00e7\u00e3o.<\/p>\n<p style=\"text-align: justify;\">\u2014 N\u00f3s n\u00e3o podemos (repassar recursos) de forma desintegrada. Eu fa\u00e7o de um jeito, voc\u00eas de outro. Se n\u00e3o daqui a pouco voc\u00eas v\u00e3o estar pagando mais para um m\u00e9dico de hospital A, menos para o hospital B. Tira enfermeiro de l\u00e1 e traz para c\u00e1. Assim vai haver bate\u00e7\u00e3o de cabe\u00e7a. Eu vou descentralizar e fazer com que voc\u00eas trabalhem o m\u00e1ximo liberdade \u2014 disse Mandetta.<\/p>\n<p><em>Com informa\u00e7\u00f5es: <a href=\"https:\/\/oglobo.globo.com\/brasil\/ministro-da-saude-sugere-adiamento-das-eleicoes-por-conta-do-coronavirus-vai-ser-uma-tragedia-24321385\" target=\"_blank\" rel=\"noopener\">O Globo.<\/a><\/em><\/p>\n","protected":false},"excerpt":{"rendered":"<p>Em teleconfer\u00eancia com prefeitos\u00a0neste domingo (22), o ministro da Sa\u00fade, Luiz Henrique\u00a0Mandetta, recomendou o adiamento das elei\u00e7\u00f5es 2020, marcadas para 4 de outubro. Mandetta disse que esse \u00e9 o momento de o Congresso Nacional tratar o assunto, para que o combate \u00e0 crise do coronav\u00edrus n\u00e3o seja contaminado pela a\u00e7\u00e3o pol\u00edtica.<\/p>\n","protected":false},"author":3,"featured_media":17043,"comment_status":"open","ping_status":"open","sticky":false,"template":"","format":"standard","meta":[],"categories":[7],"tags":[],"yoast_head":"<!-- This site is optimized with the Yoast SEO plugin v15.6.2 - https:\/\/yoast.com\/wordpress\/plugins\/seo\/ -->\n<meta name=\"robots\" content=\"index, follow, max-snippet:-1, max-image-preview:large, max-video-preview:-1\" \/>\n<link rel=\"canonical\" href=\"http:\/\/www.polisrecreio.com.br\/site\/2020\/03\/22\/ministro-da-saude-sugere-adiamento-das-eleicoes-2020-por-conta-do-coronavirus\/\" \/>\n<meta property=\"og:locale\" content=\"pt_BR\" \/>\n<meta property=\"og:type\" content=\"article\" \/>\n<meta property=\"og:title\" content=\"Ministro da Sa\u00fade sugere adiamento das elei\u00e7\u00f5es 2020 por conta do coronav\u00edrus - P\u00f3lis Recreio\" \/>\n<meta property=\"og:description\" content=\"Em teleconfer\u00eancia com prefeitos\u00a0neste domingo (22), o ministro da Sa\u00fade, Luiz Henrique\u00a0Mandetta, recomendou o adiamento das elei\u00e7\u00f5es 2020, marcadas para 4 de outubro. Mandetta disse que esse \u00e9 o momento de o Congresso Nacional tratar o assunto, para que o combate \u00e0 crise do coronav\u00edrus n\u00e3o seja contaminado pela a\u00e7\u00e3o pol\u00edtica.\" \/>\n<meta property=\"og:url\" content=\"http:\/\/www.polisrecreio.com.br\/site\/2020\/03\/22\/ministro-da-saude-sugere-adiamento-das-eleicoes-2020-por-conta-do-coronavirus\/\" \/>\n<meta property=\"og:site_name\" content=\"P\u00f3lis Recreio\" \/>\n<meta property=\"article:publisher\" content=\"https:\/\/www.facebook.com\/Site-P%c3%b3lis-Recreio-MG-181941708571019\/\" \/>\n<meta property=\"article:published_time\" content=\"2020-03-22T16:56:38+00:00\" \/>\n<meta property=\"article:modified_time\" content=\"2020-03-22T17:01:26+00:00\" \/>\n<meta property=\"og:image\" content=\"https:\/\/www.polisrecreio.com.br\/site\/wp-content\/uploads\/2020\/03\/urna_eletronica.jpg\" \/>\n\t<meta property=\"og:image:width\" content=\"750\" \/>\n\t<meta property=\"og:image:height\" content=\"500\" \/>\n<meta name=\"twitter:card\" content=\"summary_large_image\" \/>\n<meta name=\"twitter:creator\" content=\"@PolisRecreio\" \/>\n<meta name=\"twitter:site\" content=\"@PolisRecreio\" \/>\n<meta name=\"twitter:label1\" content=\"Est. reading time\">\n\t<meta name=\"twitter:data1\" content=\"1 minuto\">\n<script type=\"application\/ld+json\" class=\"yoast-schema-graph\">{\"@context\":\"https:\/\/schema.org\",\"@graph\":[{\"@type\":\"WebSite\",\"@id\":\"https:\/\/www.polisrecreio.com.br\/site\/#website\",\"url\":\"https:\/\/www.polisrecreio.com.br\/site\/\",\"name\":\"P\\u00f3lis Recreio\",\"description\":\"\",\"potentialAction\":[{\"@type\":\"SearchAction\",\"target\":\"https:\/\/www.polisrecreio.com.br\/site\/?s={search_term_string}\",\"query-input\":\"required name=search_term_string\"}],\"inLanguage\":\"pt-BR\"},{\"@type\":\"ImageObject\",\"@id\":\"http:\/\/www.polisrecreio.com.br\/site\/2020\/03\/22\/ministro-da-saude-sugere-adiamento-das-eleicoes-2020-por-conta-do-coronavirus\/#primaryimage\",\"inLanguage\":\"pt-BR\",\"url\":\"https:\/\/www.polisrecreio.com.br\/site\/wp-content\/uploads\/2020\/03\/urna_eletronica.jpg\",\"width\":750,\"height\":500},{\"@type\":\"WebPage\",\"@id\":\"http:\/\/www.polisrecreio.com.br\/site\/2020\/03\/22\/ministro-da-saude-sugere-adiamento-das-eleicoes-2020-por-conta-do-coronavirus\/#webpage\",\"url\":\"http:\/\/www.polisrecreio.com.br\/site\/2020\/03\/22\/ministro-da-saude-sugere-adiamento-das-eleicoes-2020-por-conta-do-coronavirus\/\",\"name\":\"Ministro da Sa\\u00fade sugere adiamento das elei\\u00e7\\u00f5es 2020 por conta do coronav\\u00edrus - P\\u00f3lis Recreio\",\"isPartOf\":{\"@id\":\"https:\/\/www.polisrecreio.com.br\/site\/#website\"},\"primaryImageOfPage\":{\"@id\":\"http:\/\/www.polisrecreio.com.br\/site\/2020\/03\/22\/ministro-da-saude-sugere-adiamento-das-eleicoes-2020-por-conta-do-coronavirus\/#primaryimage\"},\"datePublished\":\"2020-03-22T16:56:38+00:00\",\"dateModified\":\"2020-03-22T17:01:26+00:00\",\"author\":{\"@id\":\"https:\/\/www.polisrecreio.com.br\/site\/#\/schema\/person\/3363c1c78e1e28e1329d97adb387638e\"},\"inLanguage\":\"pt-BR\",\"potentialAction\":[{\"@type\":\"ReadAction\",\"target\":[\"http:\/\/www.polisrecreio.com.br\/site\/2020\/03\/22\/ministro-da-saude-sugere-adiamento-das-eleicoes-2020-por-conta-do-coronavirus\/\"]}]},{\"@type\":\"Person\",\"@id\":\"https:\/\/www.polisrecreio.com.br\/site\/#\/schema\/person\/3363c1c78e1e28e1329d97adb387638e\",\"name\":\"Leonardo Ribeiro\",\"image\":{\"@type\":\"ImageObject\",\"@id\":\"https:\/\/www.polisrecreio.com.br\/site\/#personlogo\",\"inLanguage\":\"pt-BR\",\"url\":\"https:\/\/secure.gravatar.com\/avatar\/6ba92a37d621e1a83e23710251178a12?s=96&d=mm&r=g\",\"caption\":\"Leonardo Ribeiro\"},\"sameAs\":[\"http:\/\/www.polisrecreio.com.br\"]}]}<\/script>\n<!-- \/ Yoast SEO plugin. -->","_links":{"self":[{"href":"https:\/\/www.polisrecreio.com.br\/site\/wp-json\/wp\/v2\/posts\/17042"}],"collection":[{"href":"https:\/\/www.polisrecreio.com.br\/site\/wp-json\/wp\/v2\/posts"}],"about":[{"href":"https:\/\/www.polisrecreio.com.br\/site\/wp-json\/wp\/v2\/types\/post"}],"author":[{"embeddable":true,"href":"https:\/\/www.polisrecreio.com.br\/site\/wp-json\/wp\/v2\/users\/3"}],"replies":[{"embeddable":true,"href":"https:\/\/www.polisrecreio.com.br\/site\/wp-json\/wp\/v2\/comments?post=17042"}],"version-history":[{"count":2,"href":"https:\/\/www.polisrecreio.com.br\/site\/wp-json\/wp\/v2\/posts\/17042\/revisions"}],"predecessor-version":[{"id":17046,"href":"https:\/\/www.polisrecreio.com.br\/site\/wp-json\/wp\/v2\/posts\/17042\/revisions\/17046"}],"wp:featuredmedia":[{"embeddable":true,"href":"https:\/\/www.polisrecreio.com.br\/site\/wp-json\/wp\/v2\/media\/17043"}],"wp:attachment":[{"href":"https:\/\/www.polisrecreio.com.br\/site\/wp-json\/wp\/v2\/media?parent=17042"}],"wp:term":[{"taxonomy":"category","embeddable":true,"href":"https:\/\/www.polisrecreio.com.br\/site\/wp-json\/wp\/v2\/categories?post=17042"},{"taxonomy":"post_tag","embeddable":true,"href":"https:\/\/www.polisrecreio.com.br\/site\/wp-json\/wp\/v2\/tags?post=17042"}],"curies":[{"name":"wp","href":"https:\/\/api.w.org\/{rel}","templated":true}]}}