{"id":17047,"date":"2020-03-22T19:19:29","date_gmt":"2020-03-22T22:19:29","guid":{"rendered":"http:\/\/www.polisrecreio.com.br\/site\/?p=17047"},"modified":"2020-03-22T19:19:29","modified_gmt":"2020-03-22T22:19:29","slug":"em-recreio-servidores-com-60-anos-e-portadores-de-doencas-cronicas-deverao-procurar-secretario-da-area-para-afastamento","status":"publish","type":"post","link":"https:\/\/www.polisrecreio.com.br\/site\/2020\/03\/22\/em-recreio-servidores-com-60-anos-e-portadores-de-doencas-cronicas-deverao-procurar-secretario-da-area-para-afastamento\/","title":{"rendered":"Em Recreio, servidores com 60 anos e portadores de doen\u00e7as cr\u00f4nicas dever\u00e3o procurar secret\u00e1rio da \u00e1rea para afastamento"},"content":{"rendered":"<p style=\"text-align: justify;\">Em Recreio, a Prefeitura Municipal informou que os servidores com 60 anos ou mais e os portadores de doen\u00e7as cr\u00f4nicas dever\u00e3o procurar o secret\u00e1rio da \u00e1rea a partir desta segunda-feira (23) para obter as orienta\u00e7\u00f5es de afastamento tempor\u00e1rio de suas atividades.<\/p>\n<p><!--more--><\/p>\n<p><a href=\"http:\/\/www.polisrecreio.com.br\/site\/wp-content\/uploads\/2020\/03\/DSC_0001-1.jpg\"><img loading=\"lazy\" class=\"aligncenter size-full wp-image-17049\" src=\"http:\/\/www.polisrecreio.com.br\/site\/wp-content\/uploads\/2020\/03\/DSC_0001-1.jpg\" alt=\"\" width=\"750\" height=\"500\" srcset=\"https:\/\/www.polisrecreio.com.br\/site\/wp-content\/uploads\/2020\/03\/DSC_0001-1.jpg 750w, https:\/\/www.polisrecreio.com.br\/site\/wp-content\/uploads\/2020\/03\/DSC_0001-1-300x200.jpg 300w\" sizes=\"(max-width: 750px) 100vw, 750px\" \/><\/a><\/p>\n<p style=\"text-align: justify;\">De acordo com a Organiza\u00e7\u00e3o Mundial da Sa\u00fade \u201cOMS\u201d e o Minist\u00e9rio da Sa\u00fade, esses grupos de pessoas est\u00e3o mais suscet\u00edveis ou vulner\u00e1veis \u00e0 Covid-19, doen\u00e7a causada pelo novo coronav\u00edrus.<\/p>\n<p style=\"text-align: justify;\">Conforme o art.6\u00ba do decreto 318, o expediente externo e o atendimento presencial na Prefeitura, nas secretarias e no SAAE est\u00e3o suspensos, com exce\u00e7\u00e3o para os servi\u00e7os essenciais.<\/p>\n<p>&nbsp;<\/p>\n","protected":false},"excerpt":{"rendered":"<p>Em Recreio, a Prefeitura Municipal informou que os servidores com 60 anos ou mais e os portadores de doen\u00e7as cr\u00f4nicas dever\u00e3o procurar o secret\u00e1rio da \u00e1rea a partir desta segunda-feira (23) para obter as orienta\u00e7\u00f5es de afastamento tempor\u00e1rio de suas atividades.<\/p>\n","protected":false},"author":3,"featured_media":0,"comment_status":"open","ping_status":"open","sticky":false,"template":"","format":"standard","meta":[],"categories":[6],"tags":[],"yoast_head":"<!-- This site is optimized with the Yoast SEO plugin v15.6.2 - https:\/\/yoast.com\/wordpress\/plugins\/seo\/ -->\n<meta name=\"robots\" content=\"index, follow, max-snippet:-1, max-image-preview:large, max-video-preview:-1\" \/>\n<link rel=\"canonical\" href=\"https:\/\/www.polisrecreio.com.br\/site\/2020\/03\/22\/em-recreio-servidores-com-60-anos-e-portadores-de-doencas-cronicas-deverao-procurar-secretario-da-area-para-afastamento\/\" \/>\n<meta property=\"og:locale\" content=\"pt_BR\" \/>\n<meta property=\"og:type\" content=\"article\" \/>\n<meta property=\"og:title\" content=\"Em Recreio, servidores com 60 anos e portadores de doen\u00e7as cr\u00f4nicas dever\u00e3o procurar secret\u00e1rio da \u00e1rea para afastamento - P\u00f3lis Recreio\" \/>\n<meta property=\"og:description\" content=\"Em Recreio, a Prefeitura Municipal informou que os servidores com 60 anos ou mais e os portadores de doen\u00e7as cr\u00f4nicas dever\u00e3o procurar o secret\u00e1rio da \u00e1rea a partir desta segunda-feira (23) para obter as orienta\u00e7\u00f5es de afastamento tempor\u00e1rio de suas atividades.\" \/>\n<meta property=\"og:url\" content=\"https:\/\/www.polisrecreio.com.br\/site\/2020\/03\/22\/em-recreio-servidores-com-60-anos-e-portadores-de-doencas-cronicas-deverao-procurar-secretario-da-area-para-afastamento\/\" \/>\n<meta property=\"og:site_name\" content=\"P\u00f3lis Recreio\" \/>\n<meta property=\"article:publisher\" content=\"https:\/\/www.facebook.com\/Site-P%c3%b3lis-Recreio-MG-181941708571019\/\" \/>\n<meta property=\"article:published_time\" content=\"2020-03-22T22:19:29+00:00\" \/>\n<meta property=\"og:image\" content=\"http:\/\/www.polisrecreio.com.br\/site\/wp-content\/uploads\/2020\/03\/DSC_0001-1.jpg\" \/>\n<meta name=\"twitter:card\" content=\"summary_large_image\" \/>\n<meta name=\"twitter:creator\" content=\"@PolisRecreio\" \/>\n<meta name=\"twitter:site\" content=\"@PolisRecreio\" \/>\n<meta name=\"twitter:label1\" content=\"Est. reading time\">\n\t<meta name=\"twitter:data1\" content=\"1 minuto\">\n<script type=\"application\/ld+json\" class=\"yoast-schema-graph\">{\"@context\":\"https:\/\/schema.org\",\"@graph\":[{\"@type\":\"WebSite\",\"@id\":\"https:\/\/www.polisrecreio.com.br\/site\/#website\",\"url\":\"https:\/\/www.polisrecreio.com.br\/site\/\",\"name\":\"P\\u00f3lis Recreio\",\"description\":\"\",\"potentialAction\":[{\"@type\":\"SearchAction\",\"target\":\"https:\/\/www.polisrecreio.com.br\/site\/?s={search_term_string}\",\"query-input\":\"required name=search_term_string\"}],\"inLanguage\":\"pt-BR\"},{\"@type\":\"ImageObject\",\"@id\":\"https:\/\/www.polisrecreio.com.br\/site\/2020\/03\/22\/em-recreio-servidores-com-60-anos-e-portadores-de-doencas-cronicas-deverao-procurar-secretario-da-area-para-afastamento\/#primaryimage\",\"inLanguage\":\"pt-BR\",\"url\":\"http:\/\/www.polisrecreio.com.br\/site\/wp-content\/uploads\/2020\/03\/DSC_0001-1.jpg\"},{\"@type\":\"WebPage\",\"@id\":\"https:\/\/www.polisrecreio.com.br\/site\/2020\/03\/22\/em-recreio-servidores-com-60-anos-e-portadores-de-doencas-cronicas-deverao-procurar-secretario-da-area-para-afastamento\/#webpage\",\"url\":\"https:\/\/www.polisrecreio.com.br\/site\/2020\/03\/22\/em-recreio-servidores-com-60-anos-e-portadores-de-doencas-cronicas-deverao-procurar-secretario-da-area-para-afastamento\/\",\"name\":\"Em Recreio, servidores com 60 anos e portadores de doen\\u00e7as cr\\u00f4nicas dever\\u00e3o procurar secret\\u00e1rio da \\u00e1rea para afastamento - P\\u00f3lis Recreio\",\"isPartOf\":{\"@id\":\"https:\/\/www.polisrecreio.com.br\/site\/#website\"},\"primaryImageOfPage\":{\"@id\":\"https:\/\/www.polisrecreio.com.br\/site\/2020\/03\/22\/em-recreio-servidores-com-60-anos-e-portadores-de-doencas-cronicas-deverao-procurar-secretario-da-area-para-afastamento\/#primaryimage\"},\"datePublished\":\"2020-03-22T22:19:29+00:00\",\"dateModified\":\"2020-03-22T22:19:29+00:00\",\"author\":{\"@id\":\"https:\/\/www.polisrecreio.com.br\/site\/#\/schema\/person\/3363c1c78e1e28e1329d97adb387638e\"},\"inLanguage\":\"pt-BR\",\"potentialAction\":[{\"@type\":\"ReadAction\",\"target\":[\"https:\/\/www.polisrecreio.com.br\/site\/2020\/03\/22\/em-recreio-servidores-com-60-anos-e-portadores-de-doencas-cronicas-deverao-procurar-secretario-da-area-para-afastamento\/\"]}]},{\"@type\":\"Person\",\"@id\":\"https:\/\/www.polisrecreio.com.br\/site\/#\/schema\/person\/3363c1c78e1e28e1329d97adb387638e\",\"name\":\"Leonardo Ribeiro\",\"image\":{\"@type\":\"ImageObject\",\"@id\":\"https:\/\/www.polisrecreio.com.br\/site\/#personlogo\",\"inLanguage\":\"pt-BR\",\"url\":\"https:\/\/secure.gravatar.com\/avatar\/6ba92a37d621e1a83e23710251178a12?s=96&d=mm&r=g\",\"caption\":\"Leonardo Ribeiro\"},\"sameAs\":[\"http:\/\/www.polisrecreio.com.br\"]}]}<\/script>\n<!-- \/ Yoast SEO plugin. -->","_links":{"self":[{"href":"https:\/\/www.polisrecreio.com.br\/site\/wp-json\/wp\/v2\/posts\/17047"}],"collection":[{"href":"https:\/\/www.polisrecreio.com.br\/site\/wp-json\/wp\/v2\/posts"}],"about":[{"href":"https:\/\/www.polisrecreio.com.br\/site\/wp-json\/wp\/v2\/types\/post"}],"author":[{"embeddable":true,"href":"https:\/\/www.polisrecreio.com.br\/site\/wp-json\/wp\/v2\/users\/3"}],"replies":[{"embeddable":true,"href":"https:\/\/www.polisrecreio.com.br\/site\/wp-json\/wp\/v2\/comments?post=17047"}],"version-history":[{"count":1,"href":"https:\/\/www.polisrecreio.com.br\/site\/wp-json\/wp\/v2\/posts\/17047\/revisions"}],"predecessor-version":[{"id":17050,"href":"https:\/\/www.polisrecreio.com.br\/site\/wp-json\/wp\/v2\/posts\/17047\/revisions\/17050"}],"wp:attachment":[{"href":"https:\/\/www.polisrecreio.com.br\/site\/wp-json\/wp\/v2\/media?parent=17047"}],"wp:term":[{"taxonomy":"category","embeddable":true,"href":"https:\/\/www.polisrecreio.com.br\/site\/wp-json\/wp\/v2\/categories?post=17047"},{"taxonomy":"post_tag","embeddable":true,"href":"https:\/\/www.polisrecreio.com.br\/site\/wp-json\/wp\/v2\/tags?post=17047"}],"curies":[{"name":"wp","href":"https:\/\/api.w.org\/{rel}","templated":true}]}}