{"id":17067,"date":"2020-03-23T22:01:43","date_gmt":"2020-03-24T01:01:43","guid":{"rendered":"http:\/\/www.polisrecreio.com.br\/site\/?p=17067"},"modified":"2020-03-23T22:12:21","modified_gmt":"2020-03-24T01:12:21","slug":"por-causa-da-interdicao-da-rodoviaria-de-leopoldina-embarque-e-desembarque-para-recreio-acontecem-no-trevo","status":"publish","type":"post","link":"https:\/\/www.polisrecreio.com.br\/site\/2020\/03\/23\/por-causa-da-interdicao-da-rodoviaria-de-leopoldina-embarque-e-desembarque-para-recreio-acontecem-no-trevo\/","title":{"rendered":"Por causa da interdi\u00e7\u00e3o da rodovi\u00e1ria de Leopoldina, embarque e desembarque para Recreio acontecem no trevo"},"content":{"rendered":"<p style=\"text-align: justify;\">Por causa da interdi\u00e7\u00e3o da rodovi\u00e1ria de Leopoldina, o embarque e desembarque para Recreio est\u00e3o acontecendo no trevo, pr\u00f3ximo ao p\u00f3rtico da cidade. A partir desta ter\u00e7a-feira (24) come\u00e7a a vigorar apenas dois hor\u00e1rios de \u00f4nibus com destino a Leopoldina: 7:30h e 17:30h.<\/p>\n<p><!--more--><\/p>\n<figure id=\"attachment_17068\" aria-describedby=\"caption-attachment-17068\" style=\"width: 750px\" class=\"wp-caption aligncenter\"><a href=\"http:\/\/www.polisrecreio.com.br\/site\/wp-content\/uploads\/2020\/03\/b89a6eb6323eadc26fe587c002761fbc.jpg\"><img loading=\"lazy\" class=\"size-full wp-image-17068\" src=\"http:\/\/www.polisrecreio.com.br\/site\/wp-content\/uploads\/2020\/03\/b89a6eb6323eadc26fe587c002761fbc.jpg\" alt=\"\" width=\"750\" height=\"472\" srcset=\"https:\/\/www.polisrecreio.com.br\/site\/wp-content\/uploads\/2020\/03\/b89a6eb6323eadc26fe587c002761fbc.jpg 750w, https:\/\/www.polisrecreio.com.br\/site\/wp-content\/uploads\/2020\/03\/b89a6eb6323eadc26fe587c002761fbc-300x189.jpg 300w\" sizes=\"(max-width: 750px) 100vw, 750px\" \/><\/a><figcaption id=\"caption-attachment-17068\" class=\"wp-caption-text\">\u00d4nibus da Bassamar. Foto: Arquivo Waldinei Tertuliano.<\/figcaption><\/figure>\n<p style=\"text-align: justify;\">Veja os hor\u00e1rios da via\u00e7\u00e3o Bassamar:<\/p>\n<ul>\n<li style=\"text-align: justify;\">Recreio\/Leopoldina \u2013 7:30h e 17:30h;<\/li>\n<li style=\"text-align: justify;\">Leopoldina\/Recreio \u2013 12h e 18h;<\/li>\n<\/ul>\n<p>Para Juiz de Fora:<\/p>\n<ul>\n<li style=\"text-align: justify;\">Recreio\/Juiz de Fora \u2013 7:30h e 17:30h;<\/li>\n<li style=\"text-align: justify;\">Juiz de Fora\/Recreio \u2013 9:30h e 16h.<\/li>\n<\/ul>\n<p style=\"text-align: justify;\">As d\u00favidas podem ser sanadas pelo telefone do Terminal Rodovi\u00e1rio de Recreio, (32) 9.9919-9916.<\/p>\n","protected":false},"excerpt":{"rendered":"<p>Por causa da interdi\u00e7\u00e3o da rodovi\u00e1ria de Leopoldina, o embarque e desembarque para Recreio est\u00e3o acontecendo no trevo, pr\u00f3ximo ao p\u00f3rtico da cidade. A partir desta ter\u00e7a-feira (24) come\u00e7a a vigorar apenas dois hor\u00e1rios de \u00f4nibus com destino a Leopoldina: 7:30h e 17:30h.<\/p>\n","protected":false},"author":3,"featured_media":17068,"comment_status":"open","ping_status":"open","sticky":false,"template":"","format":"standard","meta":[],"categories":[8],"tags":[],"yoast_head":"<!-- This site is optimized with the Yoast SEO plugin v15.6.2 - https:\/\/yoast.com\/wordpress\/plugins\/seo\/ -->\n<meta name=\"robots\" content=\"index, follow, max-snippet:-1, max-image-preview:large, max-video-preview:-1\" \/>\n<link rel=\"canonical\" href=\"http:\/\/www.polisrecreio.com.br\/site\/2020\/03\/23\/por-causa-da-interdicao-da-rodoviaria-de-leopoldina-embarque-e-desembarque-para-recreio-acontecem-no-trevo\/\" \/>\n<meta property=\"og:locale\" content=\"pt_BR\" \/>\n<meta property=\"og:type\" content=\"article\" \/>\n<meta property=\"og:title\" content=\"Por causa da interdi\u00e7\u00e3o da rodovi\u00e1ria de Leopoldina, embarque e desembarque para Recreio acontecem no trevo - P\u00f3lis Recreio\" \/>\n<meta property=\"og:description\" content=\"Por causa da interdi\u00e7\u00e3o da rodovi\u00e1ria de Leopoldina, o embarque e desembarque para Recreio est\u00e3o acontecendo no trevo, pr\u00f3ximo ao p\u00f3rtico da cidade. A partir desta ter\u00e7a-feira (24) come\u00e7a a vigorar apenas dois hor\u00e1rios de \u00f4nibus com destino a Leopoldina: 7:30h e 17:30h.\" \/>\n<meta property=\"og:url\" content=\"http:\/\/www.polisrecreio.com.br\/site\/2020\/03\/23\/por-causa-da-interdicao-da-rodoviaria-de-leopoldina-embarque-e-desembarque-para-recreio-acontecem-no-trevo\/\" \/>\n<meta property=\"og:site_name\" content=\"P\u00f3lis Recreio\" \/>\n<meta property=\"article:publisher\" content=\"https:\/\/www.facebook.com\/Site-P%c3%b3lis-Recreio-MG-181941708571019\/\" \/>\n<meta property=\"article:published_time\" content=\"2020-03-24T01:01:43+00:00\" \/>\n<meta property=\"article:modified_time\" content=\"2020-03-24T01:12:21+00:00\" \/>\n<meta property=\"og:image\" content=\"https:\/\/www.polisrecreio.com.br\/site\/wp-content\/uploads\/2020\/03\/b89a6eb6323eadc26fe587c002761fbc.jpg\" \/>\n\t<meta property=\"og:image:width\" content=\"750\" \/>\n\t<meta property=\"og:image:height\" content=\"472\" \/>\n<meta name=\"twitter:card\" content=\"summary_large_image\" \/>\n<meta name=\"twitter:creator\" content=\"@PolisRecreio\" \/>\n<meta name=\"twitter:site\" content=\"@PolisRecreio\" \/>\n<meta name=\"twitter:label1\" content=\"Est. reading time\">\n\t<meta name=\"twitter:data1\" content=\"1 minuto\">\n<script type=\"application\/ld+json\" class=\"yoast-schema-graph\">{\"@context\":\"https:\/\/schema.org\",\"@graph\":[{\"@type\":\"WebSite\",\"@id\":\"https:\/\/www.polisrecreio.com.br\/site\/#website\",\"url\":\"https:\/\/www.polisrecreio.com.br\/site\/\",\"name\":\"P\\u00f3lis Recreio\",\"description\":\"\",\"potentialAction\":[{\"@type\":\"SearchAction\",\"target\":\"https:\/\/www.polisrecreio.com.br\/site\/?s={search_term_string}\",\"query-input\":\"required name=search_term_string\"}],\"inLanguage\":\"pt-BR\"},{\"@type\":\"ImageObject\",\"@id\":\"http:\/\/www.polisrecreio.com.br\/site\/2020\/03\/23\/por-causa-da-interdicao-da-rodoviaria-de-leopoldina-embarque-e-desembarque-para-recreio-acontecem-no-trevo\/#primaryimage\",\"inLanguage\":\"pt-BR\",\"url\":\"https:\/\/www.polisrecreio.com.br\/site\/wp-content\/uploads\/2020\/03\/b89a6eb6323eadc26fe587c002761fbc.jpg\",\"width\":750,\"height\":472,\"caption\":\"\\u00d4nibus da Bassamar. Foto: Arquivo Waldinei Tertuliano.\"},{\"@type\":\"WebPage\",\"@id\":\"http:\/\/www.polisrecreio.com.br\/site\/2020\/03\/23\/por-causa-da-interdicao-da-rodoviaria-de-leopoldina-embarque-e-desembarque-para-recreio-acontecem-no-trevo\/#webpage\",\"url\":\"http:\/\/www.polisrecreio.com.br\/site\/2020\/03\/23\/por-causa-da-interdicao-da-rodoviaria-de-leopoldina-embarque-e-desembarque-para-recreio-acontecem-no-trevo\/\",\"name\":\"Por causa da interdi\\u00e7\\u00e3o da rodovi\\u00e1ria de Leopoldina, embarque e desembarque para Recreio acontecem no trevo - P\\u00f3lis Recreio\",\"isPartOf\":{\"@id\":\"https:\/\/www.polisrecreio.com.br\/site\/#website\"},\"primaryImageOfPage\":{\"@id\":\"http:\/\/www.polisrecreio.com.br\/site\/2020\/03\/23\/por-causa-da-interdicao-da-rodoviaria-de-leopoldina-embarque-e-desembarque-para-recreio-acontecem-no-trevo\/#primaryimage\"},\"datePublished\":\"2020-03-24T01:01:43+00:00\",\"dateModified\":\"2020-03-24T01:12:21+00:00\",\"author\":{\"@id\":\"https:\/\/www.polisrecreio.com.br\/site\/#\/schema\/person\/3363c1c78e1e28e1329d97adb387638e\"},\"inLanguage\":\"pt-BR\",\"potentialAction\":[{\"@type\":\"ReadAction\",\"target\":[\"http:\/\/www.polisrecreio.com.br\/site\/2020\/03\/23\/por-causa-da-interdicao-da-rodoviaria-de-leopoldina-embarque-e-desembarque-para-recreio-acontecem-no-trevo\/\"]}]},{\"@type\":\"Person\",\"@id\":\"https:\/\/www.polisrecreio.com.br\/site\/#\/schema\/person\/3363c1c78e1e28e1329d97adb387638e\",\"name\":\"Leonardo Ribeiro\",\"image\":{\"@type\":\"ImageObject\",\"@id\":\"https:\/\/www.polisrecreio.com.br\/site\/#personlogo\",\"inLanguage\":\"pt-BR\",\"url\":\"https:\/\/secure.gravatar.com\/avatar\/6ba92a37d621e1a83e23710251178a12?s=96&d=mm&r=g\",\"caption\":\"Leonardo Ribeiro\"},\"sameAs\":[\"http:\/\/www.polisrecreio.com.br\"]}]}<\/script>\n<!-- \/ Yoast SEO plugin. -->","_links":{"self":[{"href":"https:\/\/www.polisrecreio.com.br\/site\/wp-json\/wp\/v2\/posts\/17067"}],"collection":[{"href":"https:\/\/www.polisrecreio.com.br\/site\/wp-json\/wp\/v2\/posts"}],"about":[{"href":"https:\/\/www.polisrecreio.com.br\/site\/wp-json\/wp\/v2\/types\/post"}],"author":[{"embeddable":true,"href":"https:\/\/www.polisrecreio.com.br\/site\/wp-json\/wp\/v2\/users\/3"}],"replies":[{"embeddable":true,"href":"https:\/\/www.polisrecreio.com.br\/site\/wp-json\/wp\/v2\/comments?post=17067"}],"version-history":[{"count":5,"href":"https:\/\/www.polisrecreio.com.br\/site\/wp-json\/wp\/v2\/posts\/17067\/revisions"}],"predecessor-version":[{"id":17073,"href":"https:\/\/www.polisrecreio.com.br\/site\/wp-json\/wp\/v2\/posts\/17067\/revisions\/17073"}],"wp:featuredmedia":[{"embeddable":true,"href":"https:\/\/www.polisrecreio.com.br\/site\/wp-json\/wp\/v2\/media\/17068"}],"wp:attachment":[{"href":"https:\/\/www.polisrecreio.com.br\/site\/wp-json\/wp\/v2\/media?parent=17067"}],"wp:term":[{"taxonomy":"category","embeddable":true,"href":"https:\/\/www.polisrecreio.com.br\/site\/wp-json\/wp\/v2\/categories?post=17067"},{"taxonomy":"post_tag","embeddable":true,"href":"https:\/\/www.polisrecreio.com.br\/site\/wp-json\/wp\/v2\/tags?post=17067"}],"curies":[{"name":"wp","href":"https:\/\/api.w.org\/{rel}","templated":true}]}}