{"id":17074,"date":"2020-03-24T12:35:52","date_gmt":"2020-03-24T15:35:52","guid":{"rendered":"http:\/\/www.polisrecreio.com.br\/site\/?p=17074"},"modified":"2020-03-24T12:38:35","modified_gmt":"2020-03-24T15:38:35","slug":"primeiro-dia-da-vacinacao-contra-gripe-para-idosos-termina-em-recreio-em-menos-de-3-horas","status":"publish","type":"post","link":"https:\/\/www.polisrecreio.com.br\/site\/2020\/03\/24\/primeiro-dia-da-vacinacao-contra-gripe-para-idosos-termina-em-recreio-em-menos-de-3-horas\/","title":{"rendered":"Primeiro dia da vacina\u00e7\u00e3o contra gripe para idosos termina em Recreio em menos de 3 horas"},"content":{"rendered":"<p style=\"text-align: justify;\">O primeiro dia da campanha nacional contra a influenza \u201cgripe\u201d para os idosos a partir de 60 anos de idade terminou em menos de 3 horas em Recreio. Segundo informa\u00e7\u00f5es da Prefeitura Municipal, atrav\u00e9s da Secretaria Municipal de Sa\u00fade, o quantitativo fornecido pela Ger\u00eancia Regional de Sa\u00fade de Leopoldina encerrou e assim que a nova remessa chegar ser\u00e1 amplamente divulgado.<\/p>\n<p><!--more--><\/p>\n<p><a href=\"http:\/\/www.polisrecreio.com.br\/site\/wp-content\/uploads\/2020\/03\/DSC_0063.jpg\"><img loading=\"lazy\" class=\"aligncenter size-full wp-image-17075\" src=\"http:\/\/www.polisrecreio.com.br\/site\/wp-content\/uploads\/2020\/03\/DSC_0063.jpg\" alt=\"\" width=\"750\" height=\"500\" srcset=\"https:\/\/www.polisrecreio.com.br\/site\/wp-content\/uploads\/2020\/03\/DSC_0063.jpg 750w, https:\/\/www.polisrecreio.com.br\/site\/wp-content\/uploads\/2020\/03\/DSC_0063-300x200.jpg 300w\" sizes=\"(max-width: 750px) 100vw, 750px\" \/><\/a><\/p>\n<p style=\"text-align: justify;\">Para evitar a aglomera\u00e7\u00e3o dos idosos nas unidades de sa\u00fade da \u00e1rea urbana, tr\u00eas outros locais foram organizados: Centro Cultural Aristides Dorigo, E.M. Jo\u00e3o Damasceno Ferreira e E.M. Professora Nice Damasceno de Almeida Muniz.<\/p>\n<p style=\"text-align: justify;\">A vacina\u00e7\u00e3o come\u00e7ou por volta das 8h e poucas horas depois todas as vacinas haviam sido aplicadas. O Site P\u00f3lis apurou que vieram para Recreio aproximadamente 450 vacinas.<\/p>\n<p style=\"text-align: justify;\">Em nota a Prefeitura informou que o desabastecimento est\u00e1 se dando a n\u00edvel nacional e que a reposi\u00e7\u00e3o em Recreio ser\u00e1 de forma fracionada. &#8220;Assim que recebermos a vacina ser\u00e1 feita a ampla divulga\u00e7\u00e3o&#8221;.<\/p>\n<p style=\"text-align: justify;\">A vacina contra a gripe n\u00e3o imuniza contra o novo coronav\u00edrus, mas a campanha \u00e9 fundamental para reduzir o n\u00famero de pessoas com sintomas respirat\u00f3rios nos pr\u00f3ximos meses.<\/p>\n<p><a href=\"http:\/\/www.polisrecreio.com.br\/site\/wp-content\/uploads\/2020\/03\/DSC_0060.jpg\"><img loading=\"lazy\" class=\"aligncenter size-full wp-image-17079\" src=\"http:\/\/www.polisrecreio.com.br\/site\/wp-content\/uploads\/2020\/03\/DSC_0060.jpg\" alt=\"\" width=\"750\" height=\"500\" srcset=\"https:\/\/www.polisrecreio.com.br\/site\/wp-content\/uploads\/2020\/03\/DSC_0060.jpg 750w, https:\/\/www.polisrecreio.com.br\/site\/wp-content\/uploads\/2020\/03\/DSC_0060-300x200.jpg 300w\" sizes=\"(max-width: 750px) 100vw, 750px\" \/><\/a><\/p>\n<p><a href=\"http:\/\/www.polisrecreio.com.br\/site\/wp-content\/uploads\/2020\/03\/DSC_0069.jpg\"><img loading=\"lazy\" class=\"aligncenter size-full wp-image-17078\" src=\"http:\/\/www.polisrecreio.com.br\/site\/wp-content\/uploads\/2020\/03\/DSC_0069.jpg\" alt=\"\" width=\"750\" height=\"500\" srcset=\"https:\/\/www.polisrecreio.com.br\/site\/wp-content\/uploads\/2020\/03\/DSC_0069.jpg 750w, https:\/\/www.polisrecreio.com.br\/site\/wp-content\/uploads\/2020\/03\/DSC_0069-300x200.jpg 300w\" sizes=\"(max-width: 750px) 100vw, 750px\" \/><\/a><\/p>\n<p><a href=\"http:\/\/www.polisrecreio.com.br\/site\/wp-content\/uploads\/2020\/03\/DSC_0066.jpg\"><img loading=\"lazy\" class=\"aligncenter size-full wp-image-17077\" src=\"http:\/\/www.polisrecreio.com.br\/site\/wp-content\/uploads\/2020\/03\/DSC_0066.jpg\" alt=\"\" width=\"750\" height=\"500\" srcset=\"https:\/\/www.polisrecreio.com.br\/site\/wp-content\/uploads\/2020\/03\/DSC_0066.jpg 750w, https:\/\/www.polisrecreio.com.br\/site\/wp-content\/uploads\/2020\/03\/DSC_0066-300x200.jpg 300w\" sizes=\"(max-width: 750px) 100vw, 750px\" \/><\/a><\/p>\n<p><a href=\"http:\/\/www.polisrecreio.com.br\/site\/wp-content\/uploads\/2020\/03\/DSC_0064.jpg\"><img loading=\"lazy\" class=\"aligncenter size-full wp-image-17076\" src=\"http:\/\/www.polisrecreio.com.br\/site\/wp-content\/uploads\/2020\/03\/DSC_0064.jpg\" alt=\"\" width=\"750\" height=\"500\" srcset=\"https:\/\/www.polisrecreio.com.br\/site\/wp-content\/uploads\/2020\/03\/DSC_0064.jpg 750w, https:\/\/www.polisrecreio.com.br\/site\/wp-content\/uploads\/2020\/03\/DSC_0064-300x200.jpg 300w\" sizes=\"(max-width: 750px) 100vw, 750px\" \/><\/a><\/p>\n<p><em>*imagens s\u00e3o dos pontos de vacina\u00e7\u00e3o.<\/em><\/p>\n<p>Nota<\/p>\n<p><a href=\"http:\/\/www.polisrecreio.com.br\/site\/wp-content\/uploads\/2020\/03\/noname.jpg\"><img loading=\"lazy\" class=\"size-full wp-image-17080 alignleft\" src=\"http:\/\/www.polisrecreio.com.br\/site\/wp-content\/uploads\/2020\/03\/noname.jpg\" alt=\"\" width=\"470\" height=\"499\" srcset=\"https:\/\/www.polisrecreio.com.br\/site\/wp-content\/uploads\/2020\/03\/noname.jpg 470w, https:\/\/www.polisrecreio.com.br\/site\/wp-content\/uploads\/2020\/03\/noname-283x300.jpg 283w\" sizes=\"(max-width: 470px) 100vw, 470px\" \/><\/a><\/p>\n","protected":false},"excerpt":{"rendered":"<p>O primeiro dia da campanha nacional contra a influenza \u201cgripe\u201d para os idosos a partir de 60 anos de idade terminou em menos de 3 horas em Recreio. Segundo informa\u00e7\u00f5es da Prefeitura Municipal, atrav\u00e9s da Secretaria Municipal de Sa\u00fade, o quantitativo fornecido pela Ger\u00eancia Regional de Sa\u00fade de Leopoldina encerrou e assim que a nova [&hellip;]<\/p>\n","protected":false},"author":3,"featured_media":17075,"comment_status":"open","ping_status":"open","sticky":false,"template":"","format":"standard","meta":[],"categories":[7],"tags":[],"yoast_head":"<!-- This site is optimized with the Yoast SEO plugin v15.6.2 - https:\/\/yoast.com\/wordpress\/plugins\/seo\/ -->\n<meta name=\"robots\" content=\"index, follow, max-snippet:-1, max-image-preview:large, max-video-preview:-1\" \/>\n<link rel=\"canonical\" href=\"https:\/\/www.polisrecreio.com.br\/site\/2020\/03\/24\/primeiro-dia-da-vacinacao-contra-gripe-para-idosos-termina-em-recreio-em-menos-de-3-horas\/\" \/>\n<meta property=\"og:locale\" content=\"pt_BR\" \/>\n<meta property=\"og:type\" content=\"article\" \/>\n<meta property=\"og:title\" content=\"Primeiro dia da vacina\u00e7\u00e3o contra gripe para idosos termina em Recreio em menos de 3 horas - P\u00f3lis Recreio\" \/>\n<meta property=\"og:description\" content=\"O primeiro dia da campanha nacional contra a influenza \u201cgripe\u201d para os idosos a partir de 60 anos de idade terminou em menos de 3 horas em Recreio. Segundo informa\u00e7\u00f5es da Prefeitura Municipal, atrav\u00e9s da Secretaria Municipal de Sa\u00fade, o quantitativo fornecido pela Ger\u00eancia Regional de Sa\u00fade de Leopoldina encerrou e assim que a nova [&hellip;]\" \/>\n<meta property=\"og:url\" content=\"https:\/\/www.polisrecreio.com.br\/site\/2020\/03\/24\/primeiro-dia-da-vacinacao-contra-gripe-para-idosos-termina-em-recreio-em-menos-de-3-horas\/\" \/>\n<meta property=\"og:site_name\" content=\"P\u00f3lis Recreio\" \/>\n<meta property=\"article:publisher\" content=\"https:\/\/www.facebook.com\/Site-P%c3%b3lis-Recreio-MG-181941708571019\/\" \/>\n<meta property=\"article:published_time\" content=\"2020-03-24T15:35:52+00:00\" \/>\n<meta property=\"article:modified_time\" content=\"2020-03-24T15:38:35+00:00\" \/>\n<meta property=\"og:image\" content=\"https:\/\/www.polisrecreio.com.br\/site\/wp-content\/uploads\/2020\/03\/DSC_0063.jpg\" \/>\n\t<meta property=\"og:image:width\" content=\"750\" \/>\n\t<meta property=\"og:image:height\" content=\"500\" \/>\n<meta name=\"twitter:card\" content=\"summary_large_image\" \/>\n<meta name=\"twitter:creator\" content=\"@PolisRecreio\" \/>\n<meta name=\"twitter:site\" content=\"@PolisRecreio\" \/>\n<meta name=\"twitter:label1\" content=\"Est. reading time\">\n\t<meta name=\"twitter:data1\" content=\"1 minuto\">\n<script type=\"application\/ld+json\" class=\"yoast-schema-graph\">{\"@context\":\"https:\/\/schema.org\",\"@graph\":[{\"@type\":\"WebSite\",\"@id\":\"https:\/\/www.polisrecreio.com.br\/site\/#website\",\"url\":\"https:\/\/www.polisrecreio.com.br\/site\/\",\"name\":\"P\\u00f3lis Recreio\",\"description\":\"\",\"potentialAction\":[{\"@type\":\"SearchAction\",\"target\":\"https:\/\/www.polisrecreio.com.br\/site\/?s={search_term_string}\",\"query-input\":\"required name=search_term_string\"}],\"inLanguage\":\"pt-BR\"},{\"@type\":\"ImageObject\",\"@id\":\"https:\/\/www.polisrecreio.com.br\/site\/2020\/03\/24\/primeiro-dia-da-vacinacao-contra-gripe-para-idosos-termina-em-recreio-em-menos-de-3-horas\/#primaryimage\",\"inLanguage\":\"pt-BR\",\"url\":\"https:\/\/www.polisrecreio.com.br\/site\/wp-content\/uploads\/2020\/03\/DSC_0063.jpg\",\"width\":750,\"height\":500},{\"@type\":\"WebPage\",\"@id\":\"https:\/\/www.polisrecreio.com.br\/site\/2020\/03\/24\/primeiro-dia-da-vacinacao-contra-gripe-para-idosos-termina-em-recreio-em-menos-de-3-horas\/#webpage\",\"url\":\"https:\/\/www.polisrecreio.com.br\/site\/2020\/03\/24\/primeiro-dia-da-vacinacao-contra-gripe-para-idosos-termina-em-recreio-em-menos-de-3-horas\/\",\"name\":\"Primeiro dia da vacina\\u00e7\\u00e3o contra gripe para idosos termina em Recreio em menos de 3 horas - P\\u00f3lis Recreio\",\"isPartOf\":{\"@id\":\"https:\/\/www.polisrecreio.com.br\/site\/#website\"},\"primaryImageOfPage\":{\"@id\":\"https:\/\/www.polisrecreio.com.br\/site\/2020\/03\/24\/primeiro-dia-da-vacinacao-contra-gripe-para-idosos-termina-em-recreio-em-menos-de-3-horas\/#primaryimage\"},\"datePublished\":\"2020-03-24T15:35:52+00:00\",\"dateModified\":\"2020-03-24T15:38:35+00:00\",\"author\":{\"@id\":\"https:\/\/www.polisrecreio.com.br\/site\/#\/schema\/person\/3363c1c78e1e28e1329d97adb387638e\"},\"inLanguage\":\"pt-BR\",\"potentialAction\":[{\"@type\":\"ReadAction\",\"target\":[\"https:\/\/www.polisrecreio.com.br\/site\/2020\/03\/24\/primeiro-dia-da-vacinacao-contra-gripe-para-idosos-termina-em-recreio-em-menos-de-3-horas\/\"]}]},{\"@type\":\"Person\",\"@id\":\"https:\/\/www.polisrecreio.com.br\/site\/#\/schema\/person\/3363c1c78e1e28e1329d97adb387638e\",\"name\":\"Leonardo Ribeiro\",\"image\":{\"@type\":\"ImageObject\",\"@id\":\"https:\/\/www.polisrecreio.com.br\/site\/#personlogo\",\"inLanguage\":\"pt-BR\",\"url\":\"https:\/\/secure.gravatar.com\/avatar\/6ba92a37d621e1a83e23710251178a12?s=96&d=mm&r=g\",\"caption\":\"Leonardo Ribeiro\"},\"sameAs\":[\"http:\/\/www.polisrecreio.com.br\"]}]}<\/script>\n<!-- \/ Yoast SEO plugin. -->","_links":{"self":[{"href":"https:\/\/www.polisrecreio.com.br\/site\/wp-json\/wp\/v2\/posts\/17074"}],"collection":[{"href":"https:\/\/www.polisrecreio.com.br\/site\/wp-json\/wp\/v2\/posts"}],"about":[{"href":"https:\/\/www.polisrecreio.com.br\/site\/wp-json\/wp\/v2\/types\/post"}],"author":[{"embeddable":true,"href":"https:\/\/www.polisrecreio.com.br\/site\/wp-json\/wp\/v2\/users\/3"}],"replies":[{"embeddable":true,"href":"https:\/\/www.polisrecreio.com.br\/site\/wp-json\/wp\/v2\/comments?post=17074"}],"version-history":[{"count":4,"href":"https:\/\/www.polisrecreio.com.br\/site\/wp-json\/wp\/v2\/posts\/17074\/revisions"}],"predecessor-version":[{"id":17084,"href":"https:\/\/www.polisrecreio.com.br\/site\/wp-json\/wp\/v2\/posts\/17074\/revisions\/17084"}],"wp:featuredmedia":[{"embeddable":true,"href":"https:\/\/www.polisrecreio.com.br\/site\/wp-json\/wp\/v2\/media\/17075"}],"wp:attachment":[{"href":"https:\/\/www.polisrecreio.com.br\/site\/wp-json\/wp\/v2\/media?parent=17074"}],"wp:term":[{"taxonomy":"category","embeddable":true,"href":"https:\/\/www.polisrecreio.com.br\/site\/wp-json\/wp\/v2\/categories?post=17074"},{"taxonomy":"post_tag","embeddable":true,"href":"https:\/\/www.polisrecreio.com.br\/site\/wp-json\/wp\/v2\/tags?post=17074"}],"curies":[{"name":"wp","href":"https:\/\/api.w.org\/{rel}","templated":true}]}}