{"id":17085,"date":"2020-03-24T17:01:49","date_gmt":"2020-03-24T20:01:49","guid":{"rendered":"http:\/\/www.polisrecreio.com.br\/site\/?p=17085"},"modified":"2020-03-24T17:01:49","modified_gmt":"2020-03-24T20:01:49","slug":"cataguases-da-inicio-a-blitz-educativa-e-instala-barreiras-sanitarias","status":"publish","type":"post","link":"https:\/\/www.polisrecreio.com.br\/site\/2020\/03\/24\/cataguases-da-inicio-a-blitz-educativa-e-instala-barreiras-sanitarias\/","title":{"rendered":"Cataguases d\u00e1 in\u00edcio a blitz educativa e instala barreiras sanit\u00e1rias"},"content":{"rendered":"<p style=\"text-align: justify;\">A Prefeitura de Cataguases deu in\u00edcio na \u00faltima segunda-feira (23) \u00e0 realiza\u00e7\u00e3o de blitz educativa nas entradas da cidade e instala\u00e7\u00e3o de barreiras sanit\u00e1rias. A medida foi intensificada no final daquele dia ap\u00f3s o prefeito Willian Lobo, de forma inesperada, mandar fechar a entrada pela Vila Minalda, a principal do munic\u00edpio.<\/p>\n<p><!--more--><\/p>\n<p><a href=\"http:\/\/www.polisrecreio.com.br\/site\/wp-content\/uploads\/2020\/03\/90653056_1413476712191053_5816638174197186560_o.jpg\"><img loading=\"lazy\" class=\"aligncenter size-full wp-image-17086\" src=\"http:\/\/www.polisrecreio.com.br\/site\/wp-content\/uploads\/2020\/03\/90653056_1413476712191053_5816638174197186560_o.jpg\" alt=\"\" width=\"750\" height=\"453\" srcset=\"https:\/\/www.polisrecreio.com.br\/site\/wp-content\/uploads\/2020\/03\/90653056_1413476712191053_5816638174197186560_o.jpg 750w, https:\/\/www.polisrecreio.com.br\/site\/wp-content\/uploads\/2020\/03\/90653056_1413476712191053_5816638174197186560_o-300x181.jpg 300w\" sizes=\"(max-width: 750px) 100vw, 750px\" \/><\/a><\/p>\n<p style=\"text-align: justify;\">Para isso foram despejados na rua, de uma margem \u00e0 outra, na altura do antigo Clube Meca, quatro caminh\u00f5es de terra, impedindo totalmente a passagem de ve\u00edculos. Houve muita reclama\u00e7\u00e3o, mas o objetivo \u00e9 facilitar o controle de entrada e sa\u00edda de pessoas em Cataguases, conforme ele mesmo justificou na manh\u00e3 desta ter\u00e7a-feira, 24, em um \u00e1udio que fez circular no aplicativo WhatsApp.<\/p>\n<p style=\"text-align: justify;\">Desde ent\u00e3o a fiscaliza\u00e7\u00e3o vem ocorrendo na sa\u00edda pelos bairros Granjaria e Pampulha onde as pessoas que passam por estas blitze recebem informa\u00e7\u00f5es sobre o novo Coronav\u00edrus e as formas de evitar o seu cont\u00e1gio. Entre os procedimentos aplicados nos locais, est\u00e3o tamb\u00e9m, a aferi\u00e7\u00e3o da temperatura e a recomenda\u00e7\u00e3o de isolamento a quem chega de regi\u00f5es com casos confirmados ou teve contato com algu\u00e9m que apresentou os sintomas da Covid-19.<\/p>\n<p style=\"text-align: justify;\">A Prefeitura faz um apelo tamb\u00e9m para que as pessoas que presenciarem algu\u00e9m tentando passar pelo bloqueio instalado na Vila Minalda, ou mesmo retirando a terra de l\u00e1 a fim de liberar a passagem, entrar em contato com os \u00f3rg\u00e3o respons\u00e1veis pelo telefone 199, ou com a Pol\u00edcia Militar por meio do 190. Quem for pego cometendo o ato responder\u00e1 criminalmente.<\/p>\n<p style=\"text-align: justify;\">De acordo ainda com o prefeito Willian Lobo, \u201ctodas essas medidas est\u00e3o sendo adotadas visando preservar a vida dos cidad\u00e3os cataguasenses. N\u00e3o podemos deixar que a Covid-19 avance no nosso munic\u00edpio. Para isso, a participa\u00e7\u00e3o dos nossos cidad\u00e3os \u00e9 fundamental. S\u00f3 saia de casa em caso de necessidade\u201d, finaliza.<\/p>\n<p style=\"text-align: justify;\"><em>Com informa\u00e7\u00f5es: Site do Marcelo Lopes. Fotos: Facebook Prefeitura de Cataguases.<\/em><\/p>\n<p><a href=\"http:\/\/www.polisrecreio.com.br\/site\/wp-content\/uploads\/2020\/03\/90800094_1413476625524395_3008997050411909120_o.jpg\"><img loading=\"lazy\" class=\"aligncenter size-full wp-image-17087\" src=\"http:\/\/www.polisrecreio.com.br\/site\/wp-content\/uploads\/2020\/03\/90800094_1413476625524395_3008997050411909120_o.jpg\" alt=\"\" width=\"750\" height=\"453\" srcset=\"https:\/\/www.polisrecreio.com.br\/site\/wp-content\/uploads\/2020\/03\/90800094_1413476625524395_3008997050411909120_o.jpg 750w, https:\/\/www.polisrecreio.com.br\/site\/wp-content\/uploads\/2020\/03\/90800094_1413476625524395_3008997050411909120_o-300x181.jpg 300w\" sizes=\"(max-width: 750px) 100vw, 750px\" \/><\/a><\/p>\n<p><a href=\"http:\/\/www.polisrecreio.com.br\/site\/wp-content\/uploads\/2020\/03\/cataguases.jpg\"><img loading=\"lazy\" class=\"size-full wp-image-17088 alignleft\" src=\"http:\/\/www.polisrecreio.com.br\/site\/wp-content\/uploads\/2020\/03\/cataguases.jpg\" alt=\"\" width=\"430\" height=\"555\" srcset=\"https:\/\/www.polisrecreio.com.br\/site\/wp-content\/uploads\/2020\/03\/cataguases.jpg 430w, https:\/\/www.polisrecreio.com.br\/site\/wp-content\/uploads\/2020\/03\/cataguases-232x300.jpg 232w\" sizes=\"(max-width: 430px) 100vw, 430px\" \/><\/a><\/p>\n","protected":false},"excerpt":{"rendered":"<p>A Prefeitura de Cataguases deu in\u00edcio na \u00faltima segunda-feira (23) \u00e0 realiza\u00e7\u00e3o de blitz educativa nas entradas da cidade e instala\u00e7\u00e3o de barreiras sanit\u00e1rias. A medida foi intensificada no final daquele dia ap\u00f3s o prefeito Willian Lobo, de forma inesperada, mandar fechar a entrada pela Vila Minalda, a principal do munic\u00edpio.<\/p>\n","protected":false},"author":3,"featured_media":0,"comment_status":"open","ping_status":"open","sticky":false,"template":"","format":"standard","meta":[],"categories":[8],"tags":[],"yoast_head":"<!-- This site is optimized with the Yoast SEO plugin v15.6.2 - https:\/\/yoast.com\/wordpress\/plugins\/seo\/ -->\n<meta name=\"robots\" content=\"index, follow, max-snippet:-1, max-image-preview:large, max-video-preview:-1\" \/>\n<link rel=\"canonical\" href=\"http:\/\/www.polisrecreio.com.br\/site\/2020\/03\/24\/cataguases-da-inicio-a-blitz-educativa-e-instala-barreiras-sanitarias\/\" \/>\n<meta property=\"og:locale\" content=\"pt_BR\" \/>\n<meta property=\"og:type\" content=\"article\" \/>\n<meta property=\"og:title\" content=\"Cataguases d\u00e1 in\u00edcio a blitz educativa e instala barreiras sanit\u00e1rias - P\u00f3lis Recreio\" \/>\n<meta property=\"og:description\" content=\"A Prefeitura de Cataguases deu in\u00edcio na \u00faltima segunda-feira (23) \u00e0 realiza\u00e7\u00e3o de blitz educativa nas entradas da cidade e instala\u00e7\u00e3o de barreiras sanit\u00e1rias. A medida foi intensificada no final daquele dia ap\u00f3s o prefeito Willian Lobo, de forma inesperada, mandar fechar a entrada pela Vila Minalda, a principal do munic\u00edpio.\" \/>\n<meta property=\"og:url\" content=\"http:\/\/www.polisrecreio.com.br\/site\/2020\/03\/24\/cataguases-da-inicio-a-blitz-educativa-e-instala-barreiras-sanitarias\/\" \/>\n<meta property=\"og:site_name\" content=\"P\u00f3lis Recreio\" \/>\n<meta property=\"article:publisher\" content=\"https:\/\/www.facebook.com\/Site-P%c3%b3lis-Recreio-MG-181941708571019\/\" \/>\n<meta property=\"article:published_time\" content=\"2020-03-24T20:01:49+00:00\" \/>\n<meta property=\"og:image\" content=\"http:\/\/www.polisrecreio.com.br\/site\/wp-content\/uploads\/2020\/03\/90653056_1413476712191053_5816638174197186560_o.jpg\" \/>\n<meta name=\"twitter:card\" content=\"summary_large_image\" \/>\n<meta name=\"twitter:creator\" content=\"@PolisRecreio\" \/>\n<meta name=\"twitter:site\" content=\"@PolisRecreio\" \/>\n<meta name=\"twitter:label1\" content=\"Est. reading time\">\n\t<meta name=\"twitter:data1\" content=\"2 minutos\">\n<script type=\"application\/ld+json\" class=\"yoast-schema-graph\">{\"@context\":\"https:\/\/schema.org\",\"@graph\":[{\"@type\":\"WebSite\",\"@id\":\"https:\/\/www.polisrecreio.com.br\/site\/#website\",\"url\":\"https:\/\/www.polisrecreio.com.br\/site\/\",\"name\":\"P\\u00f3lis Recreio\",\"description\":\"\",\"potentialAction\":[{\"@type\":\"SearchAction\",\"target\":\"https:\/\/www.polisrecreio.com.br\/site\/?s={search_term_string}\",\"query-input\":\"required name=search_term_string\"}],\"inLanguage\":\"pt-BR\"},{\"@type\":\"ImageObject\",\"@id\":\"http:\/\/www.polisrecreio.com.br\/site\/2020\/03\/24\/cataguases-da-inicio-a-blitz-educativa-e-instala-barreiras-sanitarias\/#primaryimage\",\"inLanguage\":\"pt-BR\",\"url\":\"http:\/\/www.polisrecreio.com.br\/site\/wp-content\/uploads\/2020\/03\/90653056_1413476712191053_5816638174197186560_o.jpg\"},{\"@type\":\"WebPage\",\"@id\":\"http:\/\/www.polisrecreio.com.br\/site\/2020\/03\/24\/cataguases-da-inicio-a-blitz-educativa-e-instala-barreiras-sanitarias\/#webpage\",\"url\":\"http:\/\/www.polisrecreio.com.br\/site\/2020\/03\/24\/cataguases-da-inicio-a-blitz-educativa-e-instala-barreiras-sanitarias\/\",\"name\":\"Cataguases d\\u00e1 in\\u00edcio a blitz educativa e instala barreiras sanit\\u00e1rias - P\\u00f3lis Recreio\",\"isPartOf\":{\"@id\":\"https:\/\/www.polisrecreio.com.br\/site\/#website\"},\"primaryImageOfPage\":{\"@id\":\"http:\/\/www.polisrecreio.com.br\/site\/2020\/03\/24\/cataguases-da-inicio-a-blitz-educativa-e-instala-barreiras-sanitarias\/#primaryimage\"},\"datePublished\":\"2020-03-24T20:01:49+00:00\",\"dateModified\":\"2020-03-24T20:01:49+00:00\",\"author\":{\"@id\":\"https:\/\/www.polisrecreio.com.br\/site\/#\/schema\/person\/3363c1c78e1e28e1329d97adb387638e\"},\"inLanguage\":\"pt-BR\",\"potentialAction\":[{\"@type\":\"ReadAction\",\"target\":[\"http:\/\/www.polisrecreio.com.br\/site\/2020\/03\/24\/cataguases-da-inicio-a-blitz-educativa-e-instala-barreiras-sanitarias\/\"]}]},{\"@type\":\"Person\",\"@id\":\"https:\/\/www.polisrecreio.com.br\/site\/#\/schema\/person\/3363c1c78e1e28e1329d97adb387638e\",\"name\":\"Leonardo Ribeiro\",\"image\":{\"@type\":\"ImageObject\",\"@id\":\"https:\/\/www.polisrecreio.com.br\/site\/#personlogo\",\"inLanguage\":\"pt-BR\",\"url\":\"https:\/\/secure.gravatar.com\/avatar\/6ba92a37d621e1a83e23710251178a12?s=96&d=mm&r=g\",\"caption\":\"Leonardo Ribeiro\"},\"sameAs\":[\"http:\/\/www.polisrecreio.com.br\"]}]}<\/script>\n<!-- \/ Yoast SEO plugin. -->","_links":{"self":[{"href":"https:\/\/www.polisrecreio.com.br\/site\/wp-json\/wp\/v2\/posts\/17085"}],"collection":[{"href":"https:\/\/www.polisrecreio.com.br\/site\/wp-json\/wp\/v2\/posts"}],"about":[{"href":"https:\/\/www.polisrecreio.com.br\/site\/wp-json\/wp\/v2\/types\/post"}],"author":[{"embeddable":true,"href":"https:\/\/www.polisrecreio.com.br\/site\/wp-json\/wp\/v2\/users\/3"}],"replies":[{"embeddable":true,"href":"https:\/\/www.polisrecreio.com.br\/site\/wp-json\/wp\/v2\/comments?post=17085"}],"version-history":[{"count":1,"href":"https:\/\/www.polisrecreio.com.br\/site\/wp-json\/wp\/v2\/posts\/17085\/revisions"}],"predecessor-version":[{"id":17089,"href":"https:\/\/www.polisrecreio.com.br\/site\/wp-json\/wp\/v2\/posts\/17085\/revisions\/17089"}],"wp:attachment":[{"href":"https:\/\/www.polisrecreio.com.br\/site\/wp-json\/wp\/v2\/media?parent=17085"}],"wp:term":[{"taxonomy":"category","embeddable":true,"href":"https:\/\/www.polisrecreio.com.br\/site\/wp-json\/wp\/v2\/categories?post=17085"},{"taxonomy":"post_tag","embeddable":true,"href":"https:\/\/www.polisrecreio.com.br\/site\/wp-json\/wp\/v2\/tags?post=17085"}],"curies":[{"name":"wp","href":"https:\/\/api.w.org\/{rel}","templated":true}]}}