{"id":17090,"date":"2020-03-24T20:15:51","date_gmt":"2020-03-24T23:15:51","guid":{"rendered":"http:\/\/www.polisrecreio.com.br\/site\/?p=17090"},"modified":"2020-03-24T20:15:51","modified_gmt":"2020-03-24T23:15:51","slug":"pirapetinga-tem-dois-casos-suspeitos-de-coronavirus","status":"publish","type":"post","link":"https:\/\/www.polisrecreio.com.br\/site\/2020\/03\/24\/pirapetinga-tem-dois-casos-suspeitos-de-coronavirus\/","title":{"rendered":"Pirapetinga tem dois casos suspeitos de coronav\u00edrus"},"content":{"rendered":"<p style=\"text-align: justify;\">A cidade de Pirapetinga tem dois casos suspeitos de coronav\u00edrus. A divulga\u00e7\u00e3o foi feita pela Prefeitura Municipal de Pirapetinga atrav\u00e9s de um boletim publicado nesta ter\u00e7a-feira (24).<\/p>\n<p><!--more--><\/p>\n<p><a href=\"http:\/\/www.polisrecreio.com.br\/site\/wp-content\/uploads\/2020\/03\/maxresdefault.jpg\"><img loading=\"lazy\" class=\"aligncenter size-full wp-image-17025\" src=\"http:\/\/www.polisrecreio.com.br\/site\/wp-content\/uploads\/2020\/03\/maxresdefault.jpg\" alt=\"\" width=\"750\" height=\"369\" srcset=\"https:\/\/www.polisrecreio.com.br\/site\/wp-content\/uploads\/2020\/03\/maxresdefault.jpg 750w, https:\/\/www.polisrecreio.com.br\/site\/wp-content\/uploads\/2020\/03\/maxresdefault-300x148.jpg 300w\" sizes=\"(max-width: 750px) 100vw, 750px\" \/><\/a><\/p>\n<p style=\"text-align: justify;\">Na publica\u00e7\u00e3o a Prefeitura informa que diariamente ser\u00e1 divulgado um boletim. \u201cPara n\u00e3o causar desespero e Fake News, n\u00e3o compartilhem informa\u00e7\u00f5es que n\u00e3o sejam do Facebook da Prefeitura\u201d, diz a nota.<\/p>\n<p style=\"text-align: justify;\">Al\u00e9m dos dois casos suspeitos, outras seis pessoas est\u00e3o sendo acompanhadas em isolamento domiciliar. N\u00e3o h\u00e1 informa\u00e7\u00f5es sobre idade e sexo dos pacientes.<\/p>\n<p><a href=\"http:\/\/www.polisrecreio.com.br\/site\/wp-content\/uploads\/2020\/03\/pirapetinga.jpg\"><img loading=\"lazy\" class=\"size-full wp-image-17091 alignleft\" src=\"http:\/\/www.polisrecreio.com.br\/site\/wp-content\/uploads\/2020\/03\/pirapetinga.jpg\" alt=\"\" width=\"383\" height=\"538\" srcset=\"https:\/\/www.polisrecreio.com.br\/site\/wp-content\/uploads\/2020\/03\/pirapetinga.jpg 383w, https:\/\/www.polisrecreio.com.br\/site\/wp-content\/uploads\/2020\/03\/pirapetinga-214x300.jpg 214w\" sizes=\"(max-width: 383px) 100vw, 383px\" \/><\/a><\/p>\n","protected":false},"excerpt":{"rendered":"<p>A cidade de Pirapetinga tem dois casos suspeitos de coronav\u00edrus. A divulga\u00e7\u00e3o foi feita pela Prefeitura Municipal de Pirapetinga atrav\u00e9s de um boletim publicado nesta ter\u00e7a-feira (24).<\/p>\n","protected":false},"author":3,"featured_media":17025,"comment_status":"open","ping_status":"open","sticky":false,"template":"","format":"standard","meta":[],"categories":[8],"tags":[],"yoast_head":"<!-- This site is optimized with the Yoast SEO plugin v15.6.2 - https:\/\/yoast.com\/wordpress\/plugins\/seo\/ -->\n<meta name=\"robots\" content=\"index, follow, max-snippet:-1, max-image-preview:large, max-video-preview:-1\" \/>\n<link rel=\"canonical\" href=\"https:\/\/www.polisrecreio.com.br\/site\/2020\/03\/24\/pirapetinga-tem-dois-casos-suspeitos-de-coronavirus\/\" \/>\n<meta property=\"og:locale\" content=\"pt_BR\" \/>\n<meta property=\"og:type\" content=\"article\" \/>\n<meta property=\"og:title\" content=\"Pirapetinga tem dois casos suspeitos de coronav\u00edrus - P\u00f3lis Recreio\" \/>\n<meta property=\"og:description\" content=\"A cidade de Pirapetinga tem dois casos suspeitos de coronav\u00edrus. A divulga\u00e7\u00e3o foi feita pela Prefeitura Municipal de Pirapetinga atrav\u00e9s de um boletim publicado nesta ter\u00e7a-feira (24).\" \/>\n<meta property=\"og:url\" content=\"https:\/\/www.polisrecreio.com.br\/site\/2020\/03\/24\/pirapetinga-tem-dois-casos-suspeitos-de-coronavirus\/\" \/>\n<meta property=\"og:site_name\" content=\"P\u00f3lis Recreio\" \/>\n<meta property=\"article:publisher\" content=\"https:\/\/www.facebook.com\/Site-P%c3%b3lis-Recreio-MG-181941708571019\/\" \/>\n<meta property=\"article:published_time\" content=\"2020-03-24T23:15:51+00:00\" \/>\n<meta property=\"og:image\" content=\"https:\/\/www.polisrecreio.com.br\/site\/wp-content\/uploads\/2020\/03\/maxresdefault.jpg\" \/>\n\t<meta property=\"og:image:width\" content=\"750\" \/>\n\t<meta property=\"og:image:height\" content=\"369\" \/>\n<meta name=\"twitter:card\" content=\"summary_large_image\" \/>\n<meta name=\"twitter:creator\" content=\"@PolisRecreio\" \/>\n<meta name=\"twitter:site\" content=\"@PolisRecreio\" \/>\n<script type=\"application\/ld+json\" class=\"yoast-schema-graph\">{\"@context\":\"https:\/\/schema.org\",\"@graph\":[{\"@type\":\"WebSite\",\"@id\":\"https:\/\/www.polisrecreio.com.br\/site\/#website\",\"url\":\"https:\/\/www.polisrecreio.com.br\/site\/\",\"name\":\"P\\u00f3lis Recreio\",\"description\":\"\",\"potentialAction\":[{\"@type\":\"SearchAction\",\"target\":\"https:\/\/www.polisrecreio.com.br\/site\/?s={search_term_string}\",\"query-input\":\"required name=search_term_string\"}],\"inLanguage\":\"pt-BR\"},{\"@type\":\"ImageObject\",\"@id\":\"https:\/\/www.polisrecreio.com.br\/site\/2020\/03\/24\/pirapetinga-tem-dois-casos-suspeitos-de-coronavirus\/#primaryimage\",\"inLanguage\":\"pt-BR\",\"url\":\"https:\/\/www.polisrecreio.com.br\/site\/wp-content\/uploads\/2020\/03\/maxresdefault.jpg\",\"width\":750,\"height\":369},{\"@type\":\"WebPage\",\"@id\":\"https:\/\/www.polisrecreio.com.br\/site\/2020\/03\/24\/pirapetinga-tem-dois-casos-suspeitos-de-coronavirus\/#webpage\",\"url\":\"https:\/\/www.polisrecreio.com.br\/site\/2020\/03\/24\/pirapetinga-tem-dois-casos-suspeitos-de-coronavirus\/\",\"name\":\"Pirapetinga tem dois casos suspeitos de coronav\\u00edrus - P\\u00f3lis Recreio\",\"isPartOf\":{\"@id\":\"https:\/\/www.polisrecreio.com.br\/site\/#website\"},\"primaryImageOfPage\":{\"@id\":\"https:\/\/www.polisrecreio.com.br\/site\/2020\/03\/24\/pirapetinga-tem-dois-casos-suspeitos-de-coronavirus\/#primaryimage\"},\"datePublished\":\"2020-03-24T23:15:51+00:00\",\"dateModified\":\"2020-03-24T23:15:51+00:00\",\"author\":{\"@id\":\"https:\/\/www.polisrecreio.com.br\/site\/#\/schema\/person\/3363c1c78e1e28e1329d97adb387638e\"},\"inLanguage\":\"pt-BR\",\"potentialAction\":[{\"@type\":\"ReadAction\",\"target\":[\"https:\/\/www.polisrecreio.com.br\/site\/2020\/03\/24\/pirapetinga-tem-dois-casos-suspeitos-de-coronavirus\/\"]}]},{\"@type\":\"Person\",\"@id\":\"https:\/\/www.polisrecreio.com.br\/site\/#\/schema\/person\/3363c1c78e1e28e1329d97adb387638e\",\"name\":\"Leonardo Ribeiro\",\"image\":{\"@type\":\"ImageObject\",\"@id\":\"https:\/\/www.polisrecreio.com.br\/site\/#personlogo\",\"inLanguage\":\"pt-BR\",\"url\":\"https:\/\/secure.gravatar.com\/avatar\/6ba92a37d621e1a83e23710251178a12?s=96&d=mm&r=g\",\"caption\":\"Leonardo Ribeiro\"},\"sameAs\":[\"http:\/\/www.polisrecreio.com.br\"]}]}<\/script>\n<!-- \/ Yoast SEO plugin. -->","_links":{"self":[{"href":"https:\/\/www.polisrecreio.com.br\/site\/wp-json\/wp\/v2\/posts\/17090"}],"collection":[{"href":"https:\/\/www.polisrecreio.com.br\/site\/wp-json\/wp\/v2\/posts"}],"about":[{"href":"https:\/\/www.polisrecreio.com.br\/site\/wp-json\/wp\/v2\/types\/post"}],"author":[{"embeddable":true,"href":"https:\/\/www.polisrecreio.com.br\/site\/wp-json\/wp\/v2\/users\/3"}],"replies":[{"embeddable":true,"href":"https:\/\/www.polisrecreio.com.br\/site\/wp-json\/wp\/v2\/comments?post=17090"}],"version-history":[{"count":1,"href":"https:\/\/www.polisrecreio.com.br\/site\/wp-json\/wp\/v2\/posts\/17090\/revisions"}],"predecessor-version":[{"id":17092,"href":"https:\/\/www.polisrecreio.com.br\/site\/wp-json\/wp\/v2\/posts\/17090\/revisions\/17092"}],"wp:featuredmedia":[{"embeddable":true,"href":"https:\/\/www.polisrecreio.com.br\/site\/wp-json\/wp\/v2\/media\/17025"}],"wp:attachment":[{"href":"https:\/\/www.polisrecreio.com.br\/site\/wp-json\/wp\/v2\/media?parent=17090"}],"wp:term":[{"taxonomy":"category","embeddable":true,"href":"https:\/\/www.polisrecreio.com.br\/site\/wp-json\/wp\/v2\/categories?post=17090"},{"taxonomy":"post_tag","embeddable":true,"href":"https:\/\/www.polisrecreio.com.br\/site\/wp-json\/wp\/v2\/tags?post=17090"}],"curies":[{"name":"wp","href":"https:\/\/api.w.org\/{rel}","templated":true}]}}