{"id":17093,"date":"2020-03-24T22:11:04","date_gmt":"2020-03-25T01:11:04","guid":{"rendered":"http:\/\/www.polisrecreio.com.br\/site\/?p=17093"},"modified":"2020-03-25T07:38:06","modified_gmt":"2020-03-25T10:38:06","slug":"recreio-realizou-primeiro-dia-de-barreira-sanitaria-na-mg-454","status":"publish","type":"post","link":"https:\/\/www.polisrecreio.com.br\/site\/2020\/03\/24\/recreio-realizou-primeiro-dia-de-barreira-sanitaria-na-mg-454\/","title":{"rendered":"Recreio realizou primeiro dia de barreira sanit\u00e1ria na MG-454"},"content":{"rendered":"<p style=\"text-align: justify;\">O munic\u00edpio de Recreio realizou o primeiro dia de barreira sanit\u00e1ria nesta ter\u00e7a-feira (24) na MG-454, principal entrada da cidade. O controle contou com a presen\u00e7a de servidores (agentes de epidemiologia e fiscais municipais) da Secretaria Municipal de Sa\u00fade, apoiados pela Pol\u00edcia Militar de Minas Gerais.<\/p>\n<p><!--more--><\/p>\n<p><a href=\"http:\/\/www.polisrecreio.com.br\/site\/wp-content\/uploads\/2020\/03\/DSC_0083.jpg\"><img loading=\"lazy\" class=\"aligncenter size-full wp-image-17095\" src=\"http:\/\/www.polisrecreio.com.br\/site\/wp-content\/uploads\/2020\/03\/DSC_0083.jpg\" alt=\"\" width=\"750\" height=\"500\" srcset=\"https:\/\/www.polisrecreio.com.br\/site\/wp-content\/uploads\/2020\/03\/DSC_0083.jpg 750w, https:\/\/www.polisrecreio.com.br\/site\/wp-content\/uploads\/2020\/03\/DSC_0083-300x200.jpg 300w\" sizes=\"(max-width: 750px) 100vw, 750px\" \/><\/a><\/p>\n<p style=\"text-align: justify;\">Os servidores municipais ficaram quase 12 horas trabalhando na barreira. \u201cTodos que passaram pelo ponto foram questionados: qual a cidade de origem, por qual motivo estavam vindo a Recreio, quanto tempo ficariam aqui e se tiveram algum sintoma doentio nos \u00faltimos dias\u201d, informou um dos servidores.<\/p>\n<p style=\"text-align: justify;\">As opini\u00f5es sobre a barreira se dividiram nas redes sociais. Houve cr\u00edticas, pois, alguns achavam que ningu\u00e9m poderia entrar em Recreio. E elogios, com a atitude de controlar a entrada de pessoas na cidade.<\/p>\n<p style=\"text-align: justify;\">Uma das servidoras explicou de maneira simples o servi\u00e7o desempenhado pela equipe neste primeiro dia: \u201cbarreira sanit\u00e1ria \u00e9 orienta\u00e7\u00e3o; bloqueio sanit\u00e1rio \u00e9 proibi\u00e7\u00e3o de entrada. Espero que possam entender! \u201d<\/p>\n<p style=\"text-align: justify;\">Os servi\u00e7os na barreira n\u00e3o se estenderam durante o per\u00edodo noturno. Nesta quarta-feira (25) acompanharemos como ser\u00e3o as atividades do segundo dia.<\/p>\n<p style=\"text-align: justify;\">Lembrando que at\u00e9 o momento, de acordo com informa\u00e7\u00f5es da Prefeitura Municipal de Recreio, atrav\u00e9s da Secretaria Municipal de Sa\u00fade, n\u00e3o h\u00e1 caso suspeito de coronav\u00edrus na cidade.<\/p>\n<p><a href=\"http:\/\/www.polisrecreio.com.br\/site\/wp-content\/uploads\/2020\/03\/DSC_0071.jpg\"><img loading=\"lazy\" class=\"aligncenter size-full wp-image-17094\" src=\"http:\/\/www.polisrecreio.com.br\/site\/wp-content\/uploads\/2020\/03\/DSC_0071.jpg\" alt=\"\" width=\"750\" height=\"500\" srcset=\"https:\/\/www.polisrecreio.com.br\/site\/wp-content\/uploads\/2020\/03\/DSC_0071.jpg 750w, https:\/\/www.polisrecreio.com.br\/site\/wp-content\/uploads\/2020\/03\/DSC_0071-300x200.jpg 300w\" sizes=\"(max-width: 750px) 100vw, 750px\" \/><\/a><\/p>\n<p><a href=\"http:\/\/www.polisrecreio.com.br\/site\/wp-content\/uploads\/2020\/03\/DSC_0088.jpg\"><img loading=\"lazy\" class=\"aligncenter size-full wp-image-17097\" src=\"http:\/\/www.polisrecreio.com.br\/site\/wp-content\/uploads\/2020\/03\/DSC_0088.jpg\" alt=\"\" width=\"750\" height=\"500\" srcset=\"https:\/\/www.polisrecreio.com.br\/site\/wp-content\/uploads\/2020\/03\/DSC_0088.jpg 750w, https:\/\/www.polisrecreio.com.br\/site\/wp-content\/uploads\/2020\/03\/DSC_0088-300x200.jpg 300w\" sizes=\"(max-width: 750px) 100vw, 750px\" \/><\/a><\/p>\n<p><a href=\"http:\/\/www.polisrecreio.com.br\/site\/wp-content\/uploads\/2020\/03\/DSC_0087.jpg\"><img loading=\"lazy\" class=\"aligncenter size-full wp-image-17096\" src=\"http:\/\/www.polisrecreio.com.br\/site\/wp-content\/uploads\/2020\/03\/DSC_0087.jpg\" alt=\"\" width=\"750\" height=\"500\" srcset=\"https:\/\/www.polisrecreio.com.br\/site\/wp-content\/uploads\/2020\/03\/DSC_0087.jpg 750w, https:\/\/www.polisrecreio.com.br\/site\/wp-content\/uploads\/2020\/03\/DSC_0087-300x200.jpg 300w\" sizes=\"(max-width: 750px) 100vw, 750px\" \/><\/a><\/p>\n<p>&nbsp;<\/p>\n","protected":false},"excerpt":{"rendered":"<p>O munic\u00edpio de Recreio realizou o primeiro dia de barreira sanit\u00e1ria nesta ter\u00e7a-feira (24) na MG-454, principal entrada da cidade. O controle contou com a presen\u00e7a de servidores (agentes de epidemiologia e fiscais municipais) da Secretaria Municipal de Sa\u00fade, apoiados pela Pol\u00edcia Militar de Minas Gerais.<\/p>\n","protected":false},"author":3,"featured_media":17095,"comment_status":"open","ping_status":"open","sticky":false,"template":"","format":"standard","meta":[],"categories":[6],"tags":[],"yoast_head":"<!-- This site is optimized with the Yoast SEO plugin v15.6.2 - https:\/\/yoast.com\/wordpress\/plugins\/seo\/ -->\n<meta name=\"robots\" content=\"index, follow, max-snippet:-1, max-image-preview:large, max-video-preview:-1\" \/>\n<link rel=\"canonical\" href=\"http:\/\/www.polisrecreio.com.br\/site\/2020\/03\/24\/recreio-realizou-primeiro-dia-de-barreira-sanitaria-na-mg-454\/\" \/>\n<meta property=\"og:locale\" content=\"pt_BR\" \/>\n<meta property=\"og:type\" content=\"article\" \/>\n<meta property=\"og:title\" content=\"Recreio realizou primeiro dia de barreira sanit\u00e1ria na MG-454 - P\u00f3lis Recreio\" \/>\n<meta property=\"og:description\" content=\"O munic\u00edpio de Recreio realizou o primeiro dia de barreira sanit\u00e1ria nesta ter\u00e7a-feira (24) na MG-454, principal entrada da cidade. O controle contou com a presen\u00e7a de servidores (agentes de epidemiologia e fiscais municipais) da Secretaria Municipal de Sa\u00fade, apoiados pela Pol\u00edcia Militar de Minas Gerais.\" \/>\n<meta property=\"og:url\" content=\"http:\/\/www.polisrecreio.com.br\/site\/2020\/03\/24\/recreio-realizou-primeiro-dia-de-barreira-sanitaria-na-mg-454\/\" \/>\n<meta property=\"og:site_name\" content=\"P\u00f3lis Recreio\" \/>\n<meta property=\"article:publisher\" content=\"https:\/\/www.facebook.com\/Site-P%c3%b3lis-Recreio-MG-181941708571019\/\" \/>\n<meta property=\"article:published_time\" content=\"2020-03-25T01:11:04+00:00\" \/>\n<meta property=\"article:modified_time\" content=\"2020-03-25T10:38:06+00:00\" \/>\n<meta property=\"og:image\" content=\"https:\/\/www.polisrecreio.com.br\/site\/wp-content\/uploads\/2020\/03\/DSC_0083.jpg\" \/>\n\t<meta property=\"og:image:width\" content=\"750\" \/>\n\t<meta property=\"og:image:height\" content=\"500\" \/>\n<meta name=\"twitter:card\" content=\"summary_large_image\" \/>\n<meta name=\"twitter:creator\" content=\"@PolisRecreio\" \/>\n<meta name=\"twitter:site\" content=\"@PolisRecreio\" \/>\n<meta name=\"twitter:label1\" content=\"Est. reading time\">\n\t<meta name=\"twitter:data1\" content=\"1 minuto\">\n<script type=\"application\/ld+json\" class=\"yoast-schema-graph\">{\"@context\":\"https:\/\/schema.org\",\"@graph\":[{\"@type\":\"WebSite\",\"@id\":\"https:\/\/www.polisrecreio.com.br\/site\/#website\",\"url\":\"https:\/\/www.polisrecreio.com.br\/site\/\",\"name\":\"P\\u00f3lis Recreio\",\"description\":\"\",\"potentialAction\":[{\"@type\":\"SearchAction\",\"target\":\"https:\/\/www.polisrecreio.com.br\/site\/?s={search_term_string}\",\"query-input\":\"required name=search_term_string\"}],\"inLanguage\":\"pt-BR\"},{\"@type\":\"ImageObject\",\"@id\":\"http:\/\/www.polisrecreio.com.br\/site\/2020\/03\/24\/recreio-realizou-primeiro-dia-de-barreira-sanitaria-na-mg-454\/#primaryimage\",\"inLanguage\":\"pt-BR\",\"url\":\"https:\/\/www.polisrecreio.com.br\/site\/wp-content\/uploads\/2020\/03\/DSC_0083.jpg\",\"width\":750,\"height\":500},{\"@type\":\"WebPage\",\"@id\":\"http:\/\/www.polisrecreio.com.br\/site\/2020\/03\/24\/recreio-realizou-primeiro-dia-de-barreira-sanitaria-na-mg-454\/#webpage\",\"url\":\"http:\/\/www.polisrecreio.com.br\/site\/2020\/03\/24\/recreio-realizou-primeiro-dia-de-barreira-sanitaria-na-mg-454\/\",\"name\":\"Recreio realizou primeiro dia de barreira sanit\\u00e1ria na MG-454 - P\\u00f3lis Recreio\",\"isPartOf\":{\"@id\":\"https:\/\/www.polisrecreio.com.br\/site\/#website\"},\"primaryImageOfPage\":{\"@id\":\"http:\/\/www.polisrecreio.com.br\/site\/2020\/03\/24\/recreio-realizou-primeiro-dia-de-barreira-sanitaria-na-mg-454\/#primaryimage\"},\"datePublished\":\"2020-03-25T01:11:04+00:00\",\"dateModified\":\"2020-03-25T10:38:06+00:00\",\"author\":{\"@id\":\"https:\/\/www.polisrecreio.com.br\/site\/#\/schema\/person\/3363c1c78e1e28e1329d97adb387638e\"},\"inLanguage\":\"pt-BR\",\"potentialAction\":[{\"@type\":\"ReadAction\",\"target\":[\"http:\/\/www.polisrecreio.com.br\/site\/2020\/03\/24\/recreio-realizou-primeiro-dia-de-barreira-sanitaria-na-mg-454\/\"]}]},{\"@type\":\"Person\",\"@id\":\"https:\/\/www.polisrecreio.com.br\/site\/#\/schema\/person\/3363c1c78e1e28e1329d97adb387638e\",\"name\":\"Leonardo Ribeiro\",\"image\":{\"@type\":\"ImageObject\",\"@id\":\"https:\/\/www.polisrecreio.com.br\/site\/#personlogo\",\"inLanguage\":\"pt-BR\",\"url\":\"https:\/\/secure.gravatar.com\/avatar\/6ba92a37d621e1a83e23710251178a12?s=96&d=mm&r=g\",\"caption\":\"Leonardo Ribeiro\"},\"sameAs\":[\"http:\/\/www.polisrecreio.com.br\"]}]}<\/script>\n<!-- \/ Yoast SEO plugin. -->","_links":{"self":[{"href":"https:\/\/www.polisrecreio.com.br\/site\/wp-json\/wp\/v2\/posts\/17093"}],"collection":[{"href":"https:\/\/www.polisrecreio.com.br\/site\/wp-json\/wp\/v2\/posts"}],"about":[{"href":"https:\/\/www.polisrecreio.com.br\/site\/wp-json\/wp\/v2\/types\/post"}],"author":[{"embeddable":true,"href":"https:\/\/www.polisrecreio.com.br\/site\/wp-json\/wp\/v2\/users\/3"}],"replies":[{"embeddable":true,"href":"https:\/\/www.polisrecreio.com.br\/site\/wp-json\/wp\/v2\/comments?post=17093"}],"version-history":[{"count":6,"href":"https:\/\/www.polisrecreio.com.br\/site\/wp-json\/wp\/v2\/posts\/17093\/revisions"}],"predecessor-version":[{"id":17104,"href":"https:\/\/www.polisrecreio.com.br\/site\/wp-json\/wp\/v2\/posts\/17093\/revisions\/17104"}],"wp:featuredmedia":[{"embeddable":true,"href":"https:\/\/www.polisrecreio.com.br\/site\/wp-json\/wp\/v2\/media\/17095"}],"wp:attachment":[{"href":"https:\/\/www.polisrecreio.com.br\/site\/wp-json\/wp\/v2\/media?parent=17093"}],"wp:term":[{"taxonomy":"category","embeddable":true,"href":"https:\/\/www.polisrecreio.com.br\/site\/wp-json\/wp\/v2\/categories?post=17093"},{"taxonomy":"post_tag","embeddable":true,"href":"https:\/\/www.polisrecreio.com.br\/site\/wp-json\/wp\/v2\/tags?post=17093"}],"curies":[{"name":"wp","href":"https:\/\/api.w.org\/{rel}","templated":true}]}}