{"id":17134,"date":"2020-03-26T17:15:25","date_gmt":"2020-03-26T20:15:25","guid":{"rendered":"http:\/\/www.polisrecreio.com.br\/site\/?p=17134"},"modified":"2020-03-26T17:15:25","modified_gmt":"2020-03-26T20:15:25","slug":"notificado-o-primeiro-caso-suspeito-de-coronavirus-em-recreio","status":"publish","type":"post","link":"https:\/\/www.polisrecreio.com.br\/site\/2020\/03\/26\/notificado-o-primeiro-caso-suspeito-de-coronavirus-em-recreio\/","title":{"rendered":"Notificado o primeiro caso suspeito de coronav\u00edrus em Recreio"},"content":{"rendered":"<p style=\"text-align: justify;\">Acaba de ser notificado o primeiro caso suspeito de coronav\u00edrus em Recreio. Em <a href=\"https:\/\/www.facebook.com\/prefeituraderecreio\/posts\/927915487646625?comment_id=927919817646192&amp;notif_id=1585252466323017&amp;notif_t=feed_comment\" target=\"_blank\" rel=\"noopener\">v\u00eddeo publicado no Facebook da Prefeitura Municipal de Recreio<\/a>, o prefeito Jos\u00e9 Maria Barros, pede para a popula\u00e7\u00e3o evitar o p\u00e2nico e seguir as orienta\u00e7\u00f5es de especialistas e da Organiza\u00e7\u00e3o Mundial da Sa\u00fade &#8220;OMS&#8221;.<\/p>\n<p><!--more--><\/p>\n<p><a href=\"http:\/\/www.polisrecreio.com.br\/site\/wp-content\/uploads\/2020\/03\/teste-covid-19-saude.jpg\"><img loading=\"lazy\" class=\"aligncenter size-full wp-image-17135\" src=\"http:\/\/www.polisrecreio.com.br\/site\/wp-content\/uploads\/2020\/03\/teste-covid-19-saude.jpg\" alt=\"\" width=\"750\" height=\"393\" srcset=\"https:\/\/www.polisrecreio.com.br\/site\/wp-content\/uploads\/2020\/03\/teste-covid-19-saude.jpg 750w, https:\/\/www.polisrecreio.com.br\/site\/wp-content\/uploads\/2020\/03\/teste-covid-19-saude-300x157.jpg 300w\" sizes=\"(max-width: 750px) 100vw, 750px\" \/><\/a><\/p>\n<p style=\"text-align: justify;\">Segundo informa\u00e7\u00f5es preliminares, o caso \u00e9 de um paciente do sexo masculino, de 68 anos, que deu entrada no Pronto-Socorro Municipal nesta tarde de quinta-feira (26). Ele est\u00e1 em isolamento hospitalar.<\/p>\n<p style=\"text-align: justify;\">A amostra do exame foi coletada e ser\u00e1 enviada para a Funda\u00e7\u00e3o Ezequiel Dias \u201cFUNED\u201d, em Belo Horizonte.<\/p>\n<p style=\"text-align: justify;\">Maiores informa\u00e7\u00f5es a qualquer momento.<\/p>\n","protected":false},"excerpt":{"rendered":"<p>Acaba de ser notificado o primeiro caso suspeito de coronav\u00edrus em Recreio. Em v\u00eddeo publicado no Facebook da Prefeitura Municipal de Recreio, o prefeito Jos\u00e9 Maria Barros, pede para a popula\u00e7\u00e3o evitar o p\u00e2nico e seguir as orienta\u00e7\u00f5es de especialistas e da Organiza\u00e7\u00e3o Mundial da Sa\u00fade &#8220;OMS&#8221;.<\/p>\n","protected":false},"author":3,"featured_media":17135,"comment_status":"open","ping_status":"open","sticky":false,"template":"","format":"standard","meta":[],"categories":[7],"tags":[],"yoast_head":"<!-- This site is optimized with the Yoast SEO plugin v15.6.2 - https:\/\/yoast.com\/wordpress\/plugins\/seo\/ -->\n<meta name=\"robots\" content=\"index, follow, max-snippet:-1, max-image-preview:large, max-video-preview:-1\" \/>\n<link rel=\"canonical\" href=\"http:\/\/www.polisrecreio.com.br\/site\/2020\/03\/26\/notificado-o-primeiro-caso-suspeito-de-coronavirus-em-recreio\/\" \/>\n<meta property=\"og:locale\" content=\"pt_BR\" \/>\n<meta property=\"og:type\" content=\"article\" \/>\n<meta property=\"og:title\" content=\"Notificado o primeiro caso suspeito de coronav\u00edrus em Recreio - P\u00f3lis Recreio\" \/>\n<meta property=\"og:description\" content=\"Acaba de ser notificado o primeiro caso suspeito de coronav\u00edrus em Recreio. Em v\u00eddeo publicado no Facebook da Prefeitura Municipal de Recreio, o prefeito Jos\u00e9 Maria Barros, pede para a popula\u00e7\u00e3o evitar o p\u00e2nico e seguir as orienta\u00e7\u00f5es de especialistas e da Organiza\u00e7\u00e3o Mundial da Sa\u00fade &#8220;OMS&#8221;.\" \/>\n<meta property=\"og:url\" content=\"http:\/\/www.polisrecreio.com.br\/site\/2020\/03\/26\/notificado-o-primeiro-caso-suspeito-de-coronavirus-em-recreio\/\" \/>\n<meta property=\"og:site_name\" content=\"P\u00f3lis Recreio\" \/>\n<meta property=\"article:publisher\" content=\"https:\/\/www.facebook.com\/Site-P%c3%b3lis-Recreio-MG-181941708571019\/\" \/>\n<meta property=\"article:published_time\" content=\"2020-03-26T20:15:25+00:00\" \/>\n<meta property=\"og:image\" content=\"https:\/\/www.polisrecreio.com.br\/site\/wp-content\/uploads\/2020\/03\/teste-covid-19-saude.jpg\" \/>\n\t<meta property=\"og:image:width\" content=\"750\" \/>\n\t<meta property=\"og:image:height\" content=\"393\" \/>\n<meta name=\"twitter:card\" content=\"summary_large_image\" \/>\n<meta name=\"twitter:creator\" content=\"@PolisRecreio\" \/>\n<meta name=\"twitter:site\" content=\"@PolisRecreio\" \/>\n<meta name=\"twitter:label1\" content=\"Est. reading time\">\n\t<meta name=\"twitter:data1\" content=\"1 minuto\">\n<script type=\"application\/ld+json\" class=\"yoast-schema-graph\">{\"@context\":\"https:\/\/schema.org\",\"@graph\":[{\"@type\":\"WebSite\",\"@id\":\"https:\/\/www.polisrecreio.com.br\/site\/#website\",\"url\":\"https:\/\/www.polisrecreio.com.br\/site\/\",\"name\":\"P\\u00f3lis Recreio\",\"description\":\"\",\"potentialAction\":[{\"@type\":\"SearchAction\",\"target\":\"https:\/\/www.polisrecreio.com.br\/site\/?s={search_term_string}\",\"query-input\":\"required name=search_term_string\"}],\"inLanguage\":\"pt-BR\"},{\"@type\":\"ImageObject\",\"@id\":\"http:\/\/www.polisrecreio.com.br\/site\/2020\/03\/26\/notificado-o-primeiro-caso-suspeito-de-coronavirus-em-recreio\/#primaryimage\",\"inLanguage\":\"pt-BR\",\"url\":\"https:\/\/www.polisrecreio.com.br\/site\/wp-content\/uploads\/2020\/03\/teste-covid-19-saude.jpg\",\"width\":750,\"height\":393},{\"@type\":\"WebPage\",\"@id\":\"http:\/\/www.polisrecreio.com.br\/site\/2020\/03\/26\/notificado-o-primeiro-caso-suspeito-de-coronavirus-em-recreio\/#webpage\",\"url\":\"http:\/\/www.polisrecreio.com.br\/site\/2020\/03\/26\/notificado-o-primeiro-caso-suspeito-de-coronavirus-em-recreio\/\",\"name\":\"Notificado o primeiro caso suspeito de coronav\\u00edrus em Recreio - P\\u00f3lis Recreio\",\"isPartOf\":{\"@id\":\"https:\/\/www.polisrecreio.com.br\/site\/#website\"},\"primaryImageOfPage\":{\"@id\":\"http:\/\/www.polisrecreio.com.br\/site\/2020\/03\/26\/notificado-o-primeiro-caso-suspeito-de-coronavirus-em-recreio\/#primaryimage\"},\"datePublished\":\"2020-03-26T20:15:25+00:00\",\"dateModified\":\"2020-03-26T20:15:25+00:00\",\"author\":{\"@id\":\"https:\/\/www.polisrecreio.com.br\/site\/#\/schema\/person\/3363c1c78e1e28e1329d97adb387638e\"},\"inLanguage\":\"pt-BR\",\"potentialAction\":[{\"@type\":\"ReadAction\",\"target\":[\"http:\/\/www.polisrecreio.com.br\/site\/2020\/03\/26\/notificado-o-primeiro-caso-suspeito-de-coronavirus-em-recreio\/\"]}]},{\"@type\":\"Person\",\"@id\":\"https:\/\/www.polisrecreio.com.br\/site\/#\/schema\/person\/3363c1c78e1e28e1329d97adb387638e\",\"name\":\"Leonardo Ribeiro\",\"image\":{\"@type\":\"ImageObject\",\"@id\":\"https:\/\/www.polisrecreio.com.br\/site\/#personlogo\",\"inLanguage\":\"pt-BR\",\"url\":\"https:\/\/secure.gravatar.com\/avatar\/6ba92a37d621e1a83e23710251178a12?s=96&d=mm&r=g\",\"caption\":\"Leonardo Ribeiro\"},\"sameAs\":[\"http:\/\/www.polisrecreio.com.br\"]}]}<\/script>\n<!-- \/ Yoast SEO plugin. -->","_links":{"self":[{"href":"https:\/\/www.polisrecreio.com.br\/site\/wp-json\/wp\/v2\/posts\/17134"}],"collection":[{"href":"https:\/\/www.polisrecreio.com.br\/site\/wp-json\/wp\/v2\/posts"}],"about":[{"href":"https:\/\/www.polisrecreio.com.br\/site\/wp-json\/wp\/v2\/types\/post"}],"author":[{"embeddable":true,"href":"https:\/\/www.polisrecreio.com.br\/site\/wp-json\/wp\/v2\/users\/3"}],"replies":[{"embeddable":true,"href":"https:\/\/www.polisrecreio.com.br\/site\/wp-json\/wp\/v2\/comments?post=17134"}],"version-history":[{"count":1,"href":"https:\/\/www.polisrecreio.com.br\/site\/wp-json\/wp\/v2\/posts\/17134\/revisions"}],"predecessor-version":[{"id":17136,"href":"https:\/\/www.polisrecreio.com.br\/site\/wp-json\/wp\/v2\/posts\/17134\/revisions\/17136"}],"wp:featuredmedia":[{"embeddable":true,"href":"https:\/\/www.polisrecreio.com.br\/site\/wp-json\/wp\/v2\/media\/17135"}],"wp:attachment":[{"href":"https:\/\/www.polisrecreio.com.br\/site\/wp-json\/wp\/v2\/media?parent=17134"}],"wp:term":[{"taxonomy":"category","embeddable":true,"href":"https:\/\/www.polisrecreio.com.br\/site\/wp-json\/wp\/v2\/categories?post=17134"},{"taxonomy":"post_tag","embeddable":true,"href":"https:\/\/www.polisrecreio.com.br\/site\/wp-json\/wp\/v2\/tags?post=17134"}],"curies":[{"name":"wp","href":"https:\/\/api.w.org\/{rel}","templated":true}]}}