{"id":17715,"date":"2020-05-11T17:41:06","date_gmt":"2020-05-11T20:41:06","guid":{"rendered":"http:\/\/www.polisrecreio.com.br\/site\/?p=17715"},"modified":"2020-05-11T17:45:59","modified_gmt":"2020-05-11T20:45:59","slug":"camara-municipal-vota-nesta-segunda-feira-11-projeto-que-pede-autorizacao-para-reformar-ubs-de-conceicao-da-boa-vista","status":"publish","type":"post","link":"https:\/\/www.polisrecreio.com.br\/site\/2020\/05\/11\/camara-municipal-vota-nesta-segunda-feira-11-projeto-que-pede-autorizacao-para-reformar-ubs-de-conceicao-da-boa-vista\/","title":{"rendered":"C\u00e2mara Municipal vota nesta segunda-feira (11) projeto que pede autoriza\u00e7\u00e3o para reformar UBS de Concei\u00e7\u00e3o da Boa Vista"},"content":{"rendered":"<p style=\"text-align: justify;\">A C\u00e2mara Municipal de Recreio vota na sess\u00e3o desta segunda-feira (11), \u00e0s 18h, o projeto de lei de autoria do executivo municipal que pede autoriza\u00e7\u00e3o para abertura de cr\u00e9dito especial de R$ 139.642 no Or\u00e7amento de 2020 para reformar a Unidade B\u00e1sica de Sa\u00fade Altina Maria da Concei\u00e7\u00e3o, do distrito de Concei\u00e7\u00e3o da Boa Vista.<\/p>\n<p><!--more--><\/p>\n<p><a href=\"http:\/\/www.polisrecreio.com.br\/site\/wp-content\/uploads\/2020\/05\/48e467bb-95df-41df-a9ac-5fa3164ba0ba.jpg\"><img loading=\"lazy\" class=\"aligncenter size-full wp-image-17717\" src=\"http:\/\/www.polisrecreio.com.br\/site\/wp-content\/uploads\/2020\/05\/48e467bb-95df-41df-a9ac-5fa3164ba0ba.jpg\" alt=\"\" width=\"750\" height=\"518\" srcset=\"https:\/\/www.polisrecreio.com.br\/site\/wp-content\/uploads\/2020\/05\/48e467bb-95df-41df-a9ac-5fa3164ba0ba.jpg 750w, https:\/\/www.polisrecreio.com.br\/site\/wp-content\/uploads\/2020\/05\/48e467bb-95df-41df-a9ac-5fa3164ba0ba-300x207.jpg 300w\" sizes=\"(max-width: 750px) 100vw, 750px\" \/><\/a><\/p>\n<p style=\"text-align: justify;\">A unidade foi constru\u00edda em 2007. Rotineiramente ela passa por pequenos reparos. Funcion\u00e1rios disseram que o pr\u00e9dio necessita de uma reforma mais ampla urgentemente.<\/p>\n<p style=\"text-align: justify;\">O recurso financeiro que a Prefeitura Municipal pede para utilizar na reforma \u00e9 estadual e est\u00e1 no Fundo Municipal de Sa\u00fade.<\/p>\n<p style=\"text-align: justify;\">Para sanar as d\u00favidas dos parlamentares sobre a planilha de gastos com a reforma a Administra\u00e7\u00e3o Municipal enviar\u00e1 para a sess\u00e3o o engenheiro da Prefeitura, Luiz Tadeu Rezende.<\/p>\n<p><a href=\"http:\/\/www.polisrecreio.com.br\/site\/wp-content\/uploads\/2020\/05\/aafa47a8-750f-45f7-9bb9-ec8dc1b6cf2c.jpg\"><img loading=\"lazy\" class=\"aligncenter size-full wp-image-17718\" src=\"http:\/\/www.polisrecreio.com.br\/site\/wp-content\/uploads\/2020\/05\/aafa47a8-750f-45f7-9bb9-ec8dc1b6cf2c.jpg\" alt=\"\" width=\"750\" height=\"528\" srcset=\"https:\/\/www.polisrecreio.com.br\/site\/wp-content\/uploads\/2020\/05\/aafa47a8-750f-45f7-9bb9-ec8dc1b6cf2c.jpg 750w, https:\/\/www.polisrecreio.com.br\/site\/wp-content\/uploads\/2020\/05\/aafa47a8-750f-45f7-9bb9-ec8dc1b6cf2c-300x211.jpg 300w\" sizes=\"(max-width: 750px) 100vw, 750px\" \/><\/a><\/p>\n<p><a href=\"http:\/\/www.polisrecreio.com.br\/site\/wp-content\/uploads\/2020\/05\/06a07837-37ca-472c-a9e3-7e747b9e2dd9.jpg\"><img loading=\"lazy\" class=\"aligncenter size-full wp-image-17716\" src=\"http:\/\/www.polisrecreio.com.br\/site\/wp-content\/uploads\/2020\/05\/06a07837-37ca-472c-a9e3-7e747b9e2dd9.jpg\" alt=\"\" width=\"750\" height=\"526\" srcset=\"https:\/\/www.polisrecreio.com.br\/site\/wp-content\/uploads\/2020\/05\/06a07837-37ca-472c-a9e3-7e747b9e2dd9.jpg 750w, https:\/\/www.polisrecreio.com.br\/site\/wp-content\/uploads\/2020\/05\/06a07837-37ca-472c-a9e3-7e747b9e2dd9-300x210.jpg 300w\" sizes=\"(max-width: 750px) 100vw, 750px\" \/><\/a><\/p>\n","protected":false},"excerpt":{"rendered":"<p>A C\u00e2mara Municipal de Recreio vota na sess\u00e3o desta segunda-feira (11), \u00e0s 18h, o projeto de lei de autoria do executivo municipal que pede autoriza\u00e7\u00e3o para abertura de cr\u00e9dito especial de R$ 139.642 no Or\u00e7amento de 2020 para reformar a Unidade B\u00e1sica de Sa\u00fade Altina Maria da Concei\u00e7\u00e3o, do distrito de Concei\u00e7\u00e3o da Boa Vista.<\/p>\n","protected":false},"author":3,"featured_media":0,"comment_status":"open","ping_status":"open","sticky":false,"template":"","format":"standard","meta":[],"categories":[7],"tags":[],"yoast_head":"<!-- This site is optimized with the Yoast SEO plugin v15.6.2 - https:\/\/yoast.com\/wordpress\/plugins\/seo\/ -->\n<meta name=\"robots\" content=\"index, follow, max-snippet:-1, max-image-preview:large, max-video-preview:-1\" \/>\n<link rel=\"canonical\" href=\"https:\/\/www.polisrecreio.com.br\/site\/2020\/05\/11\/camara-municipal-vota-nesta-segunda-feira-11-projeto-que-pede-autorizacao-para-reformar-ubs-de-conceicao-da-boa-vista\/\" \/>\n<meta property=\"og:locale\" content=\"pt_BR\" \/>\n<meta property=\"og:type\" content=\"article\" \/>\n<meta property=\"og:title\" content=\"C\u00e2mara Municipal vota nesta segunda-feira (11) projeto que pede autoriza\u00e7\u00e3o para reformar UBS de Concei\u00e7\u00e3o da Boa Vista - P\u00f3lis Recreio\" \/>\n<meta property=\"og:description\" content=\"A C\u00e2mara Municipal de Recreio vota na sess\u00e3o desta segunda-feira (11), \u00e0s 18h, o projeto de lei de autoria do executivo municipal que pede autoriza\u00e7\u00e3o para abertura de cr\u00e9dito especial de R$ 139.642 no Or\u00e7amento de 2020 para reformar a Unidade B\u00e1sica de Sa\u00fade Altina Maria da Concei\u00e7\u00e3o, do distrito de Concei\u00e7\u00e3o da Boa Vista.\" \/>\n<meta property=\"og:url\" content=\"https:\/\/www.polisrecreio.com.br\/site\/2020\/05\/11\/camara-municipal-vota-nesta-segunda-feira-11-projeto-que-pede-autorizacao-para-reformar-ubs-de-conceicao-da-boa-vista\/\" \/>\n<meta property=\"og:site_name\" content=\"P\u00f3lis Recreio\" \/>\n<meta property=\"article:publisher\" content=\"https:\/\/www.facebook.com\/Site-P%c3%b3lis-Recreio-MG-181941708571019\/\" \/>\n<meta property=\"article:published_time\" content=\"2020-05-11T20:41:06+00:00\" \/>\n<meta property=\"article:modified_time\" content=\"2020-05-11T20:45:59+00:00\" \/>\n<meta property=\"og:image\" content=\"http:\/\/www.polisrecreio.com.br\/site\/wp-content\/uploads\/2020\/05\/48e467bb-95df-41df-a9ac-5fa3164ba0ba.jpg\" \/>\n<meta name=\"twitter:card\" content=\"summary_large_image\" \/>\n<meta name=\"twitter:creator\" content=\"@PolisRecreio\" \/>\n<meta name=\"twitter:site\" content=\"@PolisRecreio\" \/>\n<meta name=\"twitter:label1\" content=\"Est. reading time\">\n\t<meta name=\"twitter:data1\" content=\"1 minuto\">\n<script type=\"application\/ld+json\" class=\"yoast-schema-graph\">{\"@context\":\"https:\/\/schema.org\",\"@graph\":[{\"@type\":\"WebSite\",\"@id\":\"https:\/\/www.polisrecreio.com.br\/site\/#website\",\"url\":\"https:\/\/www.polisrecreio.com.br\/site\/\",\"name\":\"P\\u00f3lis Recreio\",\"description\":\"\",\"potentialAction\":[{\"@type\":\"SearchAction\",\"target\":\"https:\/\/www.polisrecreio.com.br\/site\/?s={search_term_string}\",\"query-input\":\"required name=search_term_string\"}],\"inLanguage\":\"pt-BR\"},{\"@type\":\"ImageObject\",\"@id\":\"https:\/\/www.polisrecreio.com.br\/site\/2020\/05\/11\/camara-municipal-vota-nesta-segunda-feira-11-projeto-que-pede-autorizacao-para-reformar-ubs-de-conceicao-da-boa-vista\/#primaryimage\",\"inLanguage\":\"pt-BR\",\"url\":\"http:\/\/www.polisrecreio.com.br\/site\/wp-content\/uploads\/2020\/05\/48e467bb-95df-41df-a9ac-5fa3164ba0ba.jpg\"},{\"@type\":\"WebPage\",\"@id\":\"https:\/\/www.polisrecreio.com.br\/site\/2020\/05\/11\/camara-municipal-vota-nesta-segunda-feira-11-projeto-que-pede-autorizacao-para-reformar-ubs-de-conceicao-da-boa-vista\/#webpage\",\"url\":\"https:\/\/www.polisrecreio.com.br\/site\/2020\/05\/11\/camara-municipal-vota-nesta-segunda-feira-11-projeto-que-pede-autorizacao-para-reformar-ubs-de-conceicao-da-boa-vista\/\",\"name\":\"C\\u00e2mara Municipal vota nesta segunda-feira (11) projeto que pede autoriza\\u00e7\\u00e3o para reformar UBS de Concei\\u00e7\\u00e3o da Boa Vista - P\\u00f3lis Recreio\",\"isPartOf\":{\"@id\":\"https:\/\/www.polisrecreio.com.br\/site\/#website\"},\"primaryImageOfPage\":{\"@id\":\"https:\/\/www.polisrecreio.com.br\/site\/2020\/05\/11\/camara-municipal-vota-nesta-segunda-feira-11-projeto-que-pede-autorizacao-para-reformar-ubs-de-conceicao-da-boa-vista\/#primaryimage\"},\"datePublished\":\"2020-05-11T20:41:06+00:00\",\"dateModified\":\"2020-05-11T20:45:59+00:00\",\"author\":{\"@id\":\"https:\/\/www.polisrecreio.com.br\/site\/#\/schema\/person\/3363c1c78e1e28e1329d97adb387638e\"},\"inLanguage\":\"pt-BR\",\"potentialAction\":[{\"@type\":\"ReadAction\",\"target\":[\"https:\/\/www.polisrecreio.com.br\/site\/2020\/05\/11\/camara-municipal-vota-nesta-segunda-feira-11-projeto-que-pede-autorizacao-para-reformar-ubs-de-conceicao-da-boa-vista\/\"]}]},{\"@type\":\"Person\",\"@id\":\"https:\/\/www.polisrecreio.com.br\/site\/#\/schema\/person\/3363c1c78e1e28e1329d97adb387638e\",\"name\":\"Leonardo Ribeiro\",\"image\":{\"@type\":\"ImageObject\",\"@id\":\"https:\/\/www.polisrecreio.com.br\/site\/#personlogo\",\"inLanguage\":\"pt-BR\",\"url\":\"https:\/\/secure.gravatar.com\/avatar\/6ba92a37d621e1a83e23710251178a12?s=96&d=mm&r=g\",\"caption\":\"Leonardo Ribeiro\"},\"sameAs\":[\"http:\/\/www.polisrecreio.com.br\"]}]}<\/script>\n<!-- \/ Yoast SEO plugin. -->","_links":{"self":[{"href":"https:\/\/www.polisrecreio.com.br\/site\/wp-json\/wp\/v2\/posts\/17715"}],"collection":[{"href":"https:\/\/www.polisrecreio.com.br\/site\/wp-json\/wp\/v2\/posts"}],"about":[{"href":"https:\/\/www.polisrecreio.com.br\/site\/wp-json\/wp\/v2\/types\/post"}],"author":[{"embeddable":true,"href":"https:\/\/www.polisrecreio.com.br\/site\/wp-json\/wp\/v2\/users\/3"}],"replies":[{"embeddable":true,"href":"https:\/\/www.polisrecreio.com.br\/site\/wp-json\/wp\/v2\/comments?post=17715"}],"version-history":[{"count":4,"href":"https:\/\/www.polisrecreio.com.br\/site\/wp-json\/wp\/v2\/posts\/17715\/revisions"}],"predecessor-version":[{"id":17722,"href":"https:\/\/www.polisrecreio.com.br\/site\/wp-json\/wp\/v2\/posts\/17715\/revisions\/17722"}],"wp:attachment":[{"href":"https:\/\/www.polisrecreio.com.br\/site\/wp-json\/wp\/v2\/media?parent=17715"}],"wp:term":[{"taxonomy":"category","embeddable":true,"href":"https:\/\/www.polisrecreio.com.br\/site\/wp-json\/wp\/v2\/categories?post=17715"},{"taxonomy":"post_tag","embeddable":true,"href":"https:\/\/www.polisrecreio.com.br\/site\/wp-json\/wp\/v2\/tags?post=17715"}],"curies":[{"name":"wp","href":"https:\/\/api.w.org\/{rel}","templated":true}]}}