{"id":17795,"date":"2020-05-15T12:13:18","date_gmt":"2020-05-15T15:13:18","guid":{"rendered":"http:\/\/www.polisrecreio.com.br\/site\/?p=17795"},"modified":"2020-05-15T12:18:02","modified_gmt":"2020-05-15T15:18:02","slug":"teich-deixa-o-ministerio-da-saude-antes-de-completar-um-mes-no-cargo","status":"publish","type":"post","link":"https:\/\/www.polisrecreio.com.br\/site\/2020\/05\/15\/teich-deixa-o-ministerio-da-saude-antes-de-completar-um-mes-no-cargo\/","title":{"rendered":"Teich deixa o Minist\u00e9rio da Sa\u00fade antes de completar um m\u00eas no cargo"},"content":{"rendered":"<p style=\"text-align: justify;\">O ministro da Sa\u00fade, Nelson Teich, deixou o cargo nesta sexta-feira (15), antes de completar um m\u00eas \u00e0 frente da pasta. Em nota, a pasta informou que ele pediu demiss\u00e3o.<\/p>\n<p><!--more--><\/p>\n<p><a href=\"http:\/\/www.polisrecreio.com.br\/site\/wp-content\/uploads\/2020\/05\/11052020-o-ministro-da-saude-nelson-teich-em-entrevista-coletiva-concedida-no-palacio-do-planalto-1589488746112_v2_450x337.jpg\"><img loading=\"lazy\" class=\"aligncenter size-full wp-image-17796\" src=\"http:\/\/www.polisrecreio.com.br\/site\/wp-content\/uploads\/2020\/05\/11052020-o-ministro-da-saude-nelson-teich-em-entrevista-coletiva-concedida-no-palacio-do-planalto-1589488746112_v2_450x337.jpg\" alt=\"\" width=\"750\" height=\"490\" srcset=\"https:\/\/www.polisrecreio.com.br\/site\/wp-content\/uploads\/2020\/05\/11052020-o-ministro-da-saude-nelson-teich-em-entrevista-coletiva-concedida-no-palacio-do-planalto-1589488746112_v2_450x337.jpg 750w, https:\/\/www.polisrecreio.com.br\/site\/wp-content\/uploads\/2020\/05\/11052020-o-ministro-da-saude-nelson-teich-em-entrevista-coletiva-concedida-no-palacio-do-planalto-1589488746112_v2_450x337-300x196.jpg 300w\" sizes=\"(max-width: 750px) 100vw, 750px\" \/><\/a><\/p>\n<p style=\"text-align: justify;\">Teich tomou posse em 17 de abril. Essa \u00e9 a segunda sa\u00edda de um ministro da Sa\u00fade em meio \u00e0 pandemia do coronav\u00edrus. Teich havia substitu\u00eddo Luiz Henrique Mandetta.<\/p>\n<p style=\"text-align: justify;\">Assim como Mandetta, Teich tamb\u00e9m apresentou discord\u00e2ncias com o presidente Jair Bolsonaro sobre as medidas para combate ao coronav\u00edrus.<\/p>\n<p style=\"text-align: justify;\">Nos \u00faltimos dias, o presidente e Teich tiveram desentendimentos sobre:<\/p>\n<ul style=\"text-align: justify;\">\n<li>o uso da cloroquina no tratamento da covid-19 (doen\u00e7a causada pelo v\u00edrus). Bolsonaro quer alterar o protocolo do SUS e permitir a aplica\u00e7\u00e3o do rem\u00e9dio desde o in\u00edcio do tratamento;<\/li>\n<li>o decreto de Bolsonaro que ampliou as atividades essenciais no per\u00edodo da pandemia e incluiu sal\u00f5es de beleza, barbearia e academias de gin\u00e1stica;<\/li>\n<li>detalhes do plano com diretrizes para a sa\u00edda do isolamento. O presidente defende uma flexibiliza\u00e7\u00e3o mais imediata e mais ampla.<\/li>\n<\/ul>\n<p style=\"text-align: justify;\">Teich foi chamado para uma reuni\u00e3o no Pal\u00e1cio do Planalto nesta manh\u00e3. Ele esteve com Bolsonaro e depois voltou para o pr\u00e9dio do Minist\u00e9rio da Sa\u00fade. A demiss\u00e3o foi anunciada logo depois.<\/p>\n<p><em>Com informa\u00e7\u00f5es: <a href=\"https:\/\/g1.globo.com\/politica\/noticia\/2020\/05\/15\/teich-deixa-o-ministerio-da-saude-antes-de-completar-um-mes-no-cargo.ghtml?utm_source=facebook&amp;utm_medium=social&amp;utm_content=post&amp;utm_campaign=g1&amp;fbclid=IwAR2pcbiU0hjIPIX9zBZbjj8QYVhA76WSArYhyZUrKCh4aPpNlvsbmdiHB-8\" target=\"_blank\" rel=\"noopener\">G1<\/a>.<\/em><\/p>\n","protected":false},"excerpt":{"rendered":"<p>O ministro da Sa\u00fade, Nelson Teich, deixou o cargo nesta sexta-feira (15), antes de completar um m\u00eas \u00e0 frente da pasta. Em nota, a pasta informou que ele pediu demiss\u00e3o.<\/p>\n","protected":false},"author":3,"featured_media":17796,"comment_status":"open","ping_status":"open","sticky":false,"template":"","format":"standard","meta":[],"categories":[7],"tags":[],"yoast_head":"<!-- This site is optimized with the Yoast SEO plugin v15.6.2 - https:\/\/yoast.com\/wordpress\/plugins\/seo\/ -->\n<meta name=\"robots\" content=\"index, follow, max-snippet:-1, max-image-preview:large, max-video-preview:-1\" \/>\n<link rel=\"canonical\" href=\"http:\/\/www.polisrecreio.com.br\/site\/2020\/05\/15\/teich-deixa-o-ministerio-da-saude-antes-de-completar-um-mes-no-cargo\/\" \/>\n<meta property=\"og:locale\" content=\"pt_BR\" \/>\n<meta property=\"og:type\" content=\"article\" \/>\n<meta property=\"og:title\" content=\"Teich deixa o Minist\u00e9rio da Sa\u00fade antes de completar um m\u00eas no cargo - P\u00f3lis Recreio\" \/>\n<meta property=\"og:description\" content=\"O ministro da Sa\u00fade, Nelson Teich, deixou o cargo nesta sexta-feira (15), antes de completar um m\u00eas \u00e0 frente da pasta. Em nota, a pasta informou que ele pediu demiss\u00e3o.\" \/>\n<meta property=\"og:url\" content=\"http:\/\/www.polisrecreio.com.br\/site\/2020\/05\/15\/teich-deixa-o-ministerio-da-saude-antes-de-completar-um-mes-no-cargo\/\" \/>\n<meta property=\"og:site_name\" content=\"P\u00f3lis Recreio\" \/>\n<meta property=\"article:publisher\" content=\"https:\/\/www.facebook.com\/Site-P%c3%b3lis-Recreio-MG-181941708571019\/\" \/>\n<meta property=\"article:published_time\" content=\"2020-05-15T15:13:18+00:00\" \/>\n<meta property=\"article:modified_time\" content=\"2020-05-15T15:18:02+00:00\" \/>\n<meta property=\"og:image\" content=\"https:\/\/www.polisrecreio.com.br\/site\/wp-content\/uploads\/2020\/05\/11052020-o-ministro-da-saude-nelson-teich-em-entrevista-coletiva-concedida-no-palacio-do-planalto-1589488746112_v2_450x337.jpg\" \/>\n\t<meta property=\"og:image:width\" content=\"750\" \/>\n\t<meta property=\"og:image:height\" content=\"490\" \/>\n<meta name=\"twitter:card\" content=\"summary_large_image\" \/>\n<meta name=\"twitter:creator\" content=\"@PolisRecreio\" \/>\n<meta name=\"twitter:site\" content=\"@PolisRecreio\" \/>\n<meta name=\"twitter:label1\" content=\"Est. reading time\">\n\t<meta name=\"twitter:data1\" content=\"1 minuto\">\n<script type=\"application\/ld+json\" class=\"yoast-schema-graph\">{\"@context\":\"https:\/\/schema.org\",\"@graph\":[{\"@type\":\"WebSite\",\"@id\":\"https:\/\/www.polisrecreio.com.br\/site\/#website\",\"url\":\"https:\/\/www.polisrecreio.com.br\/site\/\",\"name\":\"P\\u00f3lis Recreio\",\"description\":\"\",\"potentialAction\":[{\"@type\":\"SearchAction\",\"target\":\"https:\/\/www.polisrecreio.com.br\/site\/?s={search_term_string}\",\"query-input\":\"required name=search_term_string\"}],\"inLanguage\":\"pt-BR\"},{\"@type\":\"ImageObject\",\"@id\":\"http:\/\/www.polisrecreio.com.br\/site\/2020\/05\/15\/teich-deixa-o-ministerio-da-saude-antes-de-completar-um-mes-no-cargo\/#primaryimage\",\"inLanguage\":\"pt-BR\",\"url\":\"https:\/\/www.polisrecreio.com.br\/site\/wp-content\/uploads\/2020\/05\/11052020-o-ministro-da-saude-nelson-teich-em-entrevista-coletiva-concedida-no-palacio-do-planalto-1589488746112_v2_450x337.jpg\",\"width\":750,\"height\":490},{\"@type\":\"WebPage\",\"@id\":\"http:\/\/www.polisrecreio.com.br\/site\/2020\/05\/15\/teich-deixa-o-ministerio-da-saude-antes-de-completar-um-mes-no-cargo\/#webpage\",\"url\":\"http:\/\/www.polisrecreio.com.br\/site\/2020\/05\/15\/teich-deixa-o-ministerio-da-saude-antes-de-completar-um-mes-no-cargo\/\",\"name\":\"Teich deixa o Minist\\u00e9rio da Sa\\u00fade antes de completar um m\\u00eas no cargo - P\\u00f3lis Recreio\",\"isPartOf\":{\"@id\":\"https:\/\/www.polisrecreio.com.br\/site\/#website\"},\"primaryImageOfPage\":{\"@id\":\"http:\/\/www.polisrecreio.com.br\/site\/2020\/05\/15\/teich-deixa-o-ministerio-da-saude-antes-de-completar-um-mes-no-cargo\/#primaryimage\"},\"datePublished\":\"2020-05-15T15:13:18+00:00\",\"dateModified\":\"2020-05-15T15:18:02+00:00\",\"author\":{\"@id\":\"https:\/\/www.polisrecreio.com.br\/site\/#\/schema\/person\/3363c1c78e1e28e1329d97adb387638e\"},\"inLanguage\":\"pt-BR\",\"potentialAction\":[{\"@type\":\"ReadAction\",\"target\":[\"http:\/\/www.polisrecreio.com.br\/site\/2020\/05\/15\/teich-deixa-o-ministerio-da-saude-antes-de-completar-um-mes-no-cargo\/\"]}]},{\"@type\":\"Person\",\"@id\":\"https:\/\/www.polisrecreio.com.br\/site\/#\/schema\/person\/3363c1c78e1e28e1329d97adb387638e\",\"name\":\"Leonardo Ribeiro\",\"image\":{\"@type\":\"ImageObject\",\"@id\":\"https:\/\/www.polisrecreio.com.br\/site\/#personlogo\",\"inLanguage\":\"pt-BR\",\"url\":\"https:\/\/secure.gravatar.com\/avatar\/6ba92a37d621e1a83e23710251178a12?s=96&d=mm&r=g\",\"caption\":\"Leonardo Ribeiro\"},\"sameAs\":[\"http:\/\/www.polisrecreio.com.br\"]}]}<\/script>\n<!-- \/ Yoast SEO plugin. -->","_links":{"self":[{"href":"https:\/\/www.polisrecreio.com.br\/site\/wp-json\/wp\/v2\/posts\/17795"}],"collection":[{"href":"https:\/\/www.polisrecreio.com.br\/site\/wp-json\/wp\/v2\/posts"}],"about":[{"href":"https:\/\/www.polisrecreio.com.br\/site\/wp-json\/wp\/v2\/types\/post"}],"author":[{"embeddable":true,"href":"https:\/\/www.polisrecreio.com.br\/site\/wp-json\/wp\/v2\/users\/3"}],"replies":[{"embeddable":true,"href":"https:\/\/www.polisrecreio.com.br\/site\/wp-json\/wp\/v2\/comments?post=17795"}],"version-history":[{"count":2,"href":"https:\/\/www.polisrecreio.com.br\/site\/wp-json\/wp\/v2\/posts\/17795\/revisions"}],"predecessor-version":[{"id":17798,"href":"https:\/\/www.polisrecreio.com.br\/site\/wp-json\/wp\/v2\/posts\/17795\/revisions\/17798"}],"wp:featuredmedia":[{"embeddable":true,"href":"https:\/\/www.polisrecreio.com.br\/site\/wp-json\/wp\/v2\/media\/17796"}],"wp:attachment":[{"href":"https:\/\/www.polisrecreio.com.br\/site\/wp-json\/wp\/v2\/media?parent=17795"}],"wp:term":[{"taxonomy":"category","embeddable":true,"href":"https:\/\/www.polisrecreio.com.br\/site\/wp-json\/wp\/v2\/categories?post=17795"},{"taxonomy":"post_tag","embeddable":true,"href":"https:\/\/www.polisrecreio.com.br\/site\/wp-json\/wp\/v2\/tags?post=17795"}],"curies":[{"name":"wp","href":"https:\/\/api.w.org\/{rel}","templated":true}]}}