{"id":17809,"date":"2020-05-15T20:34:42","date_gmt":"2020-05-15T23:34:42","guid":{"rendered":"http:\/\/www.polisrecreio.com.br\/site\/?p=17809"},"modified":"2020-05-15T20:46:09","modified_gmt":"2020-05-15T23:46:09","slug":"recreio-volta-a-registrar-um-caso-suspeito-da-covid-19","status":"publish","type":"post","link":"https:\/\/www.polisrecreio.com.br\/site\/2020\/05\/15\/recreio-volta-a-registrar-um-caso-suspeito-da-covid-19\/","title":{"rendered":"Recreio volta a registrar um caso suspeito da Covid-19"},"content":{"rendered":"<p style=\"text-align: justify;\">Depois de pouco mais de uma semana sem registro suspeito da Covid-19, doen\u00e7a causada pelo novo coronav\u00edrus, a cidade de Recreio voltou a ter um caso suspeito. Segundo informa\u00e7\u00f5es, este caso n\u00e3o passou pelo teste r\u00e1pido por n\u00e3o se enquadrar no p\u00fablico-alvo da testagem, conforme Nota T\u00e9cnica da Secretaria de Estado de Sa\u00fade de Minas Gerais.<\/p>\n<p><!--more--><\/p>\n<p><a href=\"http:\/\/www.polisrecreio.com.br\/site\/wp-content\/uploads\/2020\/04\/coronavirus-4914026_1920-640x360.jpg\"><img loading=\"lazy\" class=\"aligncenter size-full wp-image-17545\" src=\"http:\/\/www.polisrecreio.com.br\/site\/wp-content\/uploads\/2020\/04\/coronavirus-4914026_1920-640x360.jpg\" alt=\"\" width=\"750\" height=\"422\" srcset=\"https:\/\/www.polisrecreio.com.br\/site\/wp-content\/uploads\/2020\/04\/coronavirus-4914026_1920-640x360.jpg 750w, https:\/\/www.polisrecreio.com.br\/site\/wp-content\/uploads\/2020\/04\/coronavirus-4914026_1920-640x360-300x169.jpg 300w\" sizes=\"(max-width: 750px) 100vw, 750px\" \/><\/a><\/p>\n<p style=\"text-align: justify;\">A ocorr\u00eancia suspeita foi registrada no boletim epidemiol\u00f3gico desta sexta-feira (15), um dia depois de ser divulgada a alta do paciente que estava com o coronav\u00edrus em Recreio. Sobre este novo caso n\u00e3o h\u00e1 informa\u00e7\u00f5es sobre sexo e idade, apenas que \u00e9 da cidade.<\/p>\n<p style=\"text-align: justify;\">O Site P\u00f3lis teve acesso \u00e0 Nota T\u00e9cnica da Secretaria de Sa\u00fade de Minas Gerais sobre aplica\u00e7\u00e3o do teste r\u00e1pido. Confira quem pode ser testado:<\/p>\n<p style=\"text-align: justify;\">Indiv\u00edduos que apresentem s\u00edndrome gripal, ou seja, apresentando o quadro respirat\u00f3rio agudo, caracterizado por sensa\u00e7\u00e3o febril ou febre, mesmo que relatada \u2013 admitido que idosos eventualmente n\u00e3o apresentem febre, mas podem ter a concomit\u00e2ncia de outros sinais de agravamento, como s\u00edncope, confus\u00e3o mental, sonol\u00eancia excessiva, irritabilidade e inapet\u00eancia \u2013 acompanhada de tosse OU dor de garganta OU coriza OU dificuldade respirat\u00f3ria, vinculados aos seguintes grupos: 1. Profissionais de sa\u00fade em atividade na Aten\u00e7\u00e3o Prim\u00e1ria \u00e0 Sa\u00fade (APS), hospitais, prontos-socorros e unidades de pronto-atendimento (UPA); 2. Profissionais de seguran\u00e7a p\u00fablica em atividade; 3. Indiv\u00edduo com diagn\u00f3stico de s\u00edndrome gripal (SG) que residam no mesmo domic\u00edlio de um profissional de sa\u00fade ou seguran\u00e7a em atividade; 4. Indiv\u00edduos com 60 anos ou mais com sintomas e que receberam diagn\u00f3stico.<\/p>\n<p style=\"text-align: justify;\">A orienta\u00e7\u00e3o \u00e9 que os testes sejam aplicados nos pacientes cujos sintomas compat\u00edveis com s\u00edndrome gripal tenham se iniciado h\u00e1 pelo menos 8 dias.<\/p>\n<p><a href=\"http:\/\/www.polisrecreio.com.br\/site\/wp-content\/uploads\/2020\/05\/BOLETIM.jpg\"><img loading=\"lazy\" class=\"aligncenter size-full wp-image-17813\" src=\"http:\/\/www.polisrecreio.com.br\/site\/wp-content\/uploads\/2020\/05\/BOLETIM.jpg\" alt=\"\" width=\"960\" height=\"602\" srcset=\"https:\/\/www.polisrecreio.com.br\/site\/wp-content\/uploads\/2020\/05\/BOLETIM.jpg 960w, https:\/\/www.polisrecreio.com.br\/site\/wp-content\/uploads\/2020\/05\/BOLETIM-300x188.jpg 300w, https:\/\/www.polisrecreio.com.br\/site\/wp-content\/uploads\/2020\/05\/BOLETIM-768x482.jpg 768w\" sizes=\"(max-width: 960px) 100vw, 960px\" \/><\/a><\/p>\n","protected":false},"excerpt":{"rendered":"<p>Depois de pouco mais de uma semana sem registro suspeito da Covid-19, doen\u00e7a causada pelo novo coronav\u00edrus, a cidade de Recreio voltou a ter um caso suspeito. Segundo informa\u00e7\u00f5es, este caso n\u00e3o passou pelo teste r\u00e1pido por n\u00e3o se enquadrar no p\u00fablico-alvo da testagem, conforme Nota T\u00e9cnica da Secretaria de Estado de Sa\u00fade de Minas [&hellip;]<\/p>\n","protected":false},"author":3,"featured_media":0,"comment_status":"open","ping_status":"open","sticky":false,"template":"","format":"standard","meta":[],"categories":[7],"tags":[],"yoast_head":"<!-- This site is optimized with the Yoast SEO plugin v15.6.2 - https:\/\/yoast.com\/wordpress\/plugins\/seo\/ -->\n<meta name=\"robots\" content=\"index, follow, max-snippet:-1, max-image-preview:large, max-video-preview:-1\" \/>\n<link rel=\"canonical\" href=\"http:\/\/www.polisrecreio.com.br\/site\/2020\/05\/15\/recreio-volta-a-registrar-um-caso-suspeito-da-covid-19\/\" \/>\n<meta property=\"og:locale\" content=\"pt_BR\" \/>\n<meta property=\"og:type\" content=\"article\" \/>\n<meta property=\"og:title\" content=\"Recreio volta a registrar um caso suspeito da Covid-19 - P\u00f3lis Recreio\" \/>\n<meta property=\"og:description\" content=\"Depois de pouco mais de uma semana sem registro suspeito da Covid-19, doen\u00e7a causada pelo novo coronav\u00edrus, a cidade de Recreio voltou a ter um caso suspeito. Segundo informa\u00e7\u00f5es, este caso n\u00e3o passou pelo teste r\u00e1pido por n\u00e3o se enquadrar no p\u00fablico-alvo da testagem, conforme Nota T\u00e9cnica da Secretaria de Estado de Sa\u00fade de Minas [&hellip;]\" \/>\n<meta property=\"og:url\" content=\"http:\/\/www.polisrecreio.com.br\/site\/2020\/05\/15\/recreio-volta-a-registrar-um-caso-suspeito-da-covid-19\/\" \/>\n<meta property=\"og:site_name\" content=\"P\u00f3lis Recreio\" \/>\n<meta property=\"article:publisher\" content=\"https:\/\/www.facebook.com\/Site-P%c3%b3lis-Recreio-MG-181941708571019\/\" \/>\n<meta property=\"article:published_time\" content=\"2020-05-15T23:34:42+00:00\" \/>\n<meta property=\"article:modified_time\" content=\"2020-05-15T23:46:09+00:00\" \/>\n<meta property=\"og:image\" content=\"http:\/\/www.polisrecreio.com.br\/site\/wp-content\/uploads\/2020\/04\/coronavirus-4914026_1920-640x360.jpg\" \/>\n<meta name=\"twitter:card\" content=\"summary_large_image\" \/>\n<meta name=\"twitter:creator\" content=\"@PolisRecreio\" \/>\n<meta name=\"twitter:site\" content=\"@PolisRecreio\" \/>\n<meta name=\"twitter:label1\" content=\"Est. reading time\">\n\t<meta name=\"twitter:data1\" content=\"2 minutos\">\n<script type=\"application\/ld+json\" class=\"yoast-schema-graph\">{\"@context\":\"https:\/\/schema.org\",\"@graph\":[{\"@type\":\"WebSite\",\"@id\":\"https:\/\/www.polisrecreio.com.br\/site\/#website\",\"url\":\"https:\/\/www.polisrecreio.com.br\/site\/\",\"name\":\"P\\u00f3lis Recreio\",\"description\":\"\",\"potentialAction\":[{\"@type\":\"SearchAction\",\"target\":\"https:\/\/www.polisrecreio.com.br\/site\/?s={search_term_string}\",\"query-input\":\"required name=search_term_string\"}],\"inLanguage\":\"pt-BR\"},{\"@type\":\"ImageObject\",\"@id\":\"http:\/\/www.polisrecreio.com.br\/site\/2020\/05\/15\/recreio-volta-a-registrar-um-caso-suspeito-da-covid-19\/#primaryimage\",\"inLanguage\":\"pt-BR\",\"url\":\"http:\/\/www.polisrecreio.com.br\/site\/wp-content\/uploads\/2020\/04\/coronavirus-4914026_1920-640x360.jpg\"},{\"@type\":\"WebPage\",\"@id\":\"http:\/\/www.polisrecreio.com.br\/site\/2020\/05\/15\/recreio-volta-a-registrar-um-caso-suspeito-da-covid-19\/#webpage\",\"url\":\"http:\/\/www.polisrecreio.com.br\/site\/2020\/05\/15\/recreio-volta-a-registrar-um-caso-suspeito-da-covid-19\/\",\"name\":\"Recreio volta a registrar um caso suspeito da Covid-19 - P\\u00f3lis Recreio\",\"isPartOf\":{\"@id\":\"https:\/\/www.polisrecreio.com.br\/site\/#website\"},\"primaryImageOfPage\":{\"@id\":\"http:\/\/www.polisrecreio.com.br\/site\/2020\/05\/15\/recreio-volta-a-registrar-um-caso-suspeito-da-covid-19\/#primaryimage\"},\"datePublished\":\"2020-05-15T23:34:42+00:00\",\"dateModified\":\"2020-05-15T23:46:09+00:00\",\"author\":{\"@id\":\"https:\/\/www.polisrecreio.com.br\/site\/#\/schema\/person\/3363c1c78e1e28e1329d97adb387638e\"},\"inLanguage\":\"pt-BR\",\"potentialAction\":[{\"@type\":\"ReadAction\",\"target\":[\"http:\/\/www.polisrecreio.com.br\/site\/2020\/05\/15\/recreio-volta-a-registrar-um-caso-suspeito-da-covid-19\/\"]}]},{\"@type\":\"Person\",\"@id\":\"https:\/\/www.polisrecreio.com.br\/site\/#\/schema\/person\/3363c1c78e1e28e1329d97adb387638e\",\"name\":\"Leonardo Ribeiro\",\"image\":{\"@type\":\"ImageObject\",\"@id\":\"https:\/\/www.polisrecreio.com.br\/site\/#personlogo\",\"inLanguage\":\"pt-BR\",\"url\":\"https:\/\/secure.gravatar.com\/avatar\/6ba92a37d621e1a83e23710251178a12?s=96&d=mm&r=g\",\"caption\":\"Leonardo Ribeiro\"},\"sameAs\":[\"http:\/\/www.polisrecreio.com.br\"]}]}<\/script>\n<!-- \/ Yoast SEO plugin. -->","_links":{"self":[{"href":"https:\/\/www.polisrecreio.com.br\/site\/wp-json\/wp\/v2\/posts\/17809"}],"collection":[{"href":"https:\/\/www.polisrecreio.com.br\/site\/wp-json\/wp\/v2\/posts"}],"about":[{"href":"https:\/\/www.polisrecreio.com.br\/site\/wp-json\/wp\/v2\/types\/post"}],"author":[{"embeddable":true,"href":"https:\/\/www.polisrecreio.com.br\/site\/wp-json\/wp\/v2\/users\/3"}],"replies":[{"embeddable":true,"href":"https:\/\/www.polisrecreio.com.br\/site\/wp-json\/wp\/v2\/comments?post=17809"}],"version-history":[{"count":4,"href":"https:\/\/www.polisrecreio.com.br\/site\/wp-json\/wp\/v2\/posts\/17809\/revisions"}],"predecessor-version":[{"id":17814,"href":"https:\/\/www.polisrecreio.com.br\/site\/wp-json\/wp\/v2\/posts\/17809\/revisions\/17814"}],"wp:attachment":[{"href":"https:\/\/www.polisrecreio.com.br\/site\/wp-json\/wp\/v2\/media?parent=17809"}],"wp:term":[{"taxonomy":"category","embeddable":true,"href":"https:\/\/www.polisrecreio.com.br\/site\/wp-json\/wp\/v2\/categories?post=17809"},{"taxonomy":"post_tag","embeddable":true,"href":"https:\/\/www.polisrecreio.com.br\/site\/wp-json\/wp\/v2\/tags?post=17809"}],"curies":[{"name":"wp","href":"https:\/\/api.w.org\/{rel}","templated":true}]}}