{"id":17815,"date":"2020-05-15T21:53:08","date_gmt":"2020-05-16T00:53:08","guid":{"rendered":"http:\/\/www.polisrecreio.com.br\/site\/?p=17815"},"modified":"2020-05-15T21:58:33","modified_gmt":"2020-05-16T00:58:33","slug":"ufjf-anuncia-suspensao-do-pism-2021-por-causa-da-pandemia-de-coronavirus","status":"publish","type":"post","link":"https:\/\/www.polisrecreio.com.br\/site\/2020\/05\/15\/ufjf-anuncia-suspensao-do-pism-2021-por-causa-da-pandemia-de-coronavirus\/","title":{"rendered":"UFJF anuncia suspens\u00e3o do PISM 2021 por causa da pandemia de coronav\u00edrus"},"content":{"rendered":"<p style=\"text-align: justify;\">A Universidade Federal de Juiz de Fora &#8220;UFJF&#8221; informou no in\u00edcio da tarde desta sexta-feira (15) que as provas do Programa de Ingresso Seletivo Misto \u201cPISM\u201d 2021 foram adiadas. O processo n\u00e3o tem data prevista para realiza\u00e7\u00e3o por causa da pandemia do novo coronav\u00edrus.<\/p>\n<p><!--more--><\/p>\n<p><a href=\"http:\/\/www.polisrecreio.com.br\/site\/wp-content\/uploads\/2020\/05\/DSC_0490.jpg\"><img loading=\"lazy\" class=\"aligncenter wp-image-17816\" src=\"http:\/\/www.polisrecreio.com.br\/site\/wp-content\/uploads\/2020\/05\/DSC_0490.jpg\" alt=\"\" width=\"750\" height=\"449\" srcset=\"https:\/\/www.polisrecreio.com.br\/site\/wp-content\/uploads\/2020\/05\/DSC_0490.jpg 591w, https:\/\/www.polisrecreio.com.br\/site\/wp-content\/uploads\/2020\/05\/DSC_0490-300x180.jpg 300w\" sizes=\"(max-width: 750px) 100vw, 750px\" \/><\/a><\/p>\n<p style=\"text-align: justify;\">A decis\u00e3o atinge as provas dos m\u00f3dulos I, II e III. O\u00a0G1<strong>\u00a0<\/strong>entrou em contato com a institui\u00e7\u00e3o, que informou que as datas que estavam previstas no calend\u00e1rio acad\u00eamico para a realiza\u00e7\u00e3o das provas do PISM eram 21 e 22 de novembro.<\/p>\n<p style=\"text-align: justify;\">Entretanto, a universidade refor\u00e7ou que as provas anteriores foram realizadas no m\u00eas de novembro e os editais do PISM eram publicados em junho. Com a decis\u00e3o do adiamento, n\u00e3o h\u00e1 previs\u00e3o de quando ser\u00e3o realizadas. No PISM 2020, mais de 40\u00a0mil estudantes participaram do processo seletivo.<\/p>\n<p style=\"text-align: justify;\">Em nota, a UFJF informou que acompanha atentamente as mudan\u00e7as nos cen\u00e1rios nacional, regional e local. Tais mudan\u00e7as indicar\u00e3o a possibilidade de apresenta\u00e7\u00e3o e ampla divulga\u00e7\u00e3o de novas datas.<\/p>\n<p style=\"text-align: justify;\">A decis\u00e3o da Universidade considera a necessidade do isolamento social motivado pela pandemia do novo coronav\u00edrus, o agravamento das desigualdades socioecon\u00f4micas, o aumento do desemprego e a falta de equidade nos processos educativos em que os estudantes de diferentes redes de ensino est\u00e3o inseridos.<\/p>\n<p><em>Com informa\u00e7\u00f5es: G1 Zona da Mata.<\/em><\/p>\n","protected":false},"excerpt":{"rendered":"<p>A Universidade Federal de Juiz de Fora &#8220;UFJF&#8221; informou no in\u00edcio da tarde desta sexta-feira (15) que as provas do Programa de Ingresso Seletivo Misto \u201cPISM\u201d 2021 foram adiadas. O processo n\u00e3o tem data prevista para realiza\u00e7\u00e3o por causa da pandemia do novo coronav\u00edrus.<\/p>\n","protected":false},"author":3,"featured_media":0,"comment_status":"open","ping_status":"open","sticky":false,"template":"","format":"standard","meta":[],"categories":[9],"tags":[],"yoast_head":"<!-- This site is optimized with the Yoast SEO plugin v15.6.2 - https:\/\/yoast.com\/wordpress\/plugins\/seo\/ -->\n<meta name=\"robots\" content=\"index, follow, max-snippet:-1, max-image-preview:large, max-video-preview:-1\" \/>\n<link rel=\"canonical\" href=\"http:\/\/www.polisrecreio.com.br\/site\/2020\/05\/15\/ufjf-anuncia-suspensao-do-pism-2021-por-causa-da-pandemia-de-coronavirus\/\" \/>\n<meta property=\"og:locale\" content=\"pt_BR\" \/>\n<meta property=\"og:type\" content=\"article\" \/>\n<meta property=\"og:title\" content=\"UFJF anuncia suspens\u00e3o do PISM 2021 por causa da pandemia de coronav\u00edrus - P\u00f3lis Recreio\" \/>\n<meta property=\"og:description\" content=\"A Universidade Federal de Juiz de Fora &#8220;UFJF&#8221; informou no in\u00edcio da tarde desta sexta-feira (15) que as provas do Programa de Ingresso Seletivo Misto \u201cPISM\u201d 2021 foram adiadas. O processo n\u00e3o tem data prevista para realiza\u00e7\u00e3o por causa da pandemia do novo coronav\u00edrus.\" \/>\n<meta property=\"og:url\" content=\"http:\/\/www.polisrecreio.com.br\/site\/2020\/05\/15\/ufjf-anuncia-suspensao-do-pism-2021-por-causa-da-pandemia-de-coronavirus\/\" \/>\n<meta property=\"og:site_name\" content=\"P\u00f3lis Recreio\" \/>\n<meta property=\"article:publisher\" content=\"https:\/\/www.facebook.com\/Site-P%c3%b3lis-Recreio-MG-181941708571019\/\" \/>\n<meta property=\"article:published_time\" content=\"2020-05-16T00:53:08+00:00\" \/>\n<meta property=\"article:modified_time\" content=\"2020-05-16T00:58:33+00:00\" \/>\n<meta property=\"og:image\" content=\"http:\/\/www.polisrecreio.com.br\/site\/wp-content\/uploads\/2020\/05\/DSC_0490.jpg\" \/>\n<meta name=\"twitter:card\" content=\"summary_large_image\" \/>\n<meta name=\"twitter:creator\" content=\"@PolisRecreio\" \/>\n<meta name=\"twitter:site\" content=\"@PolisRecreio\" \/>\n<meta name=\"twitter:label1\" content=\"Est. reading time\">\n\t<meta name=\"twitter:data1\" content=\"1 minuto\">\n<script type=\"application\/ld+json\" class=\"yoast-schema-graph\">{\"@context\":\"https:\/\/schema.org\",\"@graph\":[{\"@type\":\"WebSite\",\"@id\":\"https:\/\/www.polisrecreio.com.br\/site\/#website\",\"url\":\"https:\/\/www.polisrecreio.com.br\/site\/\",\"name\":\"P\\u00f3lis Recreio\",\"description\":\"\",\"potentialAction\":[{\"@type\":\"SearchAction\",\"target\":\"https:\/\/www.polisrecreio.com.br\/site\/?s={search_term_string}\",\"query-input\":\"required name=search_term_string\"}],\"inLanguage\":\"pt-BR\"},{\"@type\":\"ImageObject\",\"@id\":\"http:\/\/www.polisrecreio.com.br\/site\/2020\/05\/15\/ufjf-anuncia-suspensao-do-pism-2021-por-causa-da-pandemia-de-coronavirus\/#primaryimage\",\"inLanguage\":\"pt-BR\",\"url\":\"http:\/\/www.polisrecreio.com.br\/site\/wp-content\/uploads\/2020\/05\/DSC_0490.jpg\"},{\"@type\":\"WebPage\",\"@id\":\"http:\/\/www.polisrecreio.com.br\/site\/2020\/05\/15\/ufjf-anuncia-suspensao-do-pism-2021-por-causa-da-pandemia-de-coronavirus\/#webpage\",\"url\":\"http:\/\/www.polisrecreio.com.br\/site\/2020\/05\/15\/ufjf-anuncia-suspensao-do-pism-2021-por-causa-da-pandemia-de-coronavirus\/\",\"name\":\"UFJF anuncia suspens\\u00e3o do PISM 2021 por causa da pandemia de coronav\\u00edrus - P\\u00f3lis Recreio\",\"isPartOf\":{\"@id\":\"https:\/\/www.polisrecreio.com.br\/site\/#website\"},\"primaryImageOfPage\":{\"@id\":\"http:\/\/www.polisrecreio.com.br\/site\/2020\/05\/15\/ufjf-anuncia-suspensao-do-pism-2021-por-causa-da-pandemia-de-coronavirus\/#primaryimage\"},\"datePublished\":\"2020-05-16T00:53:08+00:00\",\"dateModified\":\"2020-05-16T00:58:33+00:00\",\"author\":{\"@id\":\"https:\/\/www.polisrecreio.com.br\/site\/#\/schema\/person\/3363c1c78e1e28e1329d97adb387638e\"},\"inLanguage\":\"pt-BR\",\"potentialAction\":[{\"@type\":\"ReadAction\",\"target\":[\"http:\/\/www.polisrecreio.com.br\/site\/2020\/05\/15\/ufjf-anuncia-suspensao-do-pism-2021-por-causa-da-pandemia-de-coronavirus\/\"]}]},{\"@type\":\"Person\",\"@id\":\"https:\/\/www.polisrecreio.com.br\/site\/#\/schema\/person\/3363c1c78e1e28e1329d97adb387638e\",\"name\":\"Leonardo Ribeiro\",\"image\":{\"@type\":\"ImageObject\",\"@id\":\"https:\/\/www.polisrecreio.com.br\/site\/#personlogo\",\"inLanguage\":\"pt-BR\",\"url\":\"https:\/\/secure.gravatar.com\/avatar\/6ba92a37d621e1a83e23710251178a12?s=96&d=mm&r=g\",\"caption\":\"Leonardo Ribeiro\"},\"sameAs\":[\"http:\/\/www.polisrecreio.com.br\"]}]}<\/script>\n<!-- \/ Yoast SEO plugin. -->","_links":{"self":[{"href":"https:\/\/www.polisrecreio.com.br\/site\/wp-json\/wp\/v2\/posts\/17815"}],"collection":[{"href":"https:\/\/www.polisrecreio.com.br\/site\/wp-json\/wp\/v2\/posts"}],"about":[{"href":"https:\/\/www.polisrecreio.com.br\/site\/wp-json\/wp\/v2\/types\/post"}],"author":[{"embeddable":true,"href":"https:\/\/www.polisrecreio.com.br\/site\/wp-json\/wp\/v2\/users\/3"}],"replies":[{"embeddable":true,"href":"https:\/\/www.polisrecreio.com.br\/site\/wp-json\/wp\/v2\/comments?post=17815"}],"version-history":[{"count":5,"href":"https:\/\/www.polisrecreio.com.br\/site\/wp-json\/wp\/v2\/posts\/17815\/revisions"}],"predecessor-version":[{"id":17821,"href":"https:\/\/www.polisrecreio.com.br\/site\/wp-json\/wp\/v2\/posts\/17815\/revisions\/17821"}],"wp:attachment":[{"href":"https:\/\/www.polisrecreio.com.br\/site\/wp-json\/wp\/v2\/media?parent=17815"}],"wp:term":[{"taxonomy":"category","embeddable":true,"href":"https:\/\/www.polisrecreio.com.br\/site\/wp-json\/wp\/v2\/categories?post=17815"},{"taxonomy":"post_tag","embeddable":true,"href":"https:\/\/www.polisrecreio.com.br\/site\/wp-json\/wp\/v2\/tags?post=17815"}],"curies":[{"name":"wp","href":"https:\/\/api.w.org\/{rel}","templated":true}]}}