{"id":17942,"date":"2020-05-29T16:09:37","date_gmt":"2020-05-29T19:09:37","guid":{"rendered":"http:\/\/www.polisrecreio.com.br\/site\/?p=17942"},"modified":"2020-05-29T16:17:53","modified_gmt":"2020-05-29T19:17:53","slug":"recreio-tem-mais-um-caso-da-covid-19-curado","status":"publish","type":"post","link":"https:\/\/www.polisrecreio.com.br\/site\/2020\/05\/29\/recreio-tem-mais-um-caso-da-covid-19-curado\/","title":{"rendered":"Recreio tem mais um caso da Covid-19 curado"},"content":{"rendered":"<p style=\"text-align: justify;\">No boletim epidemiol\u00f3gico divulgado nesta sexta-feira (29) a Prefeitura Municipal, atrav\u00e9s da Secretaria de Sa\u00fade, informou que mais um caso da Covid-19, doen\u00e7a causada pelo novo coronav\u00edrus, em Recreio est\u00e1 curado. A paciente estava em isolamento domiciliar.<\/p>\n<p><!--more--><\/p>\n<p><a href=\"http:\/\/www.polisrecreio.com.br\/site\/wp-content\/uploads\/2020\/05\/coronavirus-4914026_1920-640x360.jpg\"><img loading=\"lazy\" class=\"aligncenter size-full wp-image-17944\" src=\"http:\/\/www.polisrecreio.com.br\/site\/wp-content\/uploads\/2020\/05\/coronavirus-4914026_1920-640x360.jpg\" alt=\"\" width=\"750\" height=\"485\" srcset=\"https:\/\/www.polisrecreio.com.br\/site\/wp-content\/uploads\/2020\/05\/coronavirus-4914026_1920-640x360.jpg 750w, https:\/\/www.polisrecreio.com.br\/site\/wp-content\/uploads\/2020\/05\/coronavirus-4914026_1920-640x360-300x194.jpg 300w\" sizes=\"(max-width: 750px) 100vw, 750px\" \/><\/a><\/p>\n<p style=\"text-align: justify;\">Segundo informa\u00e7\u00f5es, o caso trata-se de uma paciente, sexo feminino, de 46 anos de idade, que estava em isolamento domiciliar. Ela chegou a ficar alguns dias internada na Casa de Caridade Leopoldinense.<\/p>\n<p style=\"text-align: justify;\">Agora, s\u00f3 h\u00e1 uma pessoa infectada com a doen\u00e7a causada pelo novo coronav\u00edrus. O paciente, sexo masculino, est\u00e1 em isolamento domiciliar. Ele foi confirmado para coronav\u00edrus por meio do PCR antes de se apresentar \u00e0 sua atividade profissional em outra cidade. Apesar de ter sido testado em outro munic\u00edpio, a notifica\u00e7\u00e3o \u00e9 computada para o munic\u00edpio no qual reside.<\/p>\n<p style=\"text-align: justify;\">Confira o boletim:<\/p>\n<p><a href=\"http:\/\/www.polisrecreio.com.br\/site\/wp-content\/uploads\/2020\/05\/boletim29.jpg\"><img loading=\"lazy\" class=\"aligncenter size-full wp-image-17943\" src=\"http:\/\/www.polisrecreio.com.br\/site\/wp-content\/uploads\/2020\/05\/boletim29.jpg\" alt=\"\" width=\"960\" height=\"640\" srcset=\"https:\/\/www.polisrecreio.com.br\/site\/wp-content\/uploads\/2020\/05\/boletim29.jpg 960w, https:\/\/www.polisrecreio.com.br\/site\/wp-content\/uploads\/2020\/05\/boletim29-300x200.jpg 300w, https:\/\/www.polisrecreio.com.br\/site\/wp-content\/uploads\/2020\/05\/boletim29-768x512.jpg 768w\" sizes=\"(max-width: 960px) 100vw, 960px\" \/><\/a><\/p>\n","protected":false},"excerpt":{"rendered":"<p>No boletim epidemiol\u00f3gico divulgado nesta sexta-feira (29) a Prefeitura Municipal, atrav\u00e9s da Secretaria de Sa\u00fade, informou que mais um caso da Covid-19, doen\u00e7a causada pelo novo coronav\u00edrus, em Recreio est\u00e1 curado. A paciente estava em isolamento domiciliar.<\/p>\n","protected":false},"author":3,"featured_media":0,"comment_status":"open","ping_status":"open","sticky":false,"template":"","format":"standard","meta":[],"categories":[7],"tags":[],"yoast_head":"<!-- This site is optimized with the Yoast SEO plugin v15.6.2 - https:\/\/yoast.com\/wordpress\/plugins\/seo\/ -->\n<meta name=\"robots\" content=\"index, follow, max-snippet:-1, max-image-preview:large, max-video-preview:-1\" \/>\n<link rel=\"canonical\" href=\"https:\/\/www.polisrecreio.com.br\/site\/2020\/05\/29\/recreio-tem-mais-um-caso-da-covid-19-curado\/\" \/>\n<meta property=\"og:locale\" content=\"pt_BR\" \/>\n<meta property=\"og:type\" content=\"article\" \/>\n<meta property=\"og:title\" content=\"Recreio tem mais um caso da Covid-19 curado - P\u00f3lis Recreio\" \/>\n<meta property=\"og:description\" content=\"No boletim epidemiol\u00f3gico divulgado nesta sexta-feira (29) a Prefeitura Municipal, atrav\u00e9s da Secretaria de Sa\u00fade, informou que mais um caso da Covid-19, doen\u00e7a causada pelo novo coronav\u00edrus, em Recreio est\u00e1 curado. A paciente estava em isolamento domiciliar.\" \/>\n<meta property=\"og:url\" content=\"https:\/\/www.polisrecreio.com.br\/site\/2020\/05\/29\/recreio-tem-mais-um-caso-da-covid-19-curado\/\" \/>\n<meta property=\"og:site_name\" content=\"P\u00f3lis Recreio\" \/>\n<meta property=\"article:publisher\" content=\"https:\/\/www.facebook.com\/Site-P%c3%b3lis-Recreio-MG-181941708571019\/\" \/>\n<meta property=\"article:published_time\" content=\"2020-05-29T19:09:37+00:00\" \/>\n<meta property=\"article:modified_time\" content=\"2020-05-29T19:17:53+00:00\" \/>\n<meta property=\"og:image\" content=\"http:\/\/www.polisrecreio.com.br\/site\/wp-content\/uploads\/2020\/05\/coronavirus-4914026_1920-640x360.jpg\" \/>\n<meta name=\"twitter:card\" content=\"summary_large_image\" \/>\n<meta name=\"twitter:creator\" content=\"@PolisRecreio\" \/>\n<meta name=\"twitter:site\" content=\"@PolisRecreio\" \/>\n<meta name=\"twitter:label1\" content=\"Est. reading time\">\n\t<meta name=\"twitter:data1\" content=\"1 minuto\">\n<script type=\"application\/ld+json\" class=\"yoast-schema-graph\">{\"@context\":\"https:\/\/schema.org\",\"@graph\":[{\"@type\":\"WebSite\",\"@id\":\"https:\/\/www.polisrecreio.com.br\/site\/#website\",\"url\":\"https:\/\/www.polisrecreio.com.br\/site\/\",\"name\":\"P\\u00f3lis Recreio\",\"description\":\"\",\"potentialAction\":[{\"@type\":\"SearchAction\",\"target\":\"https:\/\/www.polisrecreio.com.br\/site\/?s={search_term_string}\",\"query-input\":\"required name=search_term_string\"}],\"inLanguage\":\"pt-BR\"},{\"@type\":\"ImageObject\",\"@id\":\"https:\/\/www.polisrecreio.com.br\/site\/2020\/05\/29\/recreio-tem-mais-um-caso-da-covid-19-curado\/#primaryimage\",\"inLanguage\":\"pt-BR\",\"url\":\"http:\/\/www.polisrecreio.com.br\/site\/wp-content\/uploads\/2020\/05\/coronavirus-4914026_1920-640x360.jpg\"},{\"@type\":\"WebPage\",\"@id\":\"https:\/\/www.polisrecreio.com.br\/site\/2020\/05\/29\/recreio-tem-mais-um-caso-da-covid-19-curado\/#webpage\",\"url\":\"https:\/\/www.polisrecreio.com.br\/site\/2020\/05\/29\/recreio-tem-mais-um-caso-da-covid-19-curado\/\",\"name\":\"Recreio tem mais um caso da Covid-19 curado - P\\u00f3lis Recreio\",\"isPartOf\":{\"@id\":\"https:\/\/www.polisrecreio.com.br\/site\/#website\"},\"primaryImageOfPage\":{\"@id\":\"https:\/\/www.polisrecreio.com.br\/site\/2020\/05\/29\/recreio-tem-mais-um-caso-da-covid-19-curado\/#primaryimage\"},\"datePublished\":\"2020-05-29T19:09:37+00:00\",\"dateModified\":\"2020-05-29T19:17:53+00:00\",\"author\":{\"@id\":\"https:\/\/www.polisrecreio.com.br\/site\/#\/schema\/person\/3363c1c78e1e28e1329d97adb387638e\"},\"inLanguage\":\"pt-BR\",\"potentialAction\":[{\"@type\":\"ReadAction\",\"target\":[\"https:\/\/www.polisrecreio.com.br\/site\/2020\/05\/29\/recreio-tem-mais-um-caso-da-covid-19-curado\/\"]}]},{\"@type\":\"Person\",\"@id\":\"https:\/\/www.polisrecreio.com.br\/site\/#\/schema\/person\/3363c1c78e1e28e1329d97adb387638e\",\"name\":\"Leonardo Ribeiro\",\"image\":{\"@type\":\"ImageObject\",\"@id\":\"https:\/\/www.polisrecreio.com.br\/site\/#personlogo\",\"inLanguage\":\"pt-BR\",\"url\":\"https:\/\/secure.gravatar.com\/avatar\/6ba92a37d621e1a83e23710251178a12?s=96&d=mm&r=g\",\"caption\":\"Leonardo Ribeiro\"},\"sameAs\":[\"http:\/\/www.polisrecreio.com.br\"]}]}<\/script>\n<!-- \/ Yoast SEO plugin. -->","_links":{"self":[{"href":"https:\/\/www.polisrecreio.com.br\/site\/wp-json\/wp\/v2\/posts\/17942"}],"collection":[{"href":"https:\/\/www.polisrecreio.com.br\/site\/wp-json\/wp\/v2\/posts"}],"about":[{"href":"https:\/\/www.polisrecreio.com.br\/site\/wp-json\/wp\/v2\/types\/post"}],"author":[{"embeddable":true,"href":"https:\/\/www.polisrecreio.com.br\/site\/wp-json\/wp\/v2\/users\/3"}],"replies":[{"embeddable":true,"href":"https:\/\/www.polisrecreio.com.br\/site\/wp-json\/wp\/v2\/comments?post=17942"}],"version-history":[{"count":7,"href":"https:\/\/www.polisrecreio.com.br\/site\/wp-json\/wp\/v2\/posts\/17942\/revisions"}],"predecessor-version":[{"id":17951,"href":"https:\/\/www.polisrecreio.com.br\/site\/wp-json\/wp\/v2\/posts\/17942\/revisions\/17951"}],"wp:attachment":[{"href":"https:\/\/www.polisrecreio.com.br\/site\/wp-json\/wp\/v2\/media?parent=17942"}],"wp:term":[{"taxonomy":"category","embeddable":true,"href":"https:\/\/www.polisrecreio.com.br\/site\/wp-json\/wp\/v2\/categories?post=17942"},{"taxonomy":"post_tag","embeddable":true,"href":"https:\/\/www.polisrecreio.com.br\/site\/wp-json\/wp\/v2\/tags?post=17942"}],"curies":[{"name":"wp","href":"https:\/\/api.w.org\/{rel}","templated":true}]}}