{"id":17956,"date":"2020-06-01T14:16:25","date_gmt":"2020-06-01T17:16:25","guid":{"rendered":"http:\/\/www.polisrecreio.com.br\/site\/?p=17956"},"modified":"2020-06-01T14:16:25","modified_gmt":"2020-06-01T17:16:25","slug":"vacinacao-contra-gripe-e-prorrogada-ate-30-de-junho","status":"publish","type":"post","link":"https:\/\/www.polisrecreio.com.br\/site\/2020\/06\/01\/vacinacao-contra-gripe-e-prorrogada-ate-30-de-junho\/","title":{"rendered":"Vacina\u00e7\u00e3o contra gripe \u00e9 prorrogada at\u00e9 30 de junho"},"content":{"rendered":"<p style=\"text-align: justify;\">O Minist\u00e9rio da Sa\u00fade anunciou a prorroga\u00e7\u00e3o da Campanha Nacional de Vacina\u00e7\u00e3o contra a Gripe para at\u00e9 30 de junho, em todo o pa\u00eds. A terceira e \u00faltima fase teve in\u00edcio no dia 11 de maio, com prioridade aos grupos formados por pessoas com defici\u00eancia, crian\u00e7as de 6 meses a menores de 6 anos, gestantes, pu\u00e9rperas, professores e pessoas de 55 a 59 anos de idade. A meta \u00e9 vacinar 90% dos grupos priorit\u00e1rios, por\u00e9m, at\u00e9 o momento, foram vacinadas apenas 25,7% de 36,1 milh\u00f5es de pessoas estimadas nesta terceira fase. Desde o in\u00edcio da a\u00e7\u00e3o nacional, em 23 de mar\u00e7o, 50 milh\u00f5es de pessoas foram vacinadas, faltando ainda 28,3 milh\u00f5es que ainda n\u00e3o receberam a vacina.<\/p>\n<p><!--more--><\/p>\n<p><a href=\"http:\/\/www.polisrecreio.com.br\/site\/wp-content\/uploads\/2020\/06\/vacina-contra-a-gripe.jpg\"><img loading=\"lazy\" class=\"aligncenter size-full wp-image-17957\" src=\"http:\/\/www.polisrecreio.com.br\/site\/wp-content\/uploads\/2020\/06\/vacina-contra-a-gripe.jpg\" alt=\"\" width=\"750\" height=\"500\" srcset=\"https:\/\/www.polisrecreio.com.br\/site\/wp-content\/uploads\/2020\/06\/vacina-contra-a-gripe.jpg 750w, https:\/\/www.polisrecreio.com.br\/site\/wp-content\/uploads\/2020\/06\/vacina-contra-a-gripe-300x200.jpg 300w\" sizes=\"(max-width: 750px) 100vw, 750px\" \/><\/a><\/p>\n<p style=\"text-align: justify;\">\u201cEstamos com uma campanha em andamento e \u00e9 fundamental que as pessoas que fazem parte dos grupos de risco, que ainda n\u00e3o se vacinaram, procurem os postos de sa\u00fade. Por conta do baixo alcance da meta nesses grupos priorit\u00e1rios, n\u00f3s, em acordo com os estados e munic\u00edpios, estamos prorrogando a campanha, de 5 para 30 de junho. \u00c9 mais uma oportunidade para que os p\u00fablicos de todas as fases, que ainda n\u00e3o se vacinaram, possam procurar de forma organizada as unidades de sa\u00fade\u201d, explica o secret\u00e1rio substituto de Vigil\u00e2ncia em\u00a0Sa\u00fade\u00a0do\u00a0Minist\u00e9rio da Sa\u00fade, Eduardo\u00a0Mac\u00e1rio. A vacina \u00e9 importante para reduzir complica\u00e7\u00f5es e \u00f3bitos por influenza.<\/p>\n<p style=\"text-align: justify;\">A terceira e \u00faltima fase foi dividida em duas etapas: a primeira ocorreu no per\u00edodo de 11 a 17 de maio, com foco nas pessoas com defici\u00eancia; crian\u00e7as de seis meses a menores de seis anos; gestantes; e m\u00e3es no p\u00f3s-parto (at\u00e9 45 dias). Nesta segunda etapa, que agora segue at\u00e9 o dia 30 de junho, est\u00e3o os professores das escolas p\u00fablicas e privadas, que devem apresentar o crach\u00e1 funcional para comprovar o v\u00ednculo com alguma institui\u00e7\u00e3o; e os adultos de 55 a 59 anos de idade.<\/p>\n<p style=\"text-align: justify;\">At\u00e9 o momento, 74,9 milh\u00f5es de doses da vacina j\u00e1 foram distribu\u00eddas aos estados para garantir a imuniza\u00e7\u00e3o do p\u00fablico-alvo da campanha. No total, o Minist\u00e9rio da Sa\u00fade investiu R$ 1,1 bilh\u00e3o na aquisi\u00e7\u00e3o das doses da vacina para as tr\u00eas fases.<\/p>\n<p style=\"text-align: justify;\">A vacina contra influenza n\u00e3o tem efic\u00e1cia contra o coronav\u00edrus, por\u00e9m, neste momento, ir\u00e1 auxiliar os profissionais de sa\u00fade na exclus\u00e3o do diagn\u00f3stico para a COVID-19, j\u00e1 que os sintomas s\u00e3o parecidos. E, ainda, ajuda a reduzir a procura por servi\u00e7os de sa\u00fade.<\/p>\n<p><strong>Balan\u00e7o das primeiras fases<\/strong><\/p>\n<p style=\"text-align: justify;\">Na primeira fase da Campanha Nacional de Vacina\u00e7\u00e3o contra a Gripe de 2020, mais de 100% do grupo priorit\u00e1rio, idosos com 60 anos ou mais e trabalhadores de sa\u00fade foram vacinados contra influenza, ou seja, acima da meta de 90%. Durante a segunda fase, no entanto, a cobertura foi de 66,61%.<\/p>\n<p><strong>Casos de Influenza no Brasil<\/strong><\/p>\n<p style=\"text-align: justify;\">O Minist\u00e9rio da Sa\u00fade mant\u00e9m a vigil\u00e2ncia da influenza no Brasil por meio da vigil\u00e2ncia sentinela de S\u00edndrome Gripal (SG) e de S\u00edndrome Respirat\u00f3ria Aguda Grave (SRAG) em pacientes hospitalizados. S\u00e3o 200 unidades distribu\u00eddas em todas as regi\u00f5es geogr\u00e1ficas do Pa\u00eds e tem como objetivo principal identificar os v\u00edrus respirat\u00f3rios circulantes, permitir o monitoramento da demanda de atendimento dos casos hospitalizados e \u00f3bitos.<\/p>\n<p style=\"text-align: justify;\">Em 2020, at\u00e9 o dia 23 de maio, foram registrados 1.483 casos de SRAG hospitalizados por influenza (gripe) em todo o pa\u00eds, com 205 mortes. Do total de casos que j\u00e1 tiveram a subtipagem identificada, 581 foram casos de influenza A (H1N1), com 78 \u00f3bitos; 64 casos e 13 \u00f3bitos por influenza A (H3N2); 361 de influenza A n\u00e3o subtipado, com 61 mortes; e 477 casos e 53 \u00f3bitos por influenza B.<\/p>\n<p style=\"text-align: justify;\"><em>Com informa\u00e7\u00f5es: Minist\u00e9rio da Sa\u00fade.<\/em><\/p>\n","protected":false},"excerpt":{"rendered":"<p>O Minist\u00e9rio da Sa\u00fade anunciou a prorroga\u00e7\u00e3o da Campanha Nacional de Vacina\u00e7\u00e3o contra a Gripe para at\u00e9 30 de junho, em todo o pa\u00eds. A terceira e \u00faltima fase teve in\u00edcio no dia 11 de maio, com prioridade aos grupos formados por pessoas com defici\u00eancia, crian\u00e7as de 6 meses a menores de 6 anos, gestantes, [&hellip;]<\/p>\n","protected":false},"author":3,"featured_media":0,"comment_status":"open","ping_status":"open","sticky":false,"template":"","format":"standard","meta":[],"categories":[7],"tags":[],"yoast_head":"<!-- This site is optimized with the Yoast SEO plugin v15.6.2 - https:\/\/yoast.com\/wordpress\/plugins\/seo\/ -->\n<meta name=\"robots\" content=\"index, follow, max-snippet:-1, max-image-preview:large, max-video-preview:-1\" \/>\n<link rel=\"canonical\" href=\"http:\/\/www.polisrecreio.com.br\/site\/2020\/06\/01\/vacinacao-contra-gripe-e-prorrogada-ate-30-de-junho\/\" \/>\n<meta property=\"og:locale\" content=\"pt_BR\" \/>\n<meta property=\"og:type\" content=\"article\" \/>\n<meta property=\"og:title\" content=\"Vacina\u00e7\u00e3o contra gripe \u00e9 prorrogada at\u00e9 30 de junho - P\u00f3lis Recreio\" \/>\n<meta property=\"og:description\" content=\"O Minist\u00e9rio da Sa\u00fade anunciou a prorroga\u00e7\u00e3o da Campanha Nacional de Vacina\u00e7\u00e3o contra a Gripe para at\u00e9 30 de junho, em todo o pa\u00eds. A terceira e \u00faltima fase teve in\u00edcio no dia 11 de maio, com prioridade aos grupos formados por pessoas com defici\u00eancia, crian\u00e7as de 6 meses a menores de 6 anos, gestantes, [&hellip;]\" \/>\n<meta property=\"og:url\" content=\"http:\/\/www.polisrecreio.com.br\/site\/2020\/06\/01\/vacinacao-contra-gripe-e-prorrogada-ate-30-de-junho\/\" \/>\n<meta property=\"og:site_name\" content=\"P\u00f3lis Recreio\" \/>\n<meta property=\"article:publisher\" content=\"https:\/\/www.facebook.com\/Site-P%c3%b3lis-Recreio-MG-181941708571019\/\" \/>\n<meta property=\"article:published_time\" content=\"2020-06-01T17:16:25+00:00\" \/>\n<meta property=\"og:image\" content=\"http:\/\/www.polisrecreio.com.br\/site\/wp-content\/uploads\/2020\/06\/vacina-contra-a-gripe.jpg\" \/>\n<meta name=\"twitter:card\" content=\"summary_large_image\" \/>\n<meta name=\"twitter:creator\" content=\"@PolisRecreio\" \/>\n<meta name=\"twitter:site\" content=\"@PolisRecreio\" \/>\n<meta name=\"twitter:label1\" content=\"Est. reading time\">\n\t<meta name=\"twitter:data1\" content=\"3 minutos\">\n<script type=\"application\/ld+json\" class=\"yoast-schema-graph\">{\"@context\":\"https:\/\/schema.org\",\"@graph\":[{\"@type\":\"WebSite\",\"@id\":\"https:\/\/www.polisrecreio.com.br\/site\/#website\",\"url\":\"https:\/\/www.polisrecreio.com.br\/site\/\",\"name\":\"P\\u00f3lis Recreio\",\"description\":\"\",\"potentialAction\":[{\"@type\":\"SearchAction\",\"target\":\"https:\/\/www.polisrecreio.com.br\/site\/?s={search_term_string}\",\"query-input\":\"required name=search_term_string\"}],\"inLanguage\":\"pt-BR\"},{\"@type\":\"ImageObject\",\"@id\":\"http:\/\/www.polisrecreio.com.br\/site\/2020\/06\/01\/vacinacao-contra-gripe-e-prorrogada-ate-30-de-junho\/#primaryimage\",\"inLanguage\":\"pt-BR\",\"url\":\"http:\/\/www.polisrecreio.com.br\/site\/wp-content\/uploads\/2020\/06\/vacina-contra-a-gripe.jpg\"},{\"@type\":\"WebPage\",\"@id\":\"http:\/\/www.polisrecreio.com.br\/site\/2020\/06\/01\/vacinacao-contra-gripe-e-prorrogada-ate-30-de-junho\/#webpage\",\"url\":\"http:\/\/www.polisrecreio.com.br\/site\/2020\/06\/01\/vacinacao-contra-gripe-e-prorrogada-ate-30-de-junho\/\",\"name\":\"Vacina\\u00e7\\u00e3o contra gripe \\u00e9 prorrogada at\\u00e9 30 de junho - P\\u00f3lis Recreio\",\"isPartOf\":{\"@id\":\"https:\/\/www.polisrecreio.com.br\/site\/#website\"},\"primaryImageOfPage\":{\"@id\":\"http:\/\/www.polisrecreio.com.br\/site\/2020\/06\/01\/vacinacao-contra-gripe-e-prorrogada-ate-30-de-junho\/#primaryimage\"},\"datePublished\":\"2020-06-01T17:16:25+00:00\",\"dateModified\":\"2020-06-01T17:16:25+00:00\",\"author\":{\"@id\":\"https:\/\/www.polisrecreio.com.br\/site\/#\/schema\/person\/3363c1c78e1e28e1329d97adb387638e\"},\"inLanguage\":\"pt-BR\",\"potentialAction\":[{\"@type\":\"ReadAction\",\"target\":[\"http:\/\/www.polisrecreio.com.br\/site\/2020\/06\/01\/vacinacao-contra-gripe-e-prorrogada-ate-30-de-junho\/\"]}]},{\"@type\":\"Person\",\"@id\":\"https:\/\/www.polisrecreio.com.br\/site\/#\/schema\/person\/3363c1c78e1e28e1329d97adb387638e\",\"name\":\"Leonardo Ribeiro\",\"image\":{\"@type\":\"ImageObject\",\"@id\":\"https:\/\/www.polisrecreio.com.br\/site\/#personlogo\",\"inLanguage\":\"pt-BR\",\"url\":\"https:\/\/secure.gravatar.com\/avatar\/6ba92a37d621e1a83e23710251178a12?s=96&d=mm&r=g\",\"caption\":\"Leonardo Ribeiro\"},\"sameAs\":[\"http:\/\/www.polisrecreio.com.br\"]}]}<\/script>\n<!-- \/ Yoast SEO plugin. -->","_links":{"self":[{"href":"https:\/\/www.polisrecreio.com.br\/site\/wp-json\/wp\/v2\/posts\/17956"}],"collection":[{"href":"https:\/\/www.polisrecreio.com.br\/site\/wp-json\/wp\/v2\/posts"}],"about":[{"href":"https:\/\/www.polisrecreio.com.br\/site\/wp-json\/wp\/v2\/types\/post"}],"author":[{"embeddable":true,"href":"https:\/\/www.polisrecreio.com.br\/site\/wp-json\/wp\/v2\/users\/3"}],"replies":[{"embeddable":true,"href":"https:\/\/www.polisrecreio.com.br\/site\/wp-json\/wp\/v2\/comments?post=17956"}],"version-history":[{"count":1,"href":"https:\/\/www.polisrecreio.com.br\/site\/wp-json\/wp\/v2\/posts\/17956\/revisions"}],"predecessor-version":[{"id":17958,"href":"https:\/\/www.polisrecreio.com.br\/site\/wp-json\/wp\/v2\/posts\/17956\/revisions\/17958"}],"wp:attachment":[{"href":"https:\/\/www.polisrecreio.com.br\/site\/wp-json\/wp\/v2\/media?parent=17956"}],"wp:term":[{"taxonomy":"category","embeddable":true,"href":"https:\/\/www.polisrecreio.com.br\/site\/wp-json\/wp\/v2\/categories?post=17956"},{"taxonomy":"post_tag","embeddable":true,"href":"https:\/\/www.polisrecreio.com.br\/site\/wp-json\/wp\/v2\/tags?post=17956"}],"curies":[{"name":"wp","href":"https:\/\/api.w.org\/{rel}","templated":true}]}}