{"id":18397,"date":"2020-07-21T12:11:06","date_gmt":"2020-07-21T15:11:06","guid":{"rendered":"http:\/\/www.polisrecreio.com.br\/site\/?p=18397"},"modified":"2020-07-21T12:14:01","modified_gmt":"2020-07-21T15:14:01","slug":"eleicoes-comicios-e-eventos-com-aglomeracoes-poderao-ser-proibidos","status":"publish","type":"post","link":"https:\/\/www.polisrecreio.com.br\/site\/2020\/07\/21\/eleicoes-comicios-e-eventos-com-aglomeracoes-poderao-ser-proibidos\/","title":{"rendered":"Elei\u00e7\u00f5es: com\u00edcios e eventos com aglomera\u00e7\u00f5es poder\u00e3o ser proibidos"},"content":{"rendered":"<p style=\"text-align: justify;\">Um projeto de lei que est\u00e1 em tramita\u00e7\u00e3o na C\u00e2mara dos Deputados prev\u00ea a proibi\u00e7\u00e3o de com\u00edcios e eventos que gerem aglomera\u00e7\u00f5es durante o processo eleitoral de 2020. A proposta \u00e9 do deputado Federal, T\u00falio Gad\u00ealha (PDT-PE). Em novembro ser\u00e3o escolhidos prefeitos, vice-prefeitos e vereadores.<\/p>\n<p><!--more--><\/p>\n<p><a href=\"http:\/\/www.polisrecreio.com.br\/site\/wp-content\/uploads\/2020\/07\/comicio-politico-estrategias.jpg\"><img loading=\"lazy\" class=\"aligncenter size-full wp-image-18398\" src=\"http:\/\/www.polisrecreio.com.br\/site\/wp-content\/uploads\/2020\/07\/comicio-politico-estrategias.jpg\" alt=\"\" width=\"750\" height=\"499\" srcset=\"https:\/\/www.polisrecreio.com.br\/site\/wp-content\/uploads\/2020\/07\/comicio-politico-estrategias.jpg 750w, https:\/\/www.polisrecreio.com.br\/site\/wp-content\/uploads\/2020\/07\/comicio-politico-estrategias-300x200.jpg 300w\" sizes=\"(max-width: 750px) 100vw, 750px\" \/><\/a><\/p>\n<p style=\"text-align: justify;\">Na justificativa de apresenta\u00e7\u00e3o do projeto de lei, Gad\u00ealha alega que h\u00e1 unanimidade entre especialistas de sa\u00fade em rela\u00e7\u00e3o a medidas de isolamento social para evitar o cont\u00e1gio da Covid-19. Al\u00e9m disso, o parlamentar cita que, mesmo com um eventual controle da pandemia, \u00e9 preciso garantir que novos surtos n\u00e3o aconte\u00e7am.<\/p>\n<p style=\"text-align: justify;\">De acordo com o projeto, caber\u00e1 ao Tribunal Superior Eleitoral \u201cTSE\u201d e \u00e0 Ag\u00eancia Nacional de Vigil\u00e2ncia Sanit\u00e1ria \u201cANVISA\u201d editar um regulamento com medidas que garantam a seguran\u00e7a sanit\u00e1ria de mes\u00e1rios e eleitores durante a vota\u00e7\u00e3o, o que inclui a\u00e7\u00f5es que estabele\u00e7am o distanciamento social. O regulamento dever\u00e1 ser divulgado pelo menos 30 dias antes do primeiro turno.<\/p>\n<p style=\"text-align: justify;\">As Elei\u00e7\u00f5es municipais de 2020 acontecer\u00e3o em novembro: 15 (1\u00ba turno) e 29 (2\u00ba turno).<\/p>\n<p>Confira <a href=\"https:\/\/www.camara.leg.br\/proposicoesWeb\/fichadetramitacao?idProposicao=2256659\" target=\"_blank\" rel=\"noopener\">Projeto de Lei 3602.<\/a><\/p>\n","protected":false},"excerpt":{"rendered":"<p>Um projeto de lei que est\u00e1 em tramita\u00e7\u00e3o na C\u00e2mara dos Deputados prev\u00ea a proibi\u00e7\u00e3o de com\u00edcios e eventos que gerem aglomera\u00e7\u00f5es durante o processo eleitoral de 2020. A proposta \u00e9 do deputado Federal, T\u00falio Gad\u00ealha (PDT-PE). Em novembro ser\u00e3o escolhidos prefeitos, vice-prefeitos e vereadores.<\/p>\n","protected":false},"author":3,"featured_media":18398,"comment_status":"open","ping_status":"open","sticky":false,"template":"","format":"standard","meta":[],"categories":[13],"tags":[],"yoast_head":"<!-- This site is optimized with the Yoast SEO plugin v15.6.2 - https:\/\/yoast.com\/wordpress\/plugins\/seo\/ -->\n<meta name=\"robots\" content=\"index, follow, max-snippet:-1, max-image-preview:large, max-video-preview:-1\" \/>\n<link rel=\"canonical\" href=\"http:\/\/www.polisrecreio.com.br\/site\/2020\/07\/21\/eleicoes-comicios-e-eventos-com-aglomeracoes-poderao-ser-proibidos\/\" \/>\n<meta property=\"og:locale\" content=\"pt_BR\" \/>\n<meta property=\"og:type\" content=\"article\" \/>\n<meta property=\"og:title\" content=\"Elei\u00e7\u00f5es: com\u00edcios e eventos com aglomera\u00e7\u00f5es poder\u00e3o ser proibidos - P\u00f3lis Recreio\" \/>\n<meta property=\"og:description\" content=\"Um projeto de lei que est\u00e1 em tramita\u00e7\u00e3o na C\u00e2mara dos Deputados prev\u00ea a proibi\u00e7\u00e3o de com\u00edcios e eventos que gerem aglomera\u00e7\u00f5es durante o processo eleitoral de 2020. A proposta \u00e9 do deputado Federal, T\u00falio Gad\u00ealha (PDT-PE). Em novembro ser\u00e3o escolhidos prefeitos, vice-prefeitos e vereadores.\" \/>\n<meta property=\"og:url\" content=\"http:\/\/www.polisrecreio.com.br\/site\/2020\/07\/21\/eleicoes-comicios-e-eventos-com-aglomeracoes-poderao-ser-proibidos\/\" \/>\n<meta property=\"og:site_name\" content=\"P\u00f3lis Recreio\" \/>\n<meta property=\"article:publisher\" content=\"https:\/\/www.facebook.com\/Site-P%c3%b3lis-Recreio-MG-181941708571019\/\" \/>\n<meta property=\"article:published_time\" content=\"2020-07-21T15:11:06+00:00\" \/>\n<meta property=\"article:modified_time\" content=\"2020-07-21T15:14:01+00:00\" \/>\n<meta property=\"og:image\" content=\"https:\/\/www.polisrecreio.com.br\/site\/wp-content\/uploads\/2020\/07\/comicio-politico-estrategias.jpg\" \/>\n\t<meta property=\"og:image:width\" content=\"750\" \/>\n\t<meta property=\"og:image:height\" content=\"499\" \/>\n<meta name=\"twitter:card\" content=\"summary_large_image\" \/>\n<meta name=\"twitter:creator\" content=\"@PolisRecreio\" \/>\n<meta name=\"twitter:site\" content=\"@PolisRecreio\" \/>\n<meta name=\"twitter:label1\" content=\"Est. reading time\">\n\t<meta name=\"twitter:data1\" content=\"1 minuto\">\n<script type=\"application\/ld+json\" class=\"yoast-schema-graph\">{\"@context\":\"https:\/\/schema.org\",\"@graph\":[{\"@type\":\"WebSite\",\"@id\":\"https:\/\/www.polisrecreio.com.br\/site\/#website\",\"url\":\"https:\/\/www.polisrecreio.com.br\/site\/\",\"name\":\"P\\u00f3lis Recreio\",\"description\":\"\",\"potentialAction\":[{\"@type\":\"SearchAction\",\"target\":\"https:\/\/www.polisrecreio.com.br\/site\/?s={search_term_string}\",\"query-input\":\"required name=search_term_string\"}],\"inLanguage\":\"pt-BR\"},{\"@type\":\"ImageObject\",\"@id\":\"http:\/\/www.polisrecreio.com.br\/site\/2020\/07\/21\/eleicoes-comicios-e-eventos-com-aglomeracoes-poderao-ser-proibidos\/#primaryimage\",\"inLanguage\":\"pt-BR\",\"url\":\"https:\/\/www.polisrecreio.com.br\/site\/wp-content\/uploads\/2020\/07\/comicio-politico-estrategias.jpg\",\"width\":750,\"height\":499},{\"@type\":\"WebPage\",\"@id\":\"http:\/\/www.polisrecreio.com.br\/site\/2020\/07\/21\/eleicoes-comicios-e-eventos-com-aglomeracoes-poderao-ser-proibidos\/#webpage\",\"url\":\"http:\/\/www.polisrecreio.com.br\/site\/2020\/07\/21\/eleicoes-comicios-e-eventos-com-aglomeracoes-poderao-ser-proibidos\/\",\"name\":\"Elei\\u00e7\\u00f5es: com\\u00edcios e eventos com aglomera\\u00e7\\u00f5es poder\\u00e3o ser proibidos - P\\u00f3lis Recreio\",\"isPartOf\":{\"@id\":\"https:\/\/www.polisrecreio.com.br\/site\/#website\"},\"primaryImageOfPage\":{\"@id\":\"http:\/\/www.polisrecreio.com.br\/site\/2020\/07\/21\/eleicoes-comicios-e-eventos-com-aglomeracoes-poderao-ser-proibidos\/#primaryimage\"},\"datePublished\":\"2020-07-21T15:11:06+00:00\",\"dateModified\":\"2020-07-21T15:14:01+00:00\",\"author\":{\"@id\":\"https:\/\/www.polisrecreio.com.br\/site\/#\/schema\/person\/3363c1c78e1e28e1329d97adb387638e\"},\"inLanguage\":\"pt-BR\",\"potentialAction\":[{\"@type\":\"ReadAction\",\"target\":[\"http:\/\/www.polisrecreio.com.br\/site\/2020\/07\/21\/eleicoes-comicios-e-eventos-com-aglomeracoes-poderao-ser-proibidos\/\"]}]},{\"@type\":\"Person\",\"@id\":\"https:\/\/www.polisrecreio.com.br\/site\/#\/schema\/person\/3363c1c78e1e28e1329d97adb387638e\",\"name\":\"Leonardo Ribeiro\",\"image\":{\"@type\":\"ImageObject\",\"@id\":\"https:\/\/www.polisrecreio.com.br\/site\/#personlogo\",\"inLanguage\":\"pt-BR\",\"url\":\"https:\/\/secure.gravatar.com\/avatar\/6ba92a37d621e1a83e23710251178a12?s=96&d=mm&r=g\",\"caption\":\"Leonardo Ribeiro\"},\"sameAs\":[\"http:\/\/www.polisrecreio.com.br\"]}]}<\/script>\n<!-- \/ Yoast SEO plugin. -->","_links":{"self":[{"href":"https:\/\/www.polisrecreio.com.br\/site\/wp-json\/wp\/v2\/posts\/18397"}],"collection":[{"href":"https:\/\/www.polisrecreio.com.br\/site\/wp-json\/wp\/v2\/posts"}],"about":[{"href":"https:\/\/www.polisrecreio.com.br\/site\/wp-json\/wp\/v2\/types\/post"}],"author":[{"embeddable":true,"href":"https:\/\/www.polisrecreio.com.br\/site\/wp-json\/wp\/v2\/users\/3"}],"replies":[{"embeddable":true,"href":"https:\/\/www.polisrecreio.com.br\/site\/wp-json\/wp\/v2\/comments?post=18397"}],"version-history":[{"count":3,"href":"https:\/\/www.polisrecreio.com.br\/site\/wp-json\/wp\/v2\/posts\/18397\/revisions"}],"predecessor-version":[{"id":18401,"href":"https:\/\/www.polisrecreio.com.br\/site\/wp-json\/wp\/v2\/posts\/18397\/revisions\/18401"}],"wp:featuredmedia":[{"embeddable":true,"href":"https:\/\/www.polisrecreio.com.br\/site\/wp-json\/wp\/v2\/media\/18398"}],"wp:attachment":[{"href":"https:\/\/www.polisrecreio.com.br\/site\/wp-json\/wp\/v2\/media?parent=18397"}],"wp:term":[{"taxonomy":"category","embeddable":true,"href":"https:\/\/www.polisrecreio.com.br\/site\/wp-json\/wp\/v2\/categories?post=18397"},{"taxonomy":"post_tag","embeddable":true,"href":"https:\/\/www.polisrecreio.com.br\/site\/wp-json\/wp\/v2\/tags?post=18397"}],"curies":[{"name":"wp","href":"https:\/\/api.w.org\/{rel}","templated":true}]}}