{"id":18419,"date":"2020-07-24T09:58:30","date_gmt":"2020-07-24T12:58:30","guid":{"rendered":"http:\/\/www.polisrecreio.com.br\/site\/?p=18419"},"modified":"2020-07-24T09:58:30","modified_gmt":"2020-07-24T12:58:30","slug":"vereador-de-palma-que-doou-metade-de-seu-salario-decide-nao-ser-candidato-a-reeleicao","status":"publish","type":"post","link":"https:\/\/www.polisrecreio.com.br\/site\/2020\/07\/24\/vereador-de-palma-que-doou-metade-de-seu-salario-decide-nao-ser-candidato-a-reeleicao\/","title":{"rendered":"Vereador de Palma que doou metade de seu sal\u00e1rio decide n\u00e3o ser candidato \u00e0 reelei\u00e7\u00e3o"},"content":{"rendered":"<p style=\"text-align: justify;\">O vereador de Palma, Alan da Silva Carvalho, o popular Alanduzito, decidiu n\u00e3o ser candidato \u00e0 reelei\u00e7\u00e3o na cidade de pouco mais de 6 mil habitantes (IBGE). Em abril, o parlamentar ganhou destaque regional com a mat\u00e9ria do Site P\u00f3lis \u201cVereador de Palma vai doar metade de seu sal\u00e1rio para fundo de ajuda aos desempregados\u201d.<\/p>\n<p><!--more--><\/p>\n<p><a href=\"http:\/\/www.polisrecreio.com.br\/site\/wp-content\/uploads\/2020\/07\/512533c7-4a1c-4119-914c-6f6f155be4e9.jpg\"><img loading=\"lazy\" class=\"aligncenter size-full wp-image-18420\" src=\"http:\/\/www.polisrecreio.com.br\/site\/wp-content\/uploads\/2020\/07\/512533c7-4a1c-4119-914c-6f6f155be4e9.jpg\" alt=\"\" width=\"700\" height=\"500\" srcset=\"https:\/\/www.polisrecreio.com.br\/site\/wp-content\/uploads\/2020\/07\/512533c7-4a1c-4119-914c-6f6f155be4e9.jpg 700w, https:\/\/www.polisrecreio.com.br\/site\/wp-content\/uploads\/2020\/07\/512533c7-4a1c-4119-914c-6f6f155be4e9-300x214.jpg 300w\" sizes=\"(max-width: 700px) 100vw, 700px\" \/><\/a><\/p>\n<p style=\"text-align: justify;\">Alan tem 36 anos e \u00e9 professor de Ci\u00eancias e farmac\u00eautico. Ele j\u00e1 foi secret\u00e1rio de Agricultura, Cultural e Esportes, entre 2013 e 2016, e nas elei\u00e7\u00f5es de 2016 foi eleito vereador com 272 votos.<\/p>\n<p style=\"text-align: justify;\">Nos \u00faltimos 3 anos o parlamentar foi uma das personalidades pol\u00edticas mais ativas do munic\u00edpio de Palma: integrou quase todos os conselhos municipais; participou das atividades da ONG Amigos do Trem com o sonho da volta da atividade ferrovi\u00e1ria na regi\u00e3o; foi s\u00f3cio-fundador da ONG Prote\u00e7\u00e3o Animal Tia J\u00f4; captou recursos de emendas parlamentares; apresentou mais de 14 projetos de lei, com destaque para o projeto de incentivo a ind\u00fastria, empresas e f\u00e1bricas que serviu de modelo para outras cidades do Brasil e o projeto regional para doa\u00e7\u00e3o de sangue que envolveu seis cidades; al\u00e9m de ter participado na capta\u00e7\u00e3o de ICMS para Palma, ajudando a aumentar a arrecada\u00e7\u00e3o do munic\u00edpio em quase 50%, ou seja, mais de R$ 600 mil por ano.<\/p>\n<p><a href=\"http:\/\/www.polisrecreio.com.br\/site\/wp-content\/uploads\/2020\/07\/blue-flower.jpg\"><img loading=\"lazy\" class=\"aligncenter size-full wp-image-18421\" src=\"http:\/\/www.polisrecreio.com.br\/site\/wp-content\/uploads\/2020\/07\/blue-flower.jpg\" alt=\"\" width=\"945\" height=\"350\" srcset=\"https:\/\/www.polisrecreio.com.br\/site\/wp-content\/uploads\/2020\/07\/blue-flower.jpg 945w, https:\/\/www.polisrecreio.com.br\/site\/wp-content\/uploads\/2020\/07\/blue-flower-300x111.jpg 300w, https:\/\/www.polisrecreio.com.br\/site\/wp-content\/uploads\/2020\/07\/blue-flower-768x284.jpg 768w\" sizes=\"(max-width: 945px) 100vw, 945px\" \/><\/a><\/p>\n<p style=\"text-align: justify;\">A \u00faltima ideia do vereador Alanduzito foi a cria\u00e7\u00e3o do Fundo de Amparo ao Trabalhador com a proposta de ajudar os trabalhadores impactados pela pandemia do novo coronav\u00edrus em Palma. Parte deste Fundo foi mantido com metade de seu sal\u00e1rio como vereador. Segundo o parlamentar, foram mais de uma tonelada de alimentos doados, al\u00e9m de rem\u00e9dios, fraldas e etc.<\/p>\n<p style=\"text-align: justify;\">\u201cMesmo com a sensa\u00e7\u00e3o de dever cumprido, sinto talvez decepcionado politicamente. Tentei mostrar para os meus amigos vereadores a necessidade de uni\u00e3o de for\u00e7as para ajudar no desenvolvimento de Palma e mostrar que independente de sigla partid\u00e1ria poder\u00edamos fazermos muito para Palma. A partir deste ponto veio as decep\u00e7\u00f5es, as vaidades individuais, a n\u00e3o compreens\u00e3o que eu apenas queria fazer a mudan\u00e7a para o coletivo de Palma. Acredito que ainda n\u00e3o nos livramos da velha pol\u00edtica. \u00c9 necess\u00e1rio me retirar e talvez em outro momento retornar. Continuarei com minhas a\u00e7\u00f5es, pois, nunca foram para fins eleitoreiros e sim para contribui\u00e7\u00e3o de uma cidade melhor para se viver! Agrade\u00e7o a todos que estiveram do meu lado. Ainda este ano prestarei contas do meu mandato como sempre fiz. Buscarei outros caminhos e acredito que esse \u00e9 apenas um at\u00e9 breve!\u201d, concluiu Alanduzito.<\/p>\n","protected":false},"excerpt":{"rendered":"<p>O vereador de Palma, Alan da Silva Carvalho, o popular Alanduzito, decidiu n\u00e3o ser candidato \u00e0 reelei\u00e7\u00e3o na cidade de pouco mais de 6 mil habitantes (IBGE). Em abril, o parlamentar ganhou destaque regional com a mat\u00e9ria do Site P\u00f3lis \u201cVereador de Palma vai doar metade de seu sal\u00e1rio para fundo de ajuda aos desempregados\u201d.<\/p>\n","protected":false},"author":3,"featured_media":18420,"comment_status":"open","ping_status":"open","sticky":false,"template":"","format":"standard","meta":[],"categories":[13],"tags":[],"yoast_head":"<!-- This site is optimized with the Yoast SEO plugin v15.6.2 - https:\/\/yoast.com\/wordpress\/plugins\/seo\/ -->\n<meta name=\"robots\" content=\"index, follow, max-snippet:-1, max-image-preview:large, max-video-preview:-1\" \/>\n<link rel=\"canonical\" href=\"http:\/\/www.polisrecreio.com.br\/site\/2020\/07\/24\/vereador-de-palma-que-doou-metade-de-seu-salario-decide-nao-ser-candidato-a-reeleicao\/\" \/>\n<meta property=\"og:locale\" content=\"pt_BR\" \/>\n<meta property=\"og:type\" content=\"article\" \/>\n<meta property=\"og:title\" content=\"Vereador de Palma que doou metade de seu sal\u00e1rio decide n\u00e3o ser candidato \u00e0 reelei\u00e7\u00e3o - P\u00f3lis Recreio\" \/>\n<meta property=\"og:description\" content=\"O vereador de Palma, Alan da Silva Carvalho, o popular Alanduzito, decidiu n\u00e3o ser candidato \u00e0 reelei\u00e7\u00e3o na cidade de pouco mais de 6 mil habitantes (IBGE). Em abril, o parlamentar ganhou destaque regional com a mat\u00e9ria do Site P\u00f3lis \u201cVereador de Palma vai doar metade de seu sal\u00e1rio para fundo de ajuda aos desempregados\u201d.\" \/>\n<meta property=\"og:url\" content=\"http:\/\/www.polisrecreio.com.br\/site\/2020\/07\/24\/vereador-de-palma-que-doou-metade-de-seu-salario-decide-nao-ser-candidato-a-reeleicao\/\" \/>\n<meta property=\"og:site_name\" content=\"P\u00f3lis Recreio\" \/>\n<meta property=\"article:publisher\" content=\"https:\/\/www.facebook.com\/Site-P%c3%b3lis-Recreio-MG-181941708571019\/\" \/>\n<meta property=\"article:published_time\" content=\"2020-07-24T12:58:30+00:00\" \/>\n<meta property=\"og:image\" content=\"https:\/\/www.polisrecreio.com.br\/site\/wp-content\/uploads\/2020\/07\/512533c7-4a1c-4119-914c-6f6f155be4e9.jpg\" \/>\n\t<meta property=\"og:image:width\" content=\"700\" \/>\n\t<meta property=\"og:image:height\" content=\"500\" \/>\n<meta name=\"twitter:card\" content=\"summary_large_image\" \/>\n<meta name=\"twitter:creator\" content=\"@PolisRecreio\" \/>\n<meta name=\"twitter:site\" content=\"@PolisRecreio\" \/>\n<meta name=\"twitter:label1\" content=\"Est. reading time\">\n\t<meta name=\"twitter:data1\" content=\"2 minutos\">\n<script type=\"application\/ld+json\" class=\"yoast-schema-graph\">{\"@context\":\"https:\/\/schema.org\",\"@graph\":[{\"@type\":\"WebSite\",\"@id\":\"https:\/\/www.polisrecreio.com.br\/site\/#website\",\"url\":\"https:\/\/www.polisrecreio.com.br\/site\/\",\"name\":\"P\\u00f3lis Recreio\",\"description\":\"\",\"potentialAction\":[{\"@type\":\"SearchAction\",\"target\":\"https:\/\/www.polisrecreio.com.br\/site\/?s={search_term_string}\",\"query-input\":\"required name=search_term_string\"}],\"inLanguage\":\"pt-BR\"},{\"@type\":\"ImageObject\",\"@id\":\"http:\/\/www.polisrecreio.com.br\/site\/2020\/07\/24\/vereador-de-palma-que-doou-metade-de-seu-salario-decide-nao-ser-candidato-a-reeleicao\/#primaryimage\",\"inLanguage\":\"pt-BR\",\"url\":\"https:\/\/www.polisrecreio.com.br\/site\/wp-content\/uploads\/2020\/07\/512533c7-4a1c-4119-914c-6f6f155be4e9.jpg\",\"width\":700,\"height\":500},{\"@type\":\"WebPage\",\"@id\":\"http:\/\/www.polisrecreio.com.br\/site\/2020\/07\/24\/vereador-de-palma-que-doou-metade-de-seu-salario-decide-nao-ser-candidato-a-reeleicao\/#webpage\",\"url\":\"http:\/\/www.polisrecreio.com.br\/site\/2020\/07\/24\/vereador-de-palma-que-doou-metade-de-seu-salario-decide-nao-ser-candidato-a-reeleicao\/\",\"name\":\"Vereador de Palma que doou metade de seu sal\\u00e1rio decide n\\u00e3o ser candidato \\u00e0 reelei\\u00e7\\u00e3o - P\\u00f3lis Recreio\",\"isPartOf\":{\"@id\":\"https:\/\/www.polisrecreio.com.br\/site\/#website\"},\"primaryImageOfPage\":{\"@id\":\"http:\/\/www.polisrecreio.com.br\/site\/2020\/07\/24\/vereador-de-palma-que-doou-metade-de-seu-salario-decide-nao-ser-candidato-a-reeleicao\/#primaryimage\"},\"datePublished\":\"2020-07-24T12:58:30+00:00\",\"dateModified\":\"2020-07-24T12:58:30+00:00\",\"author\":{\"@id\":\"https:\/\/www.polisrecreio.com.br\/site\/#\/schema\/person\/3363c1c78e1e28e1329d97adb387638e\"},\"inLanguage\":\"pt-BR\",\"potentialAction\":[{\"@type\":\"ReadAction\",\"target\":[\"http:\/\/www.polisrecreio.com.br\/site\/2020\/07\/24\/vereador-de-palma-que-doou-metade-de-seu-salario-decide-nao-ser-candidato-a-reeleicao\/\"]}]},{\"@type\":\"Person\",\"@id\":\"https:\/\/www.polisrecreio.com.br\/site\/#\/schema\/person\/3363c1c78e1e28e1329d97adb387638e\",\"name\":\"Leonardo Ribeiro\",\"image\":{\"@type\":\"ImageObject\",\"@id\":\"https:\/\/www.polisrecreio.com.br\/site\/#personlogo\",\"inLanguage\":\"pt-BR\",\"url\":\"https:\/\/secure.gravatar.com\/avatar\/6ba92a37d621e1a83e23710251178a12?s=96&d=mm&r=g\",\"caption\":\"Leonardo Ribeiro\"},\"sameAs\":[\"http:\/\/www.polisrecreio.com.br\"]}]}<\/script>\n<!-- \/ Yoast SEO plugin. -->","_links":{"self":[{"href":"https:\/\/www.polisrecreio.com.br\/site\/wp-json\/wp\/v2\/posts\/18419"}],"collection":[{"href":"https:\/\/www.polisrecreio.com.br\/site\/wp-json\/wp\/v2\/posts"}],"about":[{"href":"https:\/\/www.polisrecreio.com.br\/site\/wp-json\/wp\/v2\/types\/post"}],"author":[{"embeddable":true,"href":"https:\/\/www.polisrecreio.com.br\/site\/wp-json\/wp\/v2\/users\/3"}],"replies":[{"embeddable":true,"href":"https:\/\/www.polisrecreio.com.br\/site\/wp-json\/wp\/v2\/comments?post=18419"}],"version-history":[{"count":1,"href":"https:\/\/www.polisrecreio.com.br\/site\/wp-json\/wp\/v2\/posts\/18419\/revisions"}],"predecessor-version":[{"id":18422,"href":"https:\/\/www.polisrecreio.com.br\/site\/wp-json\/wp\/v2\/posts\/18419\/revisions\/18422"}],"wp:featuredmedia":[{"embeddable":true,"href":"https:\/\/www.polisrecreio.com.br\/site\/wp-json\/wp\/v2\/media\/18420"}],"wp:attachment":[{"href":"https:\/\/www.polisrecreio.com.br\/site\/wp-json\/wp\/v2\/media?parent=18419"}],"wp:term":[{"taxonomy":"category","embeddable":true,"href":"https:\/\/www.polisrecreio.com.br\/site\/wp-json\/wp\/v2\/categories?post=18419"},{"taxonomy":"post_tag","embeddable":true,"href":"https:\/\/www.polisrecreio.com.br\/site\/wp-json\/wp\/v2\/tags?post=18419"}],"curies":[{"name":"wp","href":"https:\/\/api.w.org\/{rel}","templated":true}]}}