{"id":18423,"date":"2020-07-24T15:20:44","date_gmt":"2020-07-24T18:20:44","guid":{"rendered":"http:\/\/www.polisrecreio.com.br\/site\/?p=18423"},"modified":"2020-07-24T15:20:44","modified_gmt":"2020-07-24T18:20:44","slug":"nao-ha-nada-pior-do-que-a-reforma-tributaria-de-guedes","status":"publish","type":"post","link":"https:\/\/www.polisrecreio.com.br\/site\/2020\/07\/24\/nao-ha-nada-pior-do-que-a-reforma-tributaria-de-guedes\/","title":{"rendered":"N\u00e3o h\u00e1 nada pior do que a Reforma Tribut\u00e1ria de Guedes"},"content":{"rendered":"<p><strong><em>Economia: Por Davi Carneiro*<\/em><\/strong><\/p>\n<p style=\"text-align: justify;\">Recentemente o ministro da economia Paulo Guedes lan\u00e7ou o texto do projeto da reforma tribut\u00e1ria, um conte\u00fado de mais de 60 p\u00e1ginas para apenas mudar dois impostos. E esses dois s\u00e3o o PIS e Confins, que no projeto se juntariam para se tornar apenas um, o CBS. E a insanidade desse imposto j\u00e1 come\u00e7a em seus n\u00fameros. PIS que era cobrado de 1,75% e Confins que era de 7,5%, agora com a jun\u00e7\u00e3o dos dois, o CBS ser\u00e1 12%. A l\u00f3gica seria que 7,5 + 1,75 fosse diferente de 12, mas l\u00f3gica \u00e9 algo que n\u00e3o h\u00e1 nessa reforma.<\/p>\n<p><!--more--><\/p>\n<p><a href=\"http:\/\/www.polisrecreio.com.br\/site\/wp-content\/uploads\/2020\/05\/thumbnail-1.jpg\"><img loading=\"lazy\" class=\"aligncenter size-full wp-image-17940\" src=\"http:\/\/www.polisrecreio.com.br\/site\/wp-content\/uploads\/2020\/05\/thumbnail-1.jpg\" alt=\"\" width=\"749\" height=\"500\" srcset=\"https:\/\/www.polisrecreio.com.br\/site\/wp-content\/uploads\/2020\/05\/thumbnail-1.jpg 749w, https:\/\/www.polisrecreio.com.br\/site\/wp-content\/uploads\/2020\/05\/thumbnail-1-300x200.jpg 300w\" sizes=\"(max-width: 749px) 100vw, 749px\" \/><\/a><\/p>\n<p style=\"text-align: justify;\">Esse projeto se aplica para servi\u00e7os, que antes da reforma pagavam em torno de 4%, mas que agora com esse novo tributo, a porcentagem aumentou para 12. Ou seja, para prestadores de servi\u00e7os n\u00e3o simples o imposto triplicou, o que representa 40% dos servi\u00e7os. 40% dos servi\u00e7os ter\u00e3o seus impostos triplicados.<\/p>\n<p style=\"text-align: justify;\">O texto ainda h\u00e1 outras partes, como a de plataformas de vendas. Na proposta, a plataforma em que o vendedor n\u00e3o emitir nota ter\u00e1 que pagar o imposto para o vendedor. Ou seja, o iFood, por exemplo, ter\u00e1 que pagar o imposto das empresas cadastradas nele que n\u00e3o emitirem nota.<\/p>\n<p style=\"text-align: justify;\">E consegue surpreendentemente ficar pior, pois a proposta tamb\u00e9m implica em importa\u00e7\u00f5es. Pessoas jur\u00eddicas pagar\u00e3o o CBS, mas no caso de pessoas f\u00edsicas que importarem algo, a empresa que exportou para o Brasil que ter\u00e1 que arcar com o imposto. Por exemplo: a Amazon, ao enviar uma compra para uma pessoa no Brasil ter\u00e1 que pagar esse imposto. E as empresas que far\u00e3o essas exporta\u00e7\u00f5es para o territ\u00f3rio brasileiro ter\u00e3o que fazer um cadastro em um portal do governo federal.<\/p>\n<p style=\"text-align: justify;\">N\u00e3o h\u00e1 adjetivos na l\u00edngua portuguesa para expressar o qu\u00e3o horr\u00edvel \u00e9 essa Reforma. Ao aumentar imposto e tamb\u00e9m o custo para pagar essa tributa\u00e7\u00e3o, se dificulta a economia de funcionar. Torna mais dif\u00edcil e caro a vida de empres\u00e1rios e de pessoas que querem abrir uma empresa, sem falar nos consumidores, que ter\u00e3o esse custo repassado para os produtos, ou funcion\u00e1rios que s\u00e3o demitidos por causa desse aumento, empresas que poderiam oferecer produtos mais baratos no Brasil, mas que desistem por causa da dificuldade e preferem investir em outros pa\u00edses, como o Paraguai, etc.<\/p>\n<p style=\"text-align: justify;\">No final, como j\u00e1 rotineiro, \u00e9 sempre o povo que paga por isso. Seja por n\u00e3o conseguir melhorar sua condi\u00e7\u00e3o de vida, seja por produtos mais caros, falta de diversidade de produtos, e at\u00e9 mesmo desemprego. Essa Reforma consegue ter tudo isso como resultado, sendo uma das maiores atrocidades econ\u00f4micas no Brasil. Mais uma a\u00e7\u00e3o do estado em que no final, e sempre no final, quem paga por isso \u00e9 o povo.<\/p>\n<p><strong><em>*O texto \u00e9 de responsabilidade do autor.<\/em><\/strong><\/p>\n","protected":false},"excerpt":{"rendered":"<p>Economia: Por Davi Carneiro* Recentemente o ministro da economia Paulo Guedes lan\u00e7ou o texto do projeto da reforma tribut\u00e1ria, um conte\u00fado de mais de 60 p\u00e1ginas para apenas mudar dois impostos. E esses dois s\u00e3o o PIS e Confins, que no projeto se juntariam para se tornar apenas um, o CBS. E a insanidade desse [&hellip;]<\/p>\n","protected":false},"author":3,"featured_media":0,"comment_status":"open","ping_status":"open","sticky":false,"template":"","format":"standard","meta":[],"categories":[16],"tags":[],"yoast_head":"<!-- This site is optimized with the Yoast SEO plugin v15.6.2 - https:\/\/yoast.com\/wordpress\/plugins\/seo\/ -->\n<meta name=\"robots\" content=\"index, follow, max-snippet:-1, max-image-preview:large, max-video-preview:-1\" \/>\n<link rel=\"canonical\" href=\"http:\/\/www.polisrecreio.com.br\/site\/2020\/07\/24\/nao-ha-nada-pior-do-que-a-reforma-tributaria-de-guedes\/\" \/>\n<meta property=\"og:locale\" content=\"pt_BR\" \/>\n<meta property=\"og:type\" content=\"article\" \/>\n<meta property=\"og:title\" content=\"N\u00e3o h\u00e1 nada pior do que a Reforma Tribut\u00e1ria de Guedes - P\u00f3lis Recreio\" \/>\n<meta property=\"og:description\" content=\"Economia: Por Davi Carneiro* Recentemente o ministro da economia Paulo Guedes lan\u00e7ou o texto do projeto da reforma tribut\u00e1ria, um conte\u00fado de mais de 60 p\u00e1ginas para apenas mudar dois impostos. E esses dois s\u00e3o o PIS e Confins, que no projeto se juntariam para se tornar apenas um, o CBS. E a insanidade desse [&hellip;]\" \/>\n<meta property=\"og:url\" content=\"http:\/\/www.polisrecreio.com.br\/site\/2020\/07\/24\/nao-ha-nada-pior-do-que-a-reforma-tributaria-de-guedes\/\" \/>\n<meta property=\"og:site_name\" content=\"P\u00f3lis Recreio\" \/>\n<meta property=\"article:publisher\" content=\"https:\/\/www.facebook.com\/Site-P%c3%b3lis-Recreio-MG-181941708571019\/\" \/>\n<meta property=\"article:published_time\" content=\"2020-07-24T18:20:44+00:00\" \/>\n<meta property=\"og:image\" content=\"http:\/\/www.polisrecreio.com.br\/site\/wp-content\/uploads\/2020\/05\/thumbnail-1.jpg\" \/>\n<meta name=\"twitter:card\" content=\"summary_large_image\" \/>\n<meta name=\"twitter:creator\" content=\"@PolisRecreio\" \/>\n<meta name=\"twitter:site\" content=\"@PolisRecreio\" \/>\n<meta name=\"twitter:label1\" content=\"Est. reading time\">\n\t<meta name=\"twitter:data1\" content=\"2 minutos\">\n<script type=\"application\/ld+json\" class=\"yoast-schema-graph\">{\"@context\":\"https:\/\/schema.org\",\"@graph\":[{\"@type\":\"WebSite\",\"@id\":\"https:\/\/www.polisrecreio.com.br\/site\/#website\",\"url\":\"https:\/\/www.polisrecreio.com.br\/site\/\",\"name\":\"P\\u00f3lis Recreio\",\"description\":\"\",\"potentialAction\":[{\"@type\":\"SearchAction\",\"target\":\"https:\/\/www.polisrecreio.com.br\/site\/?s={search_term_string}\",\"query-input\":\"required name=search_term_string\"}],\"inLanguage\":\"pt-BR\"},{\"@type\":\"ImageObject\",\"@id\":\"http:\/\/www.polisrecreio.com.br\/site\/2020\/07\/24\/nao-ha-nada-pior-do-que-a-reforma-tributaria-de-guedes\/#primaryimage\",\"inLanguage\":\"pt-BR\",\"url\":\"http:\/\/www.polisrecreio.com.br\/site\/wp-content\/uploads\/2020\/05\/thumbnail-1.jpg\"},{\"@type\":\"WebPage\",\"@id\":\"http:\/\/www.polisrecreio.com.br\/site\/2020\/07\/24\/nao-ha-nada-pior-do-que-a-reforma-tributaria-de-guedes\/#webpage\",\"url\":\"http:\/\/www.polisrecreio.com.br\/site\/2020\/07\/24\/nao-ha-nada-pior-do-que-a-reforma-tributaria-de-guedes\/\",\"name\":\"N\\u00e3o h\\u00e1 nada pior do que a Reforma Tribut\\u00e1ria de Guedes - P\\u00f3lis Recreio\",\"isPartOf\":{\"@id\":\"https:\/\/www.polisrecreio.com.br\/site\/#website\"},\"primaryImageOfPage\":{\"@id\":\"http:\/\/www.polisrecreio.com.br\/site\/2020\/07\/24\/nao-ha-nada-pior-do-que-a-reforma-tributaria-de-guedes\/#primaryimage\"},\"datePublished\":\"2020-07-24T18:20:44+00:00\",\"dateModified\":\"2020-07-24T18:20:44+00:00\",\"author\":{\"@id\":\"https:\/\/www.polisrecreio.com.br\/site\/#\/schema\/person\/3363c1c78e1e28e1329d97adb387638e\"},\"inLanguage\":\"pt-BR\",\"potentialAction\":[{\"@type\":\"ReadAction\",\"target\":[\"http:\/\/www.polisrecreio.com.br\/site\/2020\/07\/24\/nao-ha-nada-pior-do-que-a-reforma-tributaria-de-guedes\/\"]}]},{\"@type\":\"Person\",\"@id\":\"https:\/\/www.polisrecreio.com.br\/site\/#\/schema\/person\/3363c1c78e1e28e1329d97adb387638e\",\"name\":\"Leonardo Ribeiro\",\"image\":{\"@type\":\"ImageObject\",\"@id\":\"https:\/\/www.polisrecreio.com.br\/site\/#personlogo\",\"inLanguage\":\"pt-BR\",\"url\":\"https:\/\/secure.gravatar.com\/avatar\/6ba92a37d621e1a83e23710251178a12?s=96&d=mm&r=g\",\"caption\":\"Leonardo Ribeiro\"},\"sameAs\":[\"http:\/\/www.polisrecreio.com.br\"]}]}<\/script>\n<!-- \/ Yoast SEO plugin. -->","_links":{"self":[{"href":"https:\/\/www.polisrecreio.com.br\/site\/wp-json\/wp\/v2\/posts\/18423"}],"collection":[{"href":"https:\/\/www.polisrecreio.com.br\/site\/wp-json\/wp\/v2\/posts"}],"about":[{"href":"https:\/\/www.polisrecreio.com.br\/site\/wp-json\/wp\/v2\/types\/post"}],"author":[{"embeddable":true,"href":"https:\/\/www.polisrecreio.com.br\/site\/wp-json\/wp\/v2\/users\/3"}],"replies":[{"embeddable":true,"href":"https:\/\/www.polisrecreio.com.br\/site\/wp-json\/wp\/v2\/comments?post=18423"}],"version-history":[{"count":1,"href":"https:\/\/www.polisrecreio.com.br\/site\/wp-json\/wp\/v2\/posts\/18423\/revisions"}],"predecessor-version":[{"id":18424,"href":"https:\/\/www.polisrecreio.com.br\/site\/wp-json\/wp\/v2\/posts\/18423\/revisions\/18424"}],"wp:attachment":[{"href":"https:\/\/www.polisrecreio.com.br\/site\/wp-json\/wp\/v2\/media?parent=18423"}],"wp:term":[{"taxonomy":"category","embeddable":true,"href":"https:\/\/www.polisrecreio.com.br\/site\/wp-json\/wp\/v2\/categories?post=18423"},{"taxonomy":"post_tag","embeddable":true,"href":"https:\/\/www.polisrecreio.com.br\/site\/wp-json\/wp\/v2\/tags?post=18423"}],"curies":[{"name":"wp","href":"https:\/\/api.w.org\/{rel}","templated":true}]}}